{"id":32025,"date":"2022-05-24T11:45:38","date_gmt":"2022-05-24T14:45:38","guid":{"rendered":"https:\/\/atecordoba.org\/?p=32025"},"modified":"2022-05-24T13:14:16","modified_gmt":"2022-05-24T16:14:16","slug":"ate-anac-logra-que-se-derogue-una-medida-de-macri-en-favor-de-las-low-cost-que-ponia-en-riesgo-la-seguridad-operacional-aerea","status":"publish","type":"post","link":"https:\/\/atecordoba.org\/?p=32025","title":{"rendered":"ATE ANAC logra que se derogue una medida de Macri en favor de las low cost que pon\u00eda en riesgo la seguridad operacional a\u00e9rea"},"content":{"rendered":"\n<div class=\"wp-block-image is-style-default\"><figure class=\"aligncenter size-full\"><img decoding=\"async\" src=\"https:\/\/atecordoba.org\/wp-content\/uploads\/2022\/05\/ANAC.jpg\" alt=\"\" class=\"wp-image-32029\" \/><\/figure><\/div>\n\n\n\n<p>Con la resoluci\u00f3n 269\/2022 que la Administraci\u00f3n Nacional de Aviaci\u00f3n Civil emiti\u00f3 el pasado 22 de mayo, Argentina recupera la jurisdicci\u00f3n para certificar los aviones que viene a operar en cielos argentinos, y que el gobierno de Mauricio Macri hab\u00eda dado de baja tomando como propias las resoluciones de potencias extranjeras para bajarle los costos financieros a las llamadas l\u00edneas a\u00e9reas <em>Low Cost<\/em>, que abundaron durante el r\u00e9gimen macrista.<\/p>\n\n\n\n<p>ATE ANAC se opuso desde un primer momento a la medida y estuvo reclamando a las autoridades su derogaci\u00f3n, tanto durante el gobierno anterior como en la gesti\u00f3n actual porque implicaba una sesi\u00f3n de soberan\u00eda y un riesgo para la seguridad operacional en los cielos nacionales, al ceder el control de certificaci\u00f3n sobre las firmas Boing (norteamericana), Embraer (brasilera) y Airbus (consorcio de la Uni\u00f3n Europera). <\/p>\n\n\n\n<p>&#8220;Hoy con el esfuerzo de las y los compa\u00f1eros, la lucha incansable de nuestra organizaci\u00f3n se logr\u00f3 el objetivo y estamos muy contentos. Siempre se dijo que si, que la resoluci\u00f3n estaba mal hecha y que hab\u00eda que derogarla&#8221;, explic\u00f3 el responsable del Departamento Nacionales del Consejo Directivo Provincial y trabajador del sector, Agust\u00edn Bertone.<\/p>\n\n\n\n<div class=\"wp-block-image is-style-default\"><figure class=\"alignleft size-full is-resized\"><img loading=\"lazy\" decoding=\"async\" src=\"https:\/\/atecordoba.org\/wp-content\/uploads\/2022\/05\/low-cost.jpg\" alt=\"\" class=\"wp-image-32028\" width=\"495\" height=\"266\" srcset=\"https:\/\/atecordoba.org\/wp-content\/uploads\/2022\/05\/low-cost.jpg 660w, https:\/\/atecordoba.org\/wp-content\/uploads\/2022\/05\/low-cost-300x161.jpg 300w\" sizes=\"auto, (max-width: 495px) 100vw, 495px\" \/><\/figure><\/div>\n\n\n\n<p>El dirigente relat\u00f3 que &#8220;en septiembre de 2018 la ANAC sac\u00f3 la resoluci\u00f3n 676\/18 estableciendo que las aeronaves de las marcas Boing, Airbus y Embraer, que operen en cielos argentinos y sean matriculadas para funcionar en Argentina, no iban a necesitar la certificaci\u00f3n nacional. Esa medida fue realizada en la gesti\u00f3n anterior para beneficiar a las l\u00edneas a\u00e9reas <em>low cost<\/em> para utilizar aviones no certificados en nuestro pa\u00eds, eximi\u00e9ndoles el gasto del proceso de certificaci\u00f3n de las aeronaves que no estaban registradas en territorio nacional&#8221;. <\/p>\n\n\n\n<p>&#8220;Luego de tres a\u00f1os y ocho meses logramos, por medio de la resoluci\u00f3n 269\/2022, que esa medida sea derogada para que los tres fabricantes vuelvan a ser certificados por la autoridad m\u00e1xima de aviaci\u00f3n civil en Argentina. Esta fue una lucha de ATE ANAC durante todo este tiempo, poni\u00e9ndolo sobre la mesa en cada oportunidad en que hablamos con Ejecutivo o el administrador a cargo&#8221;, a\u00f1adi\u00f3. <\/p>\n\n\n\n<p>Y concluy\u00f3 se\u00f1alando que &#8220;esto hace a la seguridad operacional de la aviaci\u00f3n civil en Argentina&#8221;.<\/p>\n\n\n\n<p>Vale se\u00f1alar que C\u00f3rdoba fue uno de los mayores centros operativos de las <em>low cost <\/em> en Argentina por iniciativa del entonces ministro de Turismo macrista, el cordob\u00e9s Gustavo Santos.<\/p>\n\n\n\n<figure class=\"wp-block-gallery has-nested-images columns-default is-cropped wp-block-gallery-1 is-layout-flex wp-block-gallery-is-layout-flex\">\n<figure class=\"wp-block-image size-large is-style-default\"><img loading=\"lazy\" decoding=\"async\" width=\"594\" height=\"1024\" data-id=\"32027\" src=\"https:\/\/atecordoba.org\/wp-content\/uploads\/2022\/05\/IMG-20220523-WA0022-594x1024.jpg\" alt=\"\" class=\"wp-image-32027\" srcset=\"https:\/\/atecordoba.org\/wp-content\/uploads\/2022\/05\/IMG-20220523-WA0022-594x1024.jpg 594w, https:\/\/atecordoba.org\/wp-content\/uploads\/2022\/05\/IMG-20220523-WA0022-174x300.jpg 174w, https:\/\/atecordoba.org\/wp-content\/uploads\/2022\/05\/IMG-20220523-WA0022.jpg 702w\" sizes=\"auto, (max-width: 594px) 100vw, 594px\" \/><\/figure>\n\n\n\n<figure class=\"wp-block-image size-large is-style-default\"><img loading=\"lazy\" decoding=\"async\" width=\"632\" height=\"1024\" data-id=\"32026\" src=\"https:\/\/atecordoba.org\/wp-content\/uploads\/2022\/05\/IMG-20220523-WA0023-632x1024.jpg\" alt=\"\" class=\"wp-image-32026\" srcset=\"https:\/\/atecordoba.org\/wp-content\/uploads\/2022\/05\/IMG-20220523-WA0023-632x1024.jpg 632w, https:\/\/atecordoba.org\/wp-content\/uploads\/2022\/05\/IMG-20220523-WA0023-185x300.jpg 185w, https:\/\/atecordoba.org\/wp-content\/uploads\/2022\/05\/IMG-20220523-WA0023.jpg 718w\" sizes=\"auto, (max-width: 632px) 100vw, 632px\" \/><\/figure>\n<\/figure>\n","protected":false},"excerpt":{"rendered":"<p>Con la resoluci\u00f3n 269\/2022 que la Administraci\u00f3n Nacional de Aviaci\u00f3n Civil emiti\u00f3 el pasado 22 de mayo, Argentina recupera la jurisdicci\u00f3n para certificar los aviones que viene a operar en cielos argentinos, y que el gobierno de Mauricio Macri hab\u00eda dado de baja tomando como propias las resoluciones de potencias extranjeras para bajarle los costos [&hellip;]<\/p>\n","protected":false},"author":7,"featured_media":32029,"comment_status":"open","ping_status":"open","sticky":false,"template":"","format":"standard","meta":{"_exactmetrics_skip_tracking":false,"_exactmetrics_sitenote_active":false,"_exactmetrics_sitenote_note":"","_exactmetrics_sitenote_category":0,"jnews-multi-image_gallery":[],"jnews_single_post":{"subtitle":"Argentina retoma la potestad para certificar las aeronaves de las empresas Boing, Embraer y Airbus que operan en el pa\u00eds. \"Fue una pelea de 3 a\u00f1os y ocho meses de ATE que finalmente dio sus frutos\", dijo Agust\u00edn Bertone, referente del sector..","format":"standard","video":"","gallery":"","source_name":"","source_url":"","via_name":"","via_url":"","override_template":"0","override":[{"template":"1","single_blog_custom":"","parallax":"1","fullscreen":"1","layout":"right-sidebar","sidebar":"default-sidebar","second_sidebar":"default-sidebar","sticky_sidebar":"1","share_position":"top","share_float_style":"share-monocrhome","show_share_counter":"1","show_view_counter":"1","show_featured":"1","show_post_meta":"1","show_post_author":"1","show_post_author_image":"1","show_post_date":"1","post_date_format":"default","post_date_format_custom":"Y\/m\/d","show_post_category":"1","show_post_reading_time":"0","post_reading_time_wpm":"300","show_zoom_button":"0","zoom_button_out_step":"2","zoom_button_in_step":"3","show_post_tag":"1","show_prev_next_post":"1","show_popup_post":"1","number_popup_post":"1","show_author_box":"0","show_post_related":"0","show_inline_post_related":"0"}],"override_image_size":"0","image_override":[{"single_post_thumbnail_size":"crop-500","single_post_gallery_size":"crop-500"}],"trending_post":"0","trending_post_position":"meta","trending_post_label":"Trending","sponsored_post":"0","sponsored_post_label":"Sponsored by","sponsored_post_name":"","sponsored_post_url":"","sponsored_post_logo_enable":"0","sponsored_post_logo":"","sponsored_post_desc":"","disable_ad":"0"},"jnews_primary_category":{"id":""},"jnews_social_meta":{"fb_title":"Nacionales: ATE ANAC logra que se derogue una medida de Macri en favor de las low cost que pon\u00eda en riesgo la seguridad operacional a\u00e9rea","fb_description":"","fb_image":"","twitter_title":"","twitter_description":"","twitter_image":""},"jnews_review":[],"enable_review":"0","type":"percentage","name":"","summary":"","brand":"","sku":"","good":[{"good_text":""}],"bad":[{"bad_text":""}],"score_override":"","override_value":"","rating":[{"rating_text":"","rating_number":"10"}],"price":[{"shop":"","price":"","link":"","icon":""}],"jnews_override_counter":{"override_view_counter":"0","view_counter_number":"0","override_share_counter":"0","share_counter_number":"0","override_like_counter":"0","like_counter_number":"0","override_dislike_counter":"0","dislike_counter_number":"0"},"jnews_post_split":{"enable_post_split":"0","post_split":[{"template":"1","tag":"h2","numbering":"asc","mode":"normal","first":"0","enable_toc":"0","toc_type":"normal"}]},"footnotes":""},"categories":[18],"tags":[33,1121],"class_list":["post-32025","post","type-post","status-publish","format-standard","has-post-thumbnail","hentry","category-nacionales","tag-anac","tag-low-cost"],"jetpack_featured_media_url":"https:\/\/atecordoba.org\/wp-content\/uploads\/2022\/05\/ANAC-e1653403532603.jpg","_links":{"self":[{"href":"https:\/\/atecordoba.org\/index.php?rest_route=\/wp\/v2\/posts\/32025","targetHints":{"allow":["GET"]}}],"collection":[{"href":"https:\/\/atecordoba.org\/index.php?rest_route=\/wp\/v2\/posts"}],"about":[{"href":"https:\/\/atecordoba.org\/index.php?rest_route=\/wp\/v2\/types\/post"}],"author":[{"embeddable":true,"href":"https:\/\/atecordoba.org\/index.php?rest_route=\/wp\/v2\/users\/7"}],"replies":[{"embeddable":true,"href":"https:\/\/atecordoba.org\/index.php?rest_route=%2Fwp%2Fv2%2Fcomments&post=32025"}],"version-history":[{"count":1,"href":"https:\/\/atecordoba.org\/index.php?rest_route=\/wp\/v2\/posts\/32025\/revisions"}],"predecessor-version":[{"id":32030,"href":"https:\/\/atecordoba.org\/index.php?rest_route=\/wp\/v2\/posts\/32025\/revisions\/32030"}],"wp:featuredmedia":[{"embeddable":true,"href":"https:\/\/atecordoba.org\/index.php?rest_route=\/wp\/v2\/media\/32029"}],"wp:attachment":[{"href":"https:\/\/atecordoba.org\/index.php?rest_route=%2Fwp%2Fv2%2Fmedia&parent=32025"}],"wp:term":[{"taxonomy":"category","embeddable":true,"href":"https:\/\/atecordoba.org\/index.php?rest_route=%2Fwp%2Fv2%2Fcategories&post=32025"},{"taxonomy":"post_tag","embeddable":true,"href":"https:\/\/atecordoba.org\/index.php?rest_route=%2Fwp%2Fv2%2Ftags&post=32025"}],"curies":[{"name":"wp","href":"https:\/\/api.w.org\/{rel}","templated":true}]}}