{"id":32016,"date":"2022-05-20T14:22:05","date_gmt":"2022-05-20T17:22:05","guid":{"rendered":"https:\/\/atecordoba.org\/?p=32016"},"modified":"2022-05-20T14:22:10","modified_gmt":"2022-05-20T17:22:10","slug":"eleccion-de-delegados-en-el-hospital-de-villa-dolores","status":"publish","type":"post","link":"https:\/\/atecordoba.org\/?p=32016","title":{"rendered":"Elecci\u00f3n de delegados en el Hospital de Villa Dolores"},"content":{"rendered":"\n<p><\/p>\n\n\n\n<div class=\"wp-block-image is-style-default\"><figure class=\"aligncenter size-large is-resized\"><img loading=\"lazy\" decoding=\"async\" src=\"https:\/\/atecordoba.org\/wp-content\/uploads\/2022\/05\/IMG-20220520-WA0052-1024x766.jpg\" alt=\"\" class=\"wp-image-32017\" width=\"768\" height=\"575\" \/><\/figure><\/div>\n\n\n\n<p>Con una importante afluencia de trabajadores y trabajadoras se desarrollo hoy la elecci\u00f3n de delegados y delegadas de ATE en el Hospital de Alta Complejidad de Villa Dolores, entidad dependiente del Estado provincial.<\/p>\n\n\n\n<p>El operativo electoral estuvo encabezado por el delegado regional de ATE Traslasierra, Hugo Galaburri, contando con el acompa\u00f1amiento de del secretario de Formaci\u00f3n del Consejo Directivo Provincial, C\u00e9sar Theaux, y del referente del Departamento de Salud Laboral, Javier Bracamonte.  <\/p>\n\n\n\n<p>De los seis delegados y delegadas propuestos, las y los compa\u00f1eros del sector consagrar\u00e1n cuatro representantes gremiales, que ejercer\u00e1n su mandato por los pr\u00f3ximos dos a\u00f1os. El martes pasado se llevaron a cabo elecciones en la Municipalidad de Villa Dolores. Ahora resta llevar a cabo la elecci\u00f3n de las y los delegados municipales en la localidad de La Paz.<\/p>\n\n\n\n<p>De est\u00e1 forma, ATE prosigue fortaleciendo la estructura organizativa de nuestro organizaci\u00f3n en Traslasierra. <\/p>\n\n\n\n<p><\/p>\n\n\n\n<figure class=\"wp-block-gallery has-nested-images columns-default is-cropped wp-block-gallery-1 is-layout-flex wp-block-gallery-is-layout-flex\">\n<figure class=\"wp-block-image size-large is-style-default\"><a href=\"https:\/\/atecordoba.org\/wp-content\/uploads\/2022\/05\/IMG-20220520-WA0035.jpg\"><img loading=\"lazy\" decoding=\"async\" width=\"1024\" height=\"766\" data-id=\"32023\" src=\"https:\/\/atecordoba.org\/wp-content\/uploads\/2022\/05\/IMG-20220520-WA0035-1024x766.jpg\" alt=\"\" class=\"wp-image-32023\" srcset=\"https:\/\/atecordoba.org\/wp-content\/uploads\/2022\/05\/IMG-20220520-WA0035-1024x766.jpg 1024w, https:\/\/atecordoba.org\/wp-content\/uploads\/2022\/05\/IMG-20220520-WA0035-300x225.jpg 300w, https:\/\/atecordoba.org\/wp-content\/uploads\/2022\/05\/IMG-20220520-WA0035-768x575.jpg 768w, https:\/\/atecordoba.org\/wp-content\/uploads\/2022\/05\/IMG-20220520-WA0035-750x561.jpg 750w, https:\/\/atecordoba.org\/wp-content\/uploads\/2022\/05\/IMG-20220520-WA0035-1140x853.jpg 1140w, https:\/\/atecordoba.org\/wp-content\/uploads\/2022\/05\/IMG-20220520-WA0035.jpg 1280w\" sizes=\"auto, (max-width: 1024px) 100vw, 1024px\" \/><\/a><\/figure>\n\n\n\n<figure class=\"wp-block-image size-large is-style-default\"><a href=\"https:\/\/atecordoba.org\/wp-content\/uploads\/2022\/05\/IMG-20220520-WA0037.jpg\"><img loading=\"lazy\" decoding=\"async\" width=\"1024\" height=\"766\" data-id=\"32019\" src=\"https:\/\/atecordoba.org\/wp-content\/uploads\/2022\/05\/IMG-20220520-WA0037-1024x766.jpg\" alt=\"\" class=\"wp-image-32019\" srcset=\"https:\/\/atecordoba.org\/wp-content\/uploads\/2022\/05\/IMG-20220520-WA0037-1024x766.jpg 1024w, https:\/\/atecordoba.org\/wp-content\/uploads\/2022\/05\/IMG-20220520-WA0037-300x225.jpg 300w, https:\/\/atecordoba.org\/wp-content\/uploads\/2022\/05\/IMG-20220520-WA0037-768x575.jpg 768w, https:\/\/atecordoba.org\/wp-content\/uploads\/2022\/05\/IMG-20220520-WA0037-750x561.jpg 750w, https:\/\/atecordoba.org\/wp-content\/uploads\/2022\/05\/IMG-20220520-WA0037-1140x853.jpg 1140w, https:\/\/atecordoba.org\/wp-content\/uploads\/2022\/05\/IMG-20220520-WA0037.jpg 1280w\" sizes=\"auto, (max-width: 1024px) 100vw, 1024px\" \/><\/a><\/figure>\n\n\n\n<figure class=\"wp-block-image size-large is-style-default\"><a href=\"https:\/\/atecordoba.org\/wp-content\/uploads\/2022\/05\/IMG-20220520-WA0043.jpg\"><img loading=\"lazy\" decoding=\"async\" width=\"1024\" height=\"766\" data-id=\"32018\" src=\"https:\/\/atecordoba.org\/wp-content\/uploads\/2022\/05\/IMG-20220520-WA0043-1024x766.jpg\" alt=\"\" class=\"wp-image-32018\" srcset=\"https:\/\/atecordoba.org\/wp-content\/uploads\/2022\/05\/IMG-20220520-WA0043-1024x766.jpg 1024w, https:\/\/atecordoba.org\/wp-content\/uploads\/2022\/05\/IMG-20220520-WA0043-300x225.jpg 300w, https:\/\/atecordoba.org\/wp-content\/uploads\/2022\/05\/IMG-20220520-WA0043-768x575.jpg 768w, https:\/\/atecordoba.org\/wp-content\/uploads\/2022\/05\/IMG-20220520-WA0043-750x561.jpg 750w, https:\/\/atecordoba.org\/wp-content\/uploads\/2022\/05\/IMG-20220520-WA0043-1140x853.jpg 1140w, https:\/\/atecordoba.org\/wp-content\/uploads\/2022\/05\/IMG-20220520-WA0043.jpg 1280w\" sizes=\"auto, (max-width: 1024px) 100vw, 1024px\" \/><\/a><\/figure>\n\n\n\n<figure class=\"wp-block-image size-large is-style-default\"><a href=\"https:\/\/atecordoba.org\/wp-content\/uploads\/2022\/05\/IMG-20220520-WA0046.jpg\"><img loading=\"lazy\" decoding=\"async\" width=\"1024\" height=\"766\" data-id=\"32020\" src=\"https:\/\/atecordoba.org\/wp-content\/uploads\/2022\/05\/IMG-20220520-WA0046-1024x766.jpg\" alt=\"\" class=\"wp-image-32020\" srcset=\"https:\/\/atecordoba.org\/wp-content\/uploads\/2022\/05\/IMG-20220520-WA0046-1024x766.jpg 1024w, https:\/\/atecordoba.org\/wp-content\/uploads\/2022\/05\/IMG-20220520-WA0046-300x225.jpg 300w, https:\/\/atecordoba.org\/wp-content\/uploads\/2022\/05\/IMG-20220520-WA0046-768x575.jpg 768w, https:\/\/atecordoba.org\/wp-content\/uploads\/2022\/05\/IMG-20220520-WA0046-750x561.jpg 750w, https:\/\/atecordoba.org\/wp-content\/uploads\/2022\/05\/IMG-20220520-WA0046-1140x853.jpg 1140w, https:\/\/atecordoba.org\/wp-content\/uploads\/2022\/05\/IMG-20220520-WA0046.jpg 1280w\" sizes=\"auto, (max-width: 1024px) 100vw, 1024px\" \/><\/a><\/figure>\n\n\n\n<figure class=\"wp-block-image size-large is-style-default\"><a href=\"https:\/\/atecordoba.org\/wp-content\/uploads\/2022\/05\/IMG-20220520-WA0047.jpg\"><img loading=\"lazy\" decoding=\"async\" width=\"1024\" height=\"766\" data-id=\"32021\" src=\"https:\/\/atecordoba.org\/wp-content\/uploads\/2022\/05\/IMG-20220520-WA0047-1024x766.jpg\" alt=\"\" class=\"wp-image-32021\" srcset=\"https:\/\/atecordoba.org\/wp-content\/uploads\/2022\/05\/IMG-20220520-WA0047-1024x766.jpg 1024w, https:\/\/atecordoba.org\/wp-content\/uploads\/2022\/05\/IMG-20220520-WA0047-300x225.jpg 300w, https:\/\/atecordoba.org\/wp-content\/uploads\/2022\/05\/IMG-20220520-WA0047-768x575.jpg 768w, https:\/\/atecordoba.org\/wp-content\/uploads\/2022\/05\/IMG-20220520-WA0047-750x561.jpg 750w, https:\/\/atecordoba.org\/wp-content\/uploads\/2022\/05\/IMG-20220520-WA0047-1140x853.jpg 1140w, https:\/\/atecordoba.org\/wp-content\/uploads\/2022\/05\/IMG-20220520-WA0047.jpg 1280w\" sizes=\"auto, (max-width: 1024px) 100vw, 1024px\" \/><\/a><\/figure>\n\n\n\n<figure class=\"wp-block-image size-large is-style-default\"><a href=\"https:\/\/atecordoba.org\/wp-content\/uploads\/2022\/05\/IMG-20220520-WA0048.jpg\"><img loading=\"lazy\" decoding=\"async\" width=\"1024\" height=\"766\" data-id=\"32022\" src=\"https:\/\/atecordoba.org\/wp-content\/uploads\/2022\/05\/IMG-20220520-WA0048-1024x766.jpg\" alt=\"\" class=\"wp-image-32022\" srcset=\"https:\/\/atecordoba.org\/wp-content\/uploads\/2022\/05\/IMG-20220520-WA0048-1024x766.jpg 1024w, https:\/\/atecordoba.org\/wp-content\/uploads\/2022\/05\/IMG-20220520-WA0048-300x225.jpg 300w, https:\/\/atecordoba.org\/wp-content\/uploads\/2022\/05\/IMG-20220520-WA0048-768x575.jpg 768w, https:\/\/atecordoba.org\/wp-content\/uploads\/2022\/05\/IMG-20220520-WA0048-750x561.jpg 750w, https:\/\/atecordoba.org\/wp-content\/uploads\/2022\/05\/IMG-20220520-WA0048-1140x853.jpg 1140w, https:\/\/atecordoba.org\/wp-content\/uploads\/2022\/05\/IMG-20220520-WA0048.jpg 1280w\" sizes=\"auto, (max-width: 1024px) 100vw, 1024px\" \/><\/a><\/figure>\n<\/figure>\n","protected":false},"excerpt":{"rendered":"<p>Con una importante afluencia de trabajadores y trabajadoras se desarrollo hoy la elecci\u00f3n de delegados y delegadas de ATE en el Hospital de Alta Complejidad de Villa Dolores, entidad dependiente del Estado provincial. El operativo electoral estuvo encabezado por el delegado regional de ATE Traslasierra, Hugo Galaburri, contando con el acompa\u00f1amiento de del secretario de [&hellip;]<\/p>\n","protected":false},"author":7,"featured_media":32017,"comment_status":"open","ping_status":"open","sticky":false,"template":"","format":"standard","meta":{"_exactmetrics_skip_tracking":false,"_exactmetrics_sitenote_active":false,"_exactmetrics_sitenote_note":"","_exactmetrics_sitenote_category":0,"jnews-multi-image_gallery":[],"jnews_single_post":{"subtitle":"ATE prosigue fortaleciendo su estructura organizativa en Traslasierra. ","format":"standard","video":"","gallery":"","source_name":"","source_url":"","via_name":"","via_url":"","override_template":"0","override":[{"template":"1","single_blog_custom":"","parallax":"1","fullscreen":"1","layout":"right-sidebar","sidebar":"default-sidebar","second_sidebar":"default-sidebar","sticky_sidebar":"1","share_position":"top","share_float_style":"share-monocrhome","show_share_counter":"1","show_view_counter":"1","show_featured":"1","show_post_meta":"1","show_post_author":"1","show_post_author_image":"1","show_post_date":"1","post_date_format":"default","post_date_format_custom":"Y\/m\/d","show_post_category":"1","show_post_reading_time":"0","post_reading_time_wpm":"300","show_zoom_button":"0","zoom_button_out_step":"2","zoom_button_in_step":"3","show_post_tag":"1","show_prev_next_post":"1","show_popup_post":"1","number_popup_post":"1","show_author_box":"0","show_post_related":"0","show_inline_post_related":"0"}],"override_image_size":"0","image_override":[{"single_post_thumbnail_size":"crop-500","single_post_gallery_size":"crop-500"}],"trending_post":"0","trending_post_position":"meta","trending_post_label":"Trending","sponsored_post":"0","sponsored_post_label":"Sponsored by","sponsored_post_name":"","sponsored_post_url":"","sponsored_post_logo_enable":"0","sponsored_post_logo":"","sponsored_post_desc":"","disable_ad":"0"},"jnews_primary_category":{"id":""},"jnews_social_meta":{"fb_title":"Provinciales: Elecci\u00f3n de delegados en el Hospital de Villa Dolores","fb_description":"","fb_image":"","twitter_title":"","twitter_description":"","twitter_image":""},"jnews_review":[],"enable_review":"0","type":"percentage","name":"","summary":"","brand":"","sku":"","good":[{"good_text":""}],"bad":[{"bad_text":""}],"score_override":"","override_value":"","rating":[{"rating_text":"","rating_number":"10"}],"price":[{"shop":"","price":"","link":"","icon":""}],"jnews_override_counter":{"override_view_counter":"0","view_counter_number":"0","override_share_counter":"0","share_counter_number":"0","override_like_counter":"0","like_counter_number":"0","override_dislike_counter":"0","dislike_counter_number":"0"},"jnews_post_split":{"enable_post_split":"0","post_split":[{"template":"1","tag":"h2","numbering":"asc","mode":"normal","first":"0","enable_toc":"0","toc_type":"normal"}]},"footnotes":""},"categories":[8],"tags":[929,1120],"class_list":["post-32016","post","type-post","status-publish","format-standard","has-post-thumbnail","hentry","category-provinciales","tag-ate-traslasierra","tag-hospital-villa-dolores"],"jetpack_featured_media_url":"https:\/\/atecordoba.org\/wp-content\/uploads\/2022\/05\/IMG-20220520-WA0052-e1653067066213.jpg","_links":{"self":[{"href":"https:\/\/atecordoba.org\/index.php?rest_route=\/wp\/v2\/posts\/32016","targetHints":{"allow":["GET"]}}],"collection":[{"href":"https:\/\/atecordoba.org\/index.php?rest_route=\/wp\/v2\/posts"}],"about":[{"href":"https:\/\/atecordoba.org\/index.php?rest_route=\/wp\/v2\/types\/post"}],"author":[{"embeddable":true,"href":"https:\/\/atecordoba.org\/index.php?rest_route=\/wp\/v2\/users\/7"}],"replies":[{"embeddable":true,"href":"https:\/\/atecordoba.org\/index.php?rest_route=%2Fwp%2Fv2%2Fcomments&post=32016"}],"version-history":[{"count":1,"href":"https:\/\/atecordoba.org\/index.php?rest_route=\/wp\/v2\/posts\/32016\/revisions"}],"predecessor-version":[{"id":32024,"href":"https:\/\/atecordoba.org\/index.php?rest_route=\/wp\/v2\/posts\/32016\/revisions\/32024"}],"wp:featuredmedia":[{"embeddable":true,"href":"https:\/\/atecordoba.org\/index.php?rest_route=\/wp\/v2\/media\/32017"}],"wp:attachment":[{"href":"https:\/\/atecordoba.org\/index.php?rest_route=%2Fwp%2Fv2%2Fmedia&parent=32016"}],"wp:term":[{"taxonomy":"category","embeddable":true,"href":"https:\/\/atecordoba.org\/index.php?rest_route=%2Fwp%2Fv2%2Fcategories&post=32016"},{"taxonomy":"post_tag","embeddable":true,"href":"https:\/\/atecordoba.org\/index.php?rest_route=%2Fwp%2Fv2%2Ftags&post=32016"}],"curies":[{"name":"wp","href":"https:\/\/api.w.org\/{rel}","templated":true}]}}