{"id":32004,"date":"2022-05-19T15:14:14","date_gmt":"2022-05-19T18:14:14","guid":{"rendered":"https:\/\/atecordoba.org\/?p=32004"},"modified":"2022-05-20T10:25:10","modified_gmt":"2022-05-20T13:25:10","slug":"cabildo-abierto-el-pueblo-trabajador-necesita-muchas-respuestas-del-poder","status":"publish","type":"post","link":"https:\/\/atecordoba.org\/?p=32004","title":{"rendered":"Cabildo Abierto: &#8220;el pueblo trabajador necesita muchas respuestas del poder&#8221;"},"content":{"rendered":"\n<div class=\"wp-block-image is-style-default\"><figure class=\"aligncenter size-full is-resized\"><img loading=\"lazy\" decoding=\"async\" src=\"https:\/\/atecordoba.org\/wp-content\/uploads\/2022\/05\/flyer_cabildoabierto.jpeg\" alt=\"\" class=\"wp-image-32005\" width=\"750\" height=\"750\" \/><\/figure><\/div>\n\n\n\n<p>En una entrevista que cedi\u00f3 al programa radial &#8216;Entre todos y todas&#8217;, que la Secretar\u00eda de Prensa de ATE C\u00f3rdoba emite cada martes a las 18 horas por Gen FM 107.5, nuestro secretario General, Federico Giuliani, convoc\u00f3 a participar del Cabildo Abierto que el Consejo Directivo Provincial realizar\u00e1 el pr\u00f3ximo 24 de mayo, en el marco del paro provincial de ATE. <\/p>\n\n\n\n<p>Giuliani manifest\u00f3 que las demandas de los estatales en particular y del pueblo trabajador en general no pueden esperar a los tiempos de los pol\u00edticos, en medio de una escalada inflacionaria de destruye el bolsillo de las familias. <\/p>\n\n\n\n<div class=\"wp-block-image is-style-default\"><figure class=\"alignright size-large is-resized\"><img loading=\"lazy\" decoding=\"async\" src=\"https:\/\/atecordoba.org\/wp-content\/uploads\/2022\/05\/federico-3-1024x682.jpeg\" alt=\"\" class=\"wp-image-32006\" width=\"512\" height=\"341\" srcset=\"https:\/\/atecordoba.org\/wp-content\/uploads\/2022\/05\/federico-3-1024x682.jpeg 1024w, https:\/\/atecordoba.org\/wp-content\/uploads\/2022\/05\/federico-3-300x200.jpeg 300w, https:\/\/atecordoba.org\/wp-content\/uploads\/2022\/05\/federico-3-768x512.jpeg 768w, https:\/\/atecordoba.org\/wp-content\/uploads\/2022\/05\/federico-3-750x500.jpeg 750w, https:\/\/atecordoba.org\/wp-content\/uploads\/2022\/05\/federico-3-1140x760.jpeg 1140w, https:\/\/atecordoba.org\/wp-content\/uploads\/2022\/05\/federico-3.jpeg 1280w\" sizes=\"auto, (max-width: 512px) 100vw, 512px\" \/><\/figure><\/div>\n\n\n\n<p>&#8220;En t\u00e9rminos pol\u00edticos-hist\u00f3ricos el Cabildo Abierto es una apelaci\u00f3n a una pelea que comenz\u00f3 en 1810, donde la causa de la liberaci\u00f3n confront\u00f3 con la dominaci\u00f3n imperial. Creemos que esa discusi\u00f3n no est\u00e1 saldada. Desde lo simb\u00f3lico la convocatoria se relaciona con la consigna \u2018el pueblo quiere saber\u2019, esa gran asamblea popular que se hizo frente al Cabildo de Buenos Aires. Hoy tambi\u00e9n hay muchos interrogantes para conocer sobre el pago al FMI que acord\u00f3 el gobierno nacional, sobre las paritarias de los estatales, los pases a planta permanente, c\u00f3mo va a terminar el hambre en Argentina&#8221;, dijo el dirigente.<\/p>\n\n\n\n<p>Adem\u00e1s agreg\u00f3 que &#8220;a nivel provincial queremos saber qu\u00e9 va a hacer Schiaretti con los gremios privados se la CTA que no recibe, con un rol nefasto que lleva adelante su Ministerio de Trabajo de C\u00f3rdoba, sin atender a nuestro sindicato y jugando para la patronal directamente; qu\u00e9 va a hacer con la contenci\u00f3n social en las barriadas populares donde la FENAT tiene trabajo y hoy no llega la ayuda estatal de la provincia&#8221;.<\/p>\n\n\n\n<p><strong>A\u00f1o de lucha<\/strong><\/p>\n\n\n\n<p>As\u00ed, Giuliani explic\u00f3 que &#8220;arrancamos este 2022 como terminamos 2021, en la lucha que s donde tienen que estar las y los dirigentes, al lado de la clase trabajadora. En el Congreso Extraordinario de ATE, el 29 de abril en San Francisco, se defini\u00f3 una jornada provincial de lucha de nuestro sindicato, originalmente iba a ser el 26 de mayo, pero luego cambiamos la fecha para el 24 de mayo porque la CTA defini\u00f3 a nivel nacional hace pocos d\u00edas una jornada de protesta para ese martes y nos pareci\u00f3 importante unificar la pelea. En definitiva, los pliegos reivindicativos son los mismos&#8221;.<\/p>\n\n\n\n<div class=\"wp-block-image is-style-default\"><figure class=\"alignleft size-full is-resized\"><img loading=\"lazy\" decoding=\"async\" src=\"https:\/\/atecordoba.org\/wp-content\/uploads\/2022\/05\/federico-entrevista-1.jpg\" alt=\"\" class=\"wp-image-32007\" width=\"472\" height=\"236\" srcset=\"https:\/\/atecordoba.org\/wp-content\/uploads\/2022\/05\/federico-entrevista-1.jpg 944w, https:\/\/atecordoba.org\/wp-content\/uploads\/2022\/05\/federico-entrevista-1-300x150.jpg 300w, https:\/\/atecordoba.org\/wp-content\/uploads\/2022\/05\/federico-entrevista-1-768x384.jpg 768w, https:\/\/atecordoba.org\/wp-content\/uploads\/2022\/05\/federico-entrevista-1-360x180.jpg 360w, https:\/\/atecordoba.org\/wp-content\/uploads\/2022\/05\/federico-entrevista-1-750x375.jpg 750w\" sizes=\"auto, (max-width: 472px) 100vw, 472px\" \/><\/figure><\/div>\n\n\n\n<p>&#8220;Lo destacable es que logramos ampliar la jornada de lucha con el aporte de la CTA C\u00f3rdoba a trav\u00e9s de la FENAT, que es nuestra organizaci\u00f3n territorial. Venimos de un plenario de organismos nacionales que ratific\u00f3 esa jornada de protesta. Ese rumbo continu\u00f3 el martes pasado con una movilizaci\u00f3n al Ministerio de Trabajo de los sectores Civiles de las FFAA, pidiendo la reapertura del convenio colectivo sectorial y donde se plantea una pelea central, no solo el aumento del 70% para la paritaria nacional, sino tambi\u00e9n exigir los pases a planta permanente y denunciar la incorporaci\u00f3n de soldados voluntarios a las actividades de los civiles, ocupando las vacantes vegetativas. Esto genera claramente una situaci\u00f3n grave cuando personal militar ocupa cargos que corresponden a trabajadores y trabajadoras civiles&#8221;, afirm\u00f3.<\/p>\n\n\n\n<p><strong>Homenaje<\/strong><\/p>\n\n\n\n<p>La referencia hist\u00f3rica es una de las claves sobre la convocatoria para protagonizar la protesta de la semana entrante. <\/p>\n\n\n\n<p>En ese sentido, Federico Giuliani alent\u00f3 a participar con la mirada en el presente, pero atentos a la memoria hist\u00f3rica que marca el rumbo. &#8220;Nuestra idea es que sea un homenaje al Cordobazo y lo enmarcamos en el aniversario del primer paro nacional que convoc\u00f3 la CTA en 2002 cuando, poscrisis del 2001 la Central convoc\u00f3 por primera vez a un paro nacional con una respuesta contundente. Queremos recordarlo en la lucha, en la calle, con esta jornada de paro que realizar\u00e1 ATE, pero tambi\u00e9n de lucha que lleva adelante nuestra Central&#8221;, concluy\u00f3. <\/p>\n\n\n\n<p><\/p>\n","protected":false},"excerpt":{"rendered":"<p>En una entrevista que cedi\u00f3 al programa radial &#8216;Entre todos y todas&#8217;, que la Secretar\u00eda de Prensa de ATE C\u00f3rdoba emite cada martes a las 18 horas por Gen FM 107.5, nuestro secretario General, Federico Giuliani, convoc\u00f3 a participar del Cabildo Abierto que el Consejo Directivo Provincial realizar\u00e1 el pr\u00f3ximo 24 de mayo, en el [&hellip;]<\/p>\n","protected":false},"author":7,"featured_media":32005,"comment_status":"open","ping_status":"open","sticky":false,"template":"","format":"standard","meta":{"_exactmetrics_skip_tracking":false,"_exactmetrics_sitenote_active":false,"_exactmetrics_sitenote_note":"","_exactmetrics_sitenote_category":0,"jnews-multi-image_gallery":[],"jnews_single_post":{"subtitle":"Lo dijo el secretario General de ATE C\u00f3rdoba Federico Giuliani en la convocatoria al paro provincial de ATE del pr\u00f3ximo 24 de mayo, que ser\u00e1 paro nacional de la CTA al mismo tiempo y jornada de lucha provincial de la CTA C\u00f3rdoba.","format":"standard","video":"","gallery":"","source_name":"","source_url":"","via_name":"","via_url":"","override_template":"0","override":[{"template":"1","single_blog_custom":"","parallax":"1","fullscreen":"1","layout":"right-sidebar","sidebar":"default-sidebar","second_sidebar":"default-sidebar","sticky_sidebar":"1","share_position":"top","share_float_style":"share-monocrhome","show_share_counter":"1","show_view_counter":"1","show_featured":"1","show_post_meta":"1","show_post_author":"1","show_post_author_image":"1","show_post_date":"1","post_date_format":"default","post_date_format_custom":"Y\/m\/d","show_post_category":"1","show_post_reading_time":"0","post_reading_time_wpm":"300","show_zoom_button":"0","zoom_button_out_step":"2","zoom_button_in_step":"3","show_post_tag":"1","show_prev_next_post":"1","show_popup_post":"1","number_popup_post":"1","show_author_box":"0","show_post_related":"0","show_inline_post_related":"0"}],"override_image_size":"0","image_override":[{"single_post_thumbnail_size":"crop-500","single_post_gallery_size":"crop-500"}],"trending_post":"0","trending_post_position":"meta","trending_post_label":"Trending","sponsored_post":"0","sponsored_post_label":"Sponsored by","sponsored_post_name":"","sponsored_post_url":"","sponsored_post_logo_enable":"0","sponsored_post_logo":"","sponsored_post_desc":"","disable_ad":"0"},"jnews_primary_category":{"id":""},"jnews_social_meta":{"fb_title":"Cabildo Abierto, paro provincial y jornada de lucha: \"el pueblo trabajador necesita muchas respuestas del poder\"","fb_description":"","fb_image":"","twitter_title":"","twitter_description":"","twitter_image":""},"jnews_review":[],"enable_review":"0","type":"percentage","name":"","summary":"","brand":"","sku":"","good":[{"good_text":""}],"bad":[{"bad_text":""}],"score_override":"","override_value":"","rating":[{"rating_text":"","rating_number":"10"}],"price":[{"shop":"","price":"","link":"","icon":""}],"jnews_override_counter":{"override_view_counter":"0","view_counter_number":"0","override_share_counter":"0","share_counter_number":"0","override_like_counter":"0","like_counter_number":"0","override_dislike_counter":"0","dislike_counter_number":"0"},"jnews_post_split":{"enable_post_split":"0","post_split":[{"template":"1","tag":"h2","numbering":"asc","mode":"normal","first":"0","enable_toc":"0","toc_type":"normal"}]},"footnotes":""},"categories":[341],"tags":[],"class_list":["post-32004","post","type-post","status-publish","format-standard","has-post-thumbnail","hentry","category-cdp"],"jetpack_featured_media_url":"https:\/\/atecordoba.org\/wp-content\/uploads\/2022\/05\/flyer_cabildoabierto-e1652984025474.jpeg","_links":{"self":[{"href":"https:\/\/atecordoba.org\/index.php?rest_route=\/wp\/v2\/posts\/32004","targetHints":{"allow":["GET"]}}],"collection":[{"href":"https:\/\/atecordoba.org\/index.php?rest_route=\/wp\/v2\/posts"}],"about":[{"href":"https:\/\/atecordoba.org\/index.php?rest_route=\/wp\/v2\/types\/post"}],"author":[{"embeddable":true,"href":"https:\/\/atecordoba.org\/index.php?rest_route=\/wp\/v2\/users\/7"}],"replies":[{"embeddable":true,"href":"https:\/\/atecordoba.org\/index.php?rest_route=%2Fwp%2Fv2%2Fcomments&post=32004"}],"version-history":[{"count":2,"href":"https:\/\/atecordoba.org\/index.php?rest_route=\/wp\/v2\/posts\/32004\/revisions"}],"predecessor-version":[{"id":32015,"href":"https:\/\/atecordoba.org\/index.php?rest_route=\/wp\/v2\/posts\/32004\/revisions\/32015"}],"wp:featuredmedia":[{"embeddable":true,"href":"https:\/\/atecordoba.org\/index.php?rest_route=\/wp\/v2\/media\/32005"}],"wp:attachment":[{"href":"https:\/\/atecordoba.org\/index.php?rest_route=%2Fwp%2Fv2%2Fmedia&parent=32004"}],"wp:term":[{"taxonomy":"category","embeddable":true,"href":"https:\/\/atecordoba.org\/index.php?rest_route=%2Fwp%2Fv2%2Fcategories&post=32004"},{"taxonomy":"post_tag","embeddable":true,"href":"https:\/\/atecordoba.org\/index.php?rest_route=%2Fwp%2Fv2%2Ftags&post=32004"}],"curies":[{"name":"wp","href":"https:\/\/api.w.org\/{rel}","templated":true}]}}