{"id":32000,"date":"2022-05-19T14:16:28","date_gmt":"2022-05-19T17:16:28","guid":{"rendered":"https:\/\/atecordoba.org\/?p=32000"},"modified":"2022-05-19T14:17:18","modified_gmt":"2022-05-19T17:17:18","slug":"una-cordobesa-muestra-en-ate-cordoba-su-documental-sobre-la-guerra-de-siria-con-fuertes-registros-directos-de-la-poblacion-civil","status":"publish","type":"post","link":"https:\/\/atecordoba.org\/?p=32000","title":{"rendered":"Una cordobesa muestra en ATE C\u00f3rdoba su documental sobre la Guerra de Siria con fuertes registros directos de la poblaci\u00f3n civil"},"content":{"rendered":"\n<div class=\"wp-block-image is-style-default\"><figure class=\"aligncenter size-large is-resized\"><img loading=\"lazy\" decoding=\"async\" src=\"https:\/\/atecordoba.org\/wp-content\/uploads\/2022\/05\/flyer-documental-sobre-Siria-1024x819.jpg\" alt=\"\" class=\"wp-image-32001\" width=\"768\" height=\"614\" srcset=\"https:\/\/atecordoba.org\/wp-content\/uploads\/2022\/05\/flyer-documental-sobre-Siria-1024x819.jpg 1024w, https:\/\/atecordoba.org\/wp-content\/uploads\/2022\/05\/flyer-documental-sobre-Siria-300x240.jpg 300w, https:\/\/atecordoba.org\/wp-content\/uploads\/2022\/05\/flyer-documental-sobre-Siria-768x614.jpg 768w, https:\/\/atecordoba.org\/wp-content\/uploads\/2022\/05\/flyer-documental-sobre-Siria-750x600.jpg 750w, https:\/\/atecordoba.org\/wp-content\/uploads\/2022\/05\/flyer-documental-sobre-Siria-1140x912.jpg 1140w, https:\/\/atecordoba.org\/wp-content\/uploads\/2022\/05\/flyer-documental-sobre-Siria.jpg 1280w\" sizes=\"auto, (max-width: 768px) 100vw, 768px\" \/><\/figure><\/div>\n\n\n\n<p>Ma\u00f1ana viernes, a las 19 horas, se proyectar\u00e1 en el auditorio H\u00e9ctor La Perra Castro de ATE C\u00f3rdoba el documental &#8220;Por amor a Siria, Historias de la Resistencia&#8221;. <\/p>\n\n\n\n<p>La entrada es libre y gratuita y en la oportunidad se realizar\u00e1 una charla debate posterior, con la participaci\u00f3n del periodista especialista en temas internacionales Mariano Saravia y la presencia de la directora del documental, Susana Oviedo. <\/p>\n\n\n\n<p>En base a numerosas entrevistas realizadas a personas -fundamentalmente mujeres- de diversos oficios y condici\u00f3n social a lo largo y ancho de Siria se  compone este relato que pretende mostrar la otra cara de este conflicto, impuesto desde el exterior, tras diez a\u00f1os de guerra. <\/p>\n\n\n\n<p>El documental da cuenta de c\u00f3mo el conflicto afect\u00f3 la vida cotidiana de este pueblo, donde conviven armoniosamente diferentes etnias y religiones, en un pa\u00eds que garantiza salud y educaci\u00f3n a toda la poblaci\u00f3n y que acoge con los mismos derechos a exiliados y extranjeros. <\/p>\n\n\n\n<p>&#8220;Nuestro objetivo fue informar al p\u00fablico sobre esta realidad en la voz de algunas\/os de sus protagonistas elegidos al azar, informaci\u00f3n que los medios comunicaci\u00f3n ocultan porque, a pesar de la destrucci\u00f3n y de la terrible p\u00e9rdida de vidas humanas, hay un pueblo que resiste y ama a su pa\u00eds&#8221;, manifest\u00f3 su Directora.<\/p>\n\n\n\n<p>La sede de ATE C\u00f3rdoba se encuentra en calle Entre R\u00edos 450. Organiza el Departamento de ATE Culturas, que dirige Mart\u00edn Cagnani.<\/p>\n\n\n\n<p><\/p>\n","protected":false},"excerpt":{"rendered":"<p>Ma\u00f1ana viernes, a las 19 horas, se proyectar\u00e1 en el auditorio H\u00e9ctor La Perra Castro de ATE C\u00f3rdoba el documental &#8220;Por amor a Siria, Historias de la Resistencia&#8221;. La entrada es libre y gratuita y en la oportunidad se realizar\u00e1 una charla debate posterior, con la participaci\u00f3n del periodista especialista en temas internacionales Mariano Saravia [&hellip;]<\/p>\n","protected":false},"author":7,"featured_media":32002,"comment_status":"open","ping_status":"open","sticky":false,"template":"","format":"standard","meta":{"_exactmetrics_skip_tracking":false,"_exactmetrics_sitenote_active":false,"_exactmetrics_sitenote_note":"","_exactmetrics_sitenote_category":0,"jnews-multi-image_gallery":[],"jnews_single_post":{"subtitle":"El trabajo da cuenta de c\u00f3mo el conflicto afect\u00f3 la vida cotidiana de este pueblo, donde conviven armoniosamente diferentes etnias y religiones, en un pa\u00eds que garantiza salud y educaci\u00f3n a toda la poblaci\u00f3n y que acoge con los mismos derechos a exiliados y extranjeros. ","format":"standard","video":"","gallery":"","source_name":"","source_url":"","via_name":"","via_url":"","override_template":"0","override":[{"template":"1","single_blog_custom":"","parallax":"1","fullscreen":"1","layout":"right-sidebar","sidebar":"default-sidebar","second_sidebar":"default-sidebar","sticky_sidebar":"1","share_position":"top","share_float_style":"share-monocrhome","show_share_counter":"1","show_view_counter":"1","show_featured":"1","show_post_meta":"1","show_post_author":"1","show_post_author_image":"1","show_post_date":"1","post_date_format":"default","post_date_format_custom":"Y\/m\/d","show_post_category":"1","show_post_reading_time":"0","post_reading_time_wpm":"300","show_zoom_button":"0","zoom_button_out_step":"2","zoom_button_in_step":"3","show_post_tag":"1","show_prev_next_post":"1","show_popup_post":"1","number_popup_post":"1","show_author_box":"0","show_post_related":"0","show_inline_post_related":"0"}],"override_image_size":"0","image_override":[{"single_post_thumbnail_size":"crop-500","single_post_gallery_size":"crop-500"}],"trending_post":"0","trending_post_position":"meta","trending_post_label":"Trending","sponsored_post":"0","sponsored_post_label":"Sponsored by","sponsored_post_name":"","sponsored_post_url":"","sponsored_post_logo_enable":"0","sponsored_post_logo":"","sponsored_post_desc":"","disable_ad":"0"},"jnews_primary_category":{"id":""},"jnews_social_meta":{"fb_title":"Culturas: una cordobesa muestra en ATE C\u00f3rdoba su documental sobre la Guerra de Siria con fuertes registros directos de la poblaci\u00f3n civil","fb_description":"","fb_image":"","twitter_title":"","twitter_description":"","twitter_image":""},"jnews_review":[],"enable_review":"0","type":"percentage","name":"","summary":"","brand":"","sku":"","good":[{"good_text":""}],"bad":[{"bad_text":""}],"score_override":"","override_value":"","rating":[{"rating_text":"","rating_number":"10"}],"price":[{"shop":"","price":"","link":"","icon":""}],"jnews_override_counter":{"override_view_counter":"0","view_counter_number":"0","override_share_counter":"0","share_counter_number":"0","override_like_counter":"0","like_counter_number":"0","override_dislike_counter":"0","dislike_counter_number":"0"},"jnews_post_split":{"enable_post_split":"0","post_split":[{"template":"1","tag":"h2","numbering":"asc","mode":"normal","first":"0","enable_toc":"0","toc_type":"normal"}]},"footnotes":""},"categories":[972],"tags":[1118],"class_list":["post-32000","post","type-post","status-publish","format-standard","has-post-thumbnail","hentry","category-culturas","tag-documental-siria"],"jetpack_featured_media_url":"https:\/\/atecordoba.org\/wp-content\/uploads\/2022\/05\/flyerdocumental_Siria-e1652980579789.jpg","_links":{"self":[{"href":"https:\/\/atecordoba.org\/index.php?rest_route=\/wp\/v2\/posts\/32000","targetHints":{"allow":["GET"]}}],"collection":[{"href":"https:\/\/atecordoba.org\/index.php?rest_route=\/wp\/v2\/posts"}],"about":[{"href":"https:\/\/atecordoba.org\/index.php?rest_route=\/wp\/v2\/types\/post"}],"author":[{"embeddable":true,"href":"https:\/\/atecordoba.org\/index.php?rest_route=\/wp\/v2\/users\/7"}],"replies":[{"embeddable":true,"href":"https:\/\/atecordoba.org\/index.php?rest_route=%2Fwp%2Fv2%2Fcomments&post=32000"}],"version-history":[{"count":1,"href":"https:\/\/atecordoba.org\/index.php?rest_route=\/wp\/v2\/posts\/32000\/revisions"}],"predecessor-version":[{"id":32003,"href":"https:\/\/atecordoba.org\/index.php?rest_route=\/wp\/v2\/posts\/32000\/revisions\/32003"}],"wp:featuredmedia":[{"embeddable":true,"href":"https:\/\/atecordoba.org\/index.php?rest_route=\/wp\/v2\/media\/32002"}],"wp:attachment":[{"href":"https:\/\/atecordoba.org\/index.php?rest_route=%2Fwp%2Fv2%2Fmedia&parent=32000"}],"wp:term":[{"taxonomy":"category","embeddable":true,"href":"https:\/\/atecordoba.org\/index.php?rest_route=%2Fwp%2Fv2%2Fcategories&post=32000"},{"taxonomy":"post_tag","embeddable":true,"href":"https:\/\/atecordoba.org\/index.php?rest_route=%2Fwp%2Fv2%2Ftags&post=32000"}],"curies":[{"name":"wp","href":"https:\/\/api.w.org\/{rel}","templated":true}]}}