{"id":32,"date":"2011-11-23T12:47:05","date_gmt":"2011-11-23T15:47:05","guid":{"rendered":"http:\/\/www.atecordoba.org\/?p=32"},"modified":"2011-11-23T12:47:05","modified_gmt":"2011-11-23T15:47:05","slug":"continua-el-estado-de-asamblea-permanente-en-salud","status":"publish","type":"post","link":"https:\/\/atecordoba.org\/?p=32","title":{"rendered":"Contin\u00faa el estado de asamblea permanente en salud"},"content":{"rendered":"<p><strong>Ante la notoria falta de respuestas del gobierno provincial a los reclamos salariales de los trabajadores de la salud provincial, frente a la inconducencia de las reuniones de funcionarios con diversos referentes respecto a las causas que originaron un conflicto, ATE rarifica el estado de asamblea permanente en los hospitales p\u00fablicos provinciales.<\/strong><\/p>\n<div>\n<p>Est\u00e1 claro a esta altura que la conciliaci\u00f3n obligatoria s\u00f3lo favorece a un gobierno que busca desesperadamente llegar al 10 de diciembre para traspasar el mando institucional, lo que conducir\u00eda a una negociaci\u00f3n salarial para el 2012.<\/p>\n<p>Pero los trabajadores sabemos que nos espera, ya que el propio gobierno adent\u00f3 en su presupuesto que la pauta salarial para todo el a\u00f1o que viene no superar\u00e1 el 12%, conformando una nueva estafa a nuestras reivindicaciones.<\/p>\n<p>La coyuntura exige el esclarecimiento a los trabajadores, para desalentar falsas esperanzas en un supuesto di\u00e1logo que s\u00f3lo resulta conveniente al gobierno y sus aliados.<\/p>\n<p>Por $6000 de b\u00e1sico para la categor\u00eda inicial para todos los agrupamientos, por nombramientos por concurso y pase a planta permanente de todos los precarizados, por el fin de la explotaci\u00f3n de los residentes.<\/p>\n<p>Mar\u00eda Teresa Romero<\/p>\n<p>Secretaria General<\/p>\n<p>ATE C\u00f3rdoba<\/p>\n<\/div>\n","protected":false},"excerpt":{"rendered":"<p>Ante la notoria falta de respuestas del gobierno provincial a los reclamos salariales de los trabajadores de la salud provincial, frente a la inconducencia de las reuniones de funcionarios con diversos referentes respecto a las causas que originaron un conflicto, ATE rarifica el estado de asamblea permanente en los hospitales p\u00fablicos provinciales. Est\u00e1 claro a [&hellip;]<\/p>\n","protected":false},"author":1,"featured_media":19220,"comment_status":"open","ping_status":"open","sticky":false,"template":"","format":"standard","meta":{"_exactmetrics_skip_tracking":false,"_exactmetrics_sitenote_active":false,"_exactmetrics_sitenote_note":"","_exactmetrics_sitenote_category":0,"jnews-multi-image_gallery":[],"jnews_single_post":[],"jnews_primary_category":[],"jnews_social_meta":[],"jnews_review":[],"enable_review":"","type":"","name":"","summary":"","brand":"","sku":"","good":[],"bad":[],"score_override":"","override_value":"","rating":[],"price":[],"jnews_override_counter":[],"jnews_post_split":[],"footnotes":""},"categories":[53],"tags":[54],"class_list":["post-32","post","type-post","status-publish","format-standard","has-post-thumbnail","hentry","category-comunicados-de-prensa","tag-comunicados-de-prensa-2"],"jetpack_featured_media_url":"https:\/\/atecordoba.org\/wp-content\/uploads\/2020\/05\/logo-nuevochico-e1561581322808.png","_links":{"self":[{"href":"https:\/\/atecordoba.org\/index.php?rest_route=\/wp\/v2\/posts\/32","targetHints":{"allow":["GET"]}}],"collection":[{"href":"https:\/\/atecordoba.org\/index.php?rest_route=\/wp\/v2\/posts"}],"about":[{"href":"https:\/\/atecordoba.org\/index.php?rest_route=\/wp\/v2\/types\/post"}],"author":[{"embeddable":true,"href":"https:\/\/atecordoba.org\/index.php?rest_route=\/wp\/v2\/users\/1"}],"replies":[{"embeddable":true,"href":"https:\/\/atecordoba.org\/index.php?rest_route=%2Fwp%2Fv2%2Fcomments&post=32"}],"version-history":[{"count":0,"href":"https:\/\/atecordoba.org\/index.php?rest_route=\/wp\/v2\/posts\/32\/revisions"}],"wp:featuredmedia":[{"embeddable":true,"href":"https:\/\/atecordoba.org\/index.php?rest_route=\/wp\/v2\/media\/19220"}],"wp:attachment":[{"href":"https:\/\/atecordoba.org\/index.php?rest_route=%2Fwp%2Fv2%2Fmedia&parent=32"}],"wp:term":[{"taxonomy":"category","embeddable":true,"href":"https:\/\/atecordoba.org\/index.php?rest_route=%2Fwp%2Fv2%2Fcategories&post=32"},{"taxonomy":"post_tag","embeddable":true,"href":"https:\/\/atecordoba.org\/index.php?rest_route=%2Fwp%2Fv2%2Ftags&post=32"}],"curies":[{"name":"wp","href":"https:\/\/api.w.org\/{rel}","templated":true}]}}