{"id":31995,"date":"2022-05-19T10:49:30","date_gmt":"2022-05-19T13:49:30","guid":{"rendered":"https:\/\/atecordoba.org\/?p=31995"},"modified":"2022-05-19T10:49:37","modified_gmt":"2022-05-19T13:49:37","slug":"eleccion-de-delegadas-y-delegados-de-ate-en-conicet-cordoba-capital","status":"publish","type":"post","link":"https:\/\/atecordoba.org\/?p=31995","title":{"rendered":"Elecci\u00f3n de delegadas y delegados de ATE en Conicet C\u00f3rdoba Capital"},"content":{"rendered":"\n<div class=\"wp-block-image is-style-default\"><figure class=\"aligncenter size-large is-resized\"><img loading=\"lazy\" decoding=\"async\" src=\"https:\/\/atecordoba.org\/wp-content\/uploads\/2022\/05\/resolucion-convocatoria-a-elecciones-en-conicet-723x1024.jpg\" alt=\"\" class=\"wp-image-31996\" width=\"542\" height=\"768\" \/><\/figure><\/div>\n\n\n\n<p>El pr\u00f3ximo 22 de junio se llevar\u00e1n a cabo elecciones de delegados de ATE en las delegaciones de Conicet de C\u00f3rdoba, conforme lo resuelto por la resoluci\u00f3n (28\/2022).<\/p>\n\n\n\n<p>Vale se\u00f1alar que en las elecciones no es requisito ser afiliada o afiliado para votar.<\/p>\n\n\n\n<p>Las urnas estar\u00e1n ubicadas, desde las 10 a 18 horas, en distintas las Unidades Ejecutoras de la Ciudad de C\u00f3rdoba. Est\u00e1n todos y todas convocadas a acercarte a para ejercer su derecho a elegir la representaci\u00f3n gremial del sector en los siguientes lugares de trabajo:<\/p>\n\n\n\n<p>-IMBIV (Sede UNC)-Avenida V\u00e9lez Sarsfield 1666, Ciudad Universitaria, Edificio de Investigaciones Biol\u00f3gicas y Tecnol\u00f3gicas.<\/p>\n\n\n\n<p>-IMBIV (Sede centro)-Avenida V\u00e9lez Sarsfield 299, Facultad de Ciencias Exactas, F\u00edsicas y Naturales.<\/p>\n\n\n\n<p>-CIFFYH-IDH-El Cordobazo, s\/n, Ciudad Universitaria, en la Facultad de Filosof\u00eda y Humanidades.<\/p>\n\n\n\n<p>-CIECS-Avenida de Valpara\u00edso s\/n, Ciudad Universitaria, donde est\u00e1 la sede del CCT C\u00f3rdoba.<\/p>\n\n\n\n<p>-IIPSi-Enfermera Gordillo esquina Enrique Barros s\/n, 3er piso, Ciudad Universitaria, en la Facultad de Psicolog\u00eda.<\/p>\n\n\n\n<p>-INIMEC, Ferreyra-Friuli 2434, Barrio Parque V\u00e9lez Sarsfield.<\/p>\n\n\n\n<p>Ante cualquier duda pueden escribirnos a ate.conicet.cba@gmail.com<\/p>\n\n\n\n<p>Tambi\u00e9n te pod\u00e9s sumar a la cadena de mails o grupos de WhatsApp para que te llegue m\u00e1s informaci\u00f3n, dej\u00e1 tus datos en este Formulario: <a href=\"https:\/\/forms.gle\/KRLAwstL22Dvex4BA\">https:\/\/forms.gle\/KRLAwstL22Dvex4BA<\/a><\/p>\n","protected":false},"excerpt":{"rendered":"<p>El pr\u00f3ximo 22 de junio se llevar\u00e1n a cabo elecciones de delegados de ATE en las delegaciones de Conicet de C\u00f3rdoba, conforme lo resuelto por la resoluci\u00f3n (28\/2022). Vale se\u00f1alar que en las elecciones no es requisito ser afiliada o afiliado para votar. Las urnas estar\u00e1n ubicadas, desde las 10 a 18 horas, en distintas [&hellip;]<\/p>\n","protected":false},"author":7,"featured_media":31997,"comment_status":"open","ping_status":"open","sticky":false,"template":"","format":"standard","meta":{"_exactmetrics_skip_tracking":false,"_exactmetrics_sitenote_active":false,"_exactmetrics_sitenote_note":"","_exactmetrics_sitenote_category":0,"jnews-multi-image_gallery":[],"jnews_single_post":{"subtitle":"Habr\u00e1 seis puntos de votaci\u00f3n en las distintas unidades ejecutores de Conicet en C\u00f3rdoba.","format":"standard","video":"","gallery":"","source_name":"","source_url":"","via_name":"","via_url":"","override_template":"0","override":[{"template":"1","single_blog_custom":"","parallax":"1","fullscreen":"1","layout":"right-sidebar","sidebar":"default-sidebar","second_sidebar":"default-sidebar","sticky_sidebar":"1","share_position":"top","share_float_style":"share-monocrhome","show_share_counter":"1","show_view_counter":"1","show_featured":"1","show_post_meta":"1","show_post_author":"1","show_post_author_image":"1","show_post_date":"1","post_date_format":"default","post_date_format_custom":"Y\/m\/d","show_post_category":"1","show_post_reading_time":"0","post_reading_time_wpm":"300","show_zoom_button":"0","zoom_button_out_step":"2","zoom_button_in_step":"3","show_post_tag":"1","show_prev_next_post":"1","show_popup_post":"1","number_popup_post":"1","show_author_box":"0","show_post_related":"0","show_inline_post_related":"0"}],"override_image_size":"0","image_override":[{"single_post_thumbnail_size":"crop-500","single_post_gallery_size":"crop-500"}],"trending_post":"0","trending_post_position":"meta","trending_post_label":"Trending","sponsored_post":"0","sponsored_post_label":"Sponsored by","sponsored_post_name":"","sponsored_post_url":"","sponsored_post_logo_enable":"0","sponsored_post_logo":"","sponsored_post_desc":"","disable_ad":"0"},"jnews_primary_category":{"id":""},"jnews_social_meta":{"fb_title":"Nacionales: Elecci\u00f3n de delegadas y delegados de ATE en Conicet C\u00f3rdoba Capital","fb_description":"","fb_image":"","twitter_title":"","twitter_description":"","twitter_image":""},"jnews_review":[],"enable_review":"0","type":"percentage","name":"","summary":"","brand":"","sku":"","good":[{"good_text":""}],"bad":[{"bad_text":""}],"score_override":"","override_value":"","rating":[{"rating_text":"","rating_number":"10"}],"price":[{"shop":"","price":"","link":"","icon":""}],"jnews_override_counter":{"override_view_counter":"0","view_counter_number":"0","override_share_counter":"0","share_counter_number":"0","override_like_counter":"0","like_counter_number":"0","override_dislike_counter":"0","dislike_counter_number":"0"},"jnews_post_split":{"enable_post_split":"0","post_split":[{"template":"1","tag":"h2","numbering":"asc","mode":"normal","first":"0","enable_toc":"0","toc_type":"normal"}]},"footnotes":""},"categories":[18],"tags":[61],"class_list":["post-31995","post","type-post","status-publish","format-standard","has-post-thumbnail","hentry","category-nacionales","tag-conicet"],"jetpack_featured_media_url":"https:\/\/atecordoba.org\/wp-content\/uploads\/2022\/05\/protesta_conicet-e1652968159244.jpeg","_links":{"self":[{"href":"https:\/\/atecordoba.org\/index.php?rest_route=\/wp\/v2\/posts\/31995","targetHints":{"allow":["GET"]}}],"collection":[{"href":"https:\/\/atecordoba.org\/index.php?rest_route=\/wp\/v2\/posts"}],"about":[{"href":"https:\/\/atecordoba.org\/index.php?rest_route=\/wp\/v2\/types\/post"}],"author":[{"embeddable":true,"href":"https:\/\/atecordoba.org\/index.php?rest_route=\/wp\/v2\/users\/7"}],"replies":[{"embeddable":true,"href":"https:\/\/atecordoba.org\/index.php?rest_route=%2Fwp%2Fv2%2Fcomments&post=31995"}],"version-history":[{"count":1,"href":"https:\/\/atecordoba.org\/index.php?rest_route=\/wp\/v2\/posts\/31995\/revisions"}],"predecessor-version":[{"id":31998,"href":"https:\/\/atecordoba.org\/index.php?rest_route=\/wp\/v2\/posts\/31995\/revisions\/31998"}],"wp:featuredmedia":[{"embeddable":true,"href":"https:\/\/atecordoba.org\/index.php?rest_route=\/wp\/v2\/media\/31997"}],"wp:attachment":[{"href":"https:\/\/atecordoba.org\/index.php?rest_route=%2Fwp%2Fv2%2Fmedia&parent=31995"}],"wp:term":[{"taxonomy":"category","embeddable":true,"href":"https:\/\/atecordoba.org\/index.php?rest_route=%2Fwp%2Fv2%2Fcategories&post=31995"},{"taxonomy":"post_tag","embeddable":true,"href":"https:\/\/atecordoba.org\/index.php?rest_route=%2Fwp%2Fv2%2Ftags&post=31995"}],"curies":[{"name":"wp","href":"https:\/\/api.w.org\/{rel}","templated":true}]}}