{"id":31985,"date":"2022-05-19T10:34:23","date_gmt":"2022-05-19T13:34:23","guid":{"rendered":"https:\/\/atecordoba.org\/?p=31985"},"modified":"2022-05-19T10:35:42","modified_gmt":"2022-05-19T13:35:42","slug":"asamblea-regional-en-bell-ville","status":"publish","type":"post","link":"https:\/\/atecordoba.org\/?p=31985","title":{"rendered":"Asamblea regional en Bell Ville"},"content":{"rendered":"\n<div class=\"wp-block-image is-style-default\"><figure class=\"aligncenter size-large is-resized\"><img loading=\"lazy\" decoding=\"async\" src=\"https:\/\/atecordoba.org\/wp-content\/uploads\/2022\/05\/IMG-20220516-WA0146-1024x819.jpg\" alt=\"\" class=\"wp-image-31987\" width=\"768\" height=\"614\" srcset=\"https:\/\/atecordoba.org\/wp-content\/uploads\/2022\/05\/IMG-20220516-WA0146-1024x819.jpg 1024w, https:\/\/atecordoba.org\/wp-content\/uploads\/2022\/05\/IMG-20220516-WA0146-300x240.jpg 300w, https:\/\/atecordoba.org\/wp-content\/uploads\/2022\/05\/IMG-20220516-WA0146-768x614.jpg 768w, https:\/\/atecordoba.org\/wp-content\/uploads\/2022\/05\/IMG-20220516-WA0146-1536x1229.jpg 1536w, https:\/\/atecordoba.org\/wp-content\/uploads\/2022\/05\/IMG-20220516-WA0146-750x600.jpg 750w, https:\/\/atecordoba.org\/wp-content\/uploads\/2022\/05\/IMG-20220516-WA0146-1140x912.jpg 1140w, https:\/\/atecordoba.org\/wp-content\/uploads\/2022\/05\/IMG-20220516-WA0146.jpg 1599w\" sizes=\"auto, (max-width: 768px) 100vw, 768px\" \/><\/figure><\/div>\n\n\n\n<p>El lunes 16 de mayo la seccional ATE Villa Mar\u00eda realiz\u00f3 una asamblea informativa en la ciudad de Bell Ville con las y los afiliados en distintos sectores y la representaci\u00f3n sindical de los municipios de Monte Le\u00f1a y Bell Ville, del Hospital Jos\u00e9 Antonio Ceballos y Anses.<\/p>\n\n\n\n<p>El secretario Adjunto de ATE Villa Mar\u00eda, Luis Alberto C\u00f3rdoba, brind\u00f3 un informe sobre el trabajo que se viene realizando en la Delegaci\u00f3n ATE Bell Ville.<\/p>\n\n\n\n<p>C\u00f3rdoba detall\u00f3 que en el \u00e1rea Administrativa se llev\u00f3 a cabo la regulaci\u00f3n impositiva de inmuebles y servicios, as\u00ed como el enfoque y trabajo a realizar en \u00e1rea de acci\u00f3n social por beneficios sociales.<\/p>\n\n\n\n<p>En cuanto a la formaci\u00f3n, se acord\u00f3 avanzar con capacitaciones en formaci\u00f3n sindical.<\/p>\n\n\n\n<p>Adem\u00e1s, el dirigente inform\u00f3 sobre la presentaci\u00f3n oficial de ATE Villa Mar\u00eda en la localidad de Los Surgentes y pedido de audiencia con la intendencia.<\/p>\n\n\n\n<p>Respecto a la agenda gremial, de las distintas presentaciones realizadas en las localidades de Monte Le\u00f1a, Ballesteros Sud, Los Surgentes, Bell Ville, dialogando con los trabajadores y trabajadoras, surgi\u00f3 la necesidad de no dejar pasar el tiempo y llamar a la revisi\u00f3n de pauta salarial ante la escalada inflacionaria, as\u00ed como demandar mejoras en salubridad laboral en los puestos de trabajo. \u201cDebemos se\u00f1alar que la situaci\u00f3n de revista que marca un alto porcentaje de precarizacion laboral\u201d, apunt\u00f3 C\u00f3rdoba.<\/p>\n\n\n\n<p>\u201cEn la localidad de Bell Ville se exige pronta respuesta a los pedidos de informes y llamado a concurso p\u00fablico para cubrir cargos en la Escuela de M\u00fasica y Banda Infantil Municipal, en tanto hemos gestionado como de car\u00e1cter urgente una audiencia con el Ejecutivo Municipal, para resolver esos y otros temas pendientes\u201d, concluy\u00f3 C\u00f3rdoba.<\/p>\n\n\n\n<p>En la oportunidad participaron las y los delegados Justiniano Bravo, del Hospital Ceballos; Carlos Soulier, de Anses; Mar\u00eda Maturano y Lucas Loyola, Municipalidad de Bell Ville; Rafael Villegas; Municipio Monte Le\u00f1a.<\/p>\n","protected":false},"excerpt":{"rendered":"<p>El lunes 16 de mayo la seccional ATE Villa Mar\u00eda realiz\u00f3 una asamblea informativa en la ciudad de Bell Ville con las y los afiliados en distintos sectores y la representaci\u00f3n sindical de los municipios de Monte Le\u00f1a y Bell Ville, del Hospital Jos\u00e9 Antonio Ceballos y Anses. El secretario Adjunto de ATE Villa Mar\u00eda, [&hellip;]<\/p>\n","protected":false},"author":7,"featured_media":31993,"comment_status":"open","ping_status":"open","sticky":false,"template":"","format":"standard","meta":{"_exactmetrics_skip_tracking":false,"_exactmetrics_sitenote_active":false,"_exactmetrics_sitenote_note":"","_exactmetrics_sitenote_category":0,"jnews-multi-image_gallery":[],"jnews_single_post":{"subtitle":"Se abordaron cuestiones gremiales, de formaci\u00f3n y administrativas. Presentaci\u00f3n de ATE en la Municipalidad de Los Surgentes.","format":"standard","video":"","gallery":"","source_name":"","source_url":"","via_name":"","via_url":"","override_template":"0","override":[{"template":"1","single_blog_custom":"","parallax":"1","fullscreen":"1","layout":"right-sidebar","sidebar":"default-sidebar","second_sidebar":"default-sidebar","sticky_sidebar":"1","share_position":"top","share_float_style":"share-monocrhome","show_share_counter":"1","show_view_counter":"1","show_featured":"1","show_post_meta":"1","show_post_author":"1","show_post_author_image":"1","show_post_date":"1","post_date_format":"default","post_date_format_custom":"Y\/m\/d","show_post_category":"1","show_post_reading_time":"0","post_reading_time_wpm":"300","show_zoom_button":"0","zoom_button_out_step":"2","zoom_button_in_step":"3","show_post_tag":"1","show_prev_next_post":"1","show_popup_post":"1","number_popup_post":"1","show_author_box":"0","show_post_related":"0","show_inline_post_related":"0"}],"override_image_size":"0","image_override":[{"single_post_thumbnail_size":"crop-500","single_post_gallery_size":"crop-500"}],"trending_post":"0","trending_post_position":"meta","trending_post_label":"Trending","sponsored_post":"0","sponsored_post_label":"Sponsored by","sponsored_post_name":"","sponsored_post_url":"","sponsored_post_logo_enable":"0","sponsored_post_logo":"","sponsored_post_desc":"","disable_ad":"0"},"jnews_primary_category":{"id":""},"jnews_social_meta":{"fb_title":"ATE Villa Mar\u00eda: Asamblea regional en Bell Ville","fb_description":"","fb_image":"","twitter_title":"","twitter_description":"","twitter_image":""},"jnews_review":[],"enable_review":"0","type":"percentage","name":"","summary":"","brand":"","sku":"","good":[{"good_text":""}],"bad":[{"bad_text":""}],"score_override":"","override_value":"","rating":[{"rating_text":"","rating_number":"10"}],"price":[{"shop":"","price":"","link":"","icon":""}],"jnews_override_counter":{"override_view_counter":"0","view_counter_number":"0","override_share_counter":"0","share_counter_number":"0","override_like_counter":"0","like_counter_number":"0","override_dislike_counter":"0","dislike_counter_number":"0"},"jnews_post_split":{"enable_post_split":"0","post_split":[{"template":"1","tag":"h2","numbering":"asc","mode":"normal","first":"0","enable_toc":"0","toc_type":"normal"}]},"footnotes":""},"categories":[14],"tags":[679],"class_list":["post-31985","post","type-post","status-publish","format-standard","has-post-thumbnail","hentry","category-villa-maria","tag-bell-ville"],"jetpack_featured_media_url":"https:\/\/atecordoba.org\/wp-content\/uploads\/2022\/05\/ATEVillamaria_reunionbellville.jpg","_links":{"self":[{"href":"https:\/\/atecordoba.org\/index.php?rest_route=\/wp\/v2\/posts\/31985","targetHints":{"allow":["GET"]}}],"collection":[{"href":"https:\/\/atecordoba.org\/index.php?rest_route=\/wp\/v2\/posts"}],"about":[{"href":"https:\/\/atecordoba.org\/index.php?rest_route=\/wp\/v2\/types\/post"}],"author":[{"embeddable":true,"href":"https:\/\/atecordoba.org\/index.php?rest_route=\/wp\/v2\/users\/7"}],"replies":[{"embeddable":true,"href":"https:\/\/atecordoba.org\/index.php?rest_route=%2Fwp%2Fv2%2Fcomments&post=31985"}],"version-history":[{"count":1,"href":"https:\/\/atecordoba.org\/index.php?rest_route=\/wp\/v2\/posts\/31985\/revisions"}],"predecessor-version":[{"id":31991,"href":"https:\/\/atecordoba.org\/index.php?rest_route=\/wp\/v2\/posts\/31985\/revisions\/31991"}],"wp:featuredmedia":[{"embeddable":true,"href":"https:\/\/atecordoba.org\/index.php?rest_route=\/wp\/v2\/media\/31993"}],"wp:attachment":[{"href":"https:\/\/atecordoba.org\/index.php?rest_route=%2Fwp%2Fv2%2Fmedia&parent=31985"}],"wp:term":[{"taxonomy":"category","embeddable":true,"href":"https:\/\/atecordoba.org\/index.php?rest_route=%2Fwp%2Fv2%2Fcategories&post=31985"},{"taxonomy":"post_tag","embeddable":true,"href":"https:\/\/atecordoba.org\/index.php?rest_route=%2Fwp%2Fv2%2Ftags&post=31985"}],"curies":[{"name":"wp","href":"https:\/\/api.w.org\/{rel}","templated":true}]}}