{"id":31965,"date":"2022-05-17T11:51:13","date_gmt":"2022-05-17T14:51:13","guid":{"rendered":"https:\/\/atecordoba.org\/?p=31965"},"modified":"2022-05-17T11:51:20","modified_gmt":"2022-05-17T14:51:20","slug":"taller-en-traslasierra-sobre-ordenamiento-del-bosque-nativo","status":"publish","type":"post","link":"https:\/\/atecordoba.org\/?p=31965","title":{"rendered":"Taller en Traslasierra sobre ordenamiento del bosque nativo"},"content":{"rendered":"\n<div class=\"wp-block-image is-style-default\"><figure class=\"alignleft size-large is-resized\"><img loading=\"lazy\" decoding=\"async\" src=\"https:\/\/atecordoba.org\/wp-content\/uploads\/2022\/05\/1-1024x1024.jpg\" alt=\"\" class=\"wp-image-31966\" width=\"512\" height=\"512\" \/><\/figure><\/div>\n\n\n\n<p>La delegaci\u00f3n ATE Traslasierra organiza un taller de formaci\u00f3n sobre el ordenamiento del bosque nativo y zonas urbano-rurales que se realizar\u00e1 el pr\u00f3ximo 10 de junio en la Casa de ATE Villa Dolores. cita en calle Italia 345, desde las 18 horas.<\/p>\n\n\n\n<p>La actividad estar\u00e1 a cargo de la trabajadora de INTA Villa Dolores, Mar\u00eda Lujan Ahumada, investigadora de Conicet. <\/p>\n\n\n\n<p>Ahumada, bi\u00f3loga, desarrolla junto al grupo de investigaci\u00f3n para construir y fortalecer metodolog\u00edas participativas, a la hora de pensar el ordenamiento de nuestros bosques. &#8220;Lo hacemos en base a los criterios fijados por la Ley de Ordenamiento Territorial de Bosques Nativos (Ley 26331), criterios focalizados en los servicios ecosist\u00e9micos (elementos de los sistemas naturales para el bienestar humano) que proveen los bosques&#8221;, explica la compa\u00f1era.<\/p>\n\n\n\n<p>&#8220;Frente a un escenario donde los territorios son espacios de disputa que visibilizan disputas de poder en materia social, ambiental y econ\u00f3mica es importante que trabajadoras y trabajadores organizados cuenten con herramientas para el debate y la planificaci\u00f3n de los territorios y los bienes naturales. Nos encontramos ante una crisis ambiental que demanda que todos los sectores organizados est\u00e9n capacitados para dar lugar a estas discusiones en torno a la distribuci\u00f3n equitativa del uso de los bienes comunes&#8221;, explica Ahumada.<\/p>\n\n\n\n<p>En ese sentido, el taller desarrolla una metodolog\u00eda donde las personas que habitamos el territorio, sobre todo aquellos donde los bosques est\u00e1n atravesados por m\u00faltiples intereses, puedan darles un valor a los distintos servicios ecosist\u00e9micos, por medio de talleres virtuales y presenciales. <\/p>\n\n\n\n<p>&#8220;En Traslasierra ya participaron jefes y jefas comunales, intendentes, productores, ambientalistas, ONGs. C\u00f3rdoba es la segunda provincia del pa\u00eds con una provisi\u00f3n de agua es en base a las cuencas h\u00eddricas de las sierras, donde se almacena agua en cantidad y calidad, siendo este uno de los principales servicios ecosist\u00e9micos. Tambi\u00e9n los bosques nos proveen remedios, alimentos, ciclos de nutrientes, almacenan carbono para mitigar los efectos del cambio clim\u00e1tico y permiten la purificaci\u00f3n del aire. Todos estos servicios nos permiten beneficios sociales, culturales y econ\u00f3micos, al tiempo que act\u00faan como espacios de recreaci\u00f3n y educativos, albergando una gran diversidad cultural&#8221;, afirma la bi\u00f3loga.<\/p>\n\n\n\n<p>Es importante como estatales formarse con ese criterio. &#8220;Tener en cuenta estas contribuciones es importante a la hora de tener en cuenta que uso se realiza del bosque, d\u00f3nde y c\u00f3mo. Para eso es necesaria la articulaci\u00f3n de los distintos niveles del Estado, en cuanto a las leyes y normativas relativas al uso y el manejo de los bosques nativos. Por eso es necesario que las personas que ocupan espacios en la toma de decisiones y la sociedad en general, que tambi\u00e9n percibe los beneficios de los ecosistemas boscosos puedan tener participaci\u00f3n acerca de su ordenamiento&#8221;, concluye. \u00a0<\/p>\n","protected":false},"excerpt":{"rendered":"<p>La delegaci\u00f3n ATE Traslasierra organiza un taller de formaci\u00f3n sobre el ordenamiento del bosque nativo y zonas urbano-rurales que se realizar\u00e1 el pr\u00f3ximo 10 de junio en la Casa de ATE Villa Dolores. cita en calle Italia 345, desde las 18 horas. La actividad estar\u00e1 a cargo de la trabajadora de INTA Villa Dolores, Mar\u00eda [&hellip;]<\/p>\n","protected":false},"author":7,"featured_media":31966,"comment_status":"open","ping_status":"open","sticky":false,"template":"","format":"standard","meta":{"_exactmetrics_skip_tracking":false,"_exactmetrics_sitenote_active":false,"_exactmetrics_sitenote_note":"","_exactmetrics_sitenote_category":0,"jnews-multi-image_gallery":[],"jnews_single_post":{"subtitle":"La actividad se realizar\u00e1 en la casa de ATE Villa Dolores el pr\u00f3ximo 10 de junio.","format":"standard","video":"","gallery":"","source_name":"","source_url":"","via_name":"","via_url":"","override_template":"0","override":[{"template":"1","single_blog_custom":"","parallax":"1","fullscreen":"1","layout":"right-sidebar","sidebar":"default-sidebar","second_sidebar":"default-sidebar","sticky_sidebar":"1","share_position":"top","share_float_style":"share-monocrhome","show_share_counter":"1","show_view_counter":"1","show_featured":"1","show_post_meta":"1","show_post_author":"1","show_post_author_image":"1","show_post_date":"1","post_date_format":"default","post_date_format_custom":"Y\/m\/d","show_post_category":"1","show_post_reading_time":"0","post_reading_time_wpm":"300","show_zoom_button":"0","zoom_button_out_step":"2","zoom_button_in_step":"3","show_post_tag":"1","show_prev_next_post":"1","show_popup_post":"1","number_popup_post":"1","show_author_box":"0","show_post_related":"0","show_inline_post_related":"0"}],"override_image_size":"0","image_override":[{"single_post_thumbnail_size":"crop-500","single_post_gallery_size":"crop-500"}],"trending_post":"0","trending_post_position":"meta","trending_post_label":"Trending","sponsored_post":"0","sponsored_post_label":"Sponsored by","sponsored_post_name":"","sponsored_post_url":"","sponsored_post_logo_enable":"0","sponsored_post_logo":"","sponsored_post_desc":"","disable_ad":"0"},"jnews_primary_category":{"id":""},"jnews_social_meta":{"fb_title":"Formaci\u00f3n: Taller en Traslasierra sobre ordenamiento del bosque nativo","fb_description":"","fb_image":"","twitter_title":"","twitter_description":"","twitter_image":""},"jnews_review":[],"enable_review":"0","type":"percentage","name":"","summary":"","brand":"","sku":"","good":[{"good_text":""}],"bad":[{"bad_text":""}],"score_override":"","override_value":"","rating":[{"rating_text":"","rating_number":"10"}],"price":[{"shop":"","price":"","link":"","icon":""}],"jnews_override_counter":{"override_view_counter":"0","view_counter_number":"0","override_share_counter":"0","share_counter_number":"0","override_like_counter":"0","like_counter_number":"0","override_dislike_counter":"0","dislike_counter_number":"0"},"jnews_post_split":{"enable_post_split":"0","post_split":[{"template":"1","tag":"h2","numbering":"asc","mode":"normal","first":"0","enable_toc":"0","toc_type":"normal"}]},"footnotes":""},"categories":[88],"tags":[929,1117],"class_list":["post-31965","post","type-post","status-publish","format-standard","has-post-thumbnail","hentry","category-formacion","tag-ate-traslasierra","tag-bosque-nativo"],"jetpack_featured_media_url":"https:\/\/atecordoba.org\/wp-content\/uploads\/2022\/05\/1-e1652799066689.jpg","_links":{"self":[{"href":"https:\/\/atecordoba.org\/index.php?rest_route=\/wp\/v2\/posts\/31965","targetHints":{"allow":["GET"]}}],"collection":[{"href":"https:\/\/atecordoba.org\/index.php?rest_route=\/wp\/v2\/posts"}],"about":[{"href":"https:\/\/atecordoba.org\/index.php?rest_route=\/wp\/v2\/types\/post"}],"author":[{"embeddable":true,"href":"https:\/\/atecordoba.org\/index.php?rest_route=\/wp\/v2\/users\/7"}],"replies":[{"embeddable":true,"href":"https:\/\/atecordoba.org\/index.php?rest_route=%2Fwp%2Fv2%2Fcomments&post=31965"}],"version-history":[{"count":1,"href":"https:\/\/atecordoba.org\/index.php?rest_route=\/wp\/v2\/posts\/31965\/revisions"}],"predecessor-version":[{"id":31967,"href":"https:\/\/atecordoba.org\/index.php?rest_route=\/wp\/v2\/posts\/31965\/revisions\/31967"}],"wp:featuredmedia":[{"embeddable":true,"href":"https:\/\/atecordoba.org\/index.php?rest_route=\/wp\/v2\/media\/31966"}],"wp:attachment":[{"href":"https:\/\/atecordoba.org\/index.php?rest_route=%2Fwp%2Fv2%2Fmedia&parent=31965"}],"wp:term":[{"taxonomy":"category","embeddable":true,"href":"https:\/\/atecordoba.org\/index.php?rest_route=%2Fwp%2Fv2%2Fcategories&post=31965"},{"taxonomy":"post_tag","embeddable":true,"href":"https:\/\/atecordoba.org\/index.php?rest_route=%2Fwp%2Fv2%2Ftags&post=31965"}],"curies":[{"name":"wp","href":"https:\/\/api.w.org\/{rel}","templated":true}]}}