{"id":31960,"date":"2022-05-17T10:10:08","date_gmt":"2022-05-17T13:10:08","guid":{"rendered":"https:\/\/atecordoba.org\/?p=31960"},"modified":"2022-05-17T10:10:12","modified_gmt":"2022-05-17T13:10:12","slug":"ate-mantuvo-una-audiencia-con-el-intendente-de-san-basilio","status":"publish","type":"post","link":"https:\/\/atecordoba.org\/?p=31960","title":{"rendered":"ATE mantuvo una audiencia con el intendente de San Basilio"},"content":{"rendered":"\n<div class=\"wp-block-image is-style-default\"><figure class=\"aligncenter size-large is-resized\"><img loading=\"lazy\" decoding=\"async\" src=\"https:\/\/atecordoba.org\/wp-content\/uploads\/2022\/05\/IMG-20220516-WA0132-1024x768.jpg\" alt=\"\" class=\"wp-image-31961\" width=\"768\" height=\"576\" srcset=\"https:\/\/atecordoba.org\/wp-content\/uploads\/2022\/05\/IMG-20220516-WA0132-1024x768.jpg 1024w, https:\/\/atecordoba.org\/wp-content\/uploads\/2022\/05\/IMG-20220516-WA0132-300x225.jpg 300w, https:\/\/atecordoba.org\/wp-content\/uploads\/2022\/05\/IMG-20220516-WA0132-768x576.jpg 768w, https:\/\/atecordoba.org\/wp-content\/uploads\/2022\/05\/IMG-20220516-WA0132-1536x1152.jpg 1536w, https:\/\/atecordoba.org\/wp-content\/uploads\/2022\/05\/IMG-20220516-WA0132-750x563.jpg 750w, https:\/\/atecordoba.org\/wp-content\/uploads\/2022\/05\/IMG-20220516-WA0132-1140x855.jpg 1140w, https:\/\/atecordoba.org\/wp-content\/uploads\/2022\/05\/IMG-20220516-WA0132.jpg 1600w\" sizes=\"auto, (max-width: 768px) 100vw, 768px\" \/><\/figure><\/div>\n\n\n\n<p>El pasado jueves 12 de mayo la seccional ATE Adelia Mar\u00eda mantuvo una audiencia con el intendente de San Basilio, Rub\u00e9n Moine, junto a su secretario de Gobierno, Jorge Gagnolo.<\/p>\n\n\n\n<p>En la oportunidad, el secretario General de ATE Adelia Mar\u00eda, Diego Villegas, acompa\u00f1ado por el delegado municipal, Marcelo Alfonso, platearon el cumplimiento del compromiso asumido por parte del Ejecutivo de la paga un bono de $500 a todos los compa\u00f1eros y compa\u00f1eras que no tengan faltas injustificadas. <\/p>\n\n\n\n<p>Tambi\u00e9n se gestion\u00f3 las entrega de un buzo a personal de planta para invierno que complementa las camperas invernales ya entregadas, a partir del pedido de ATE el a\u00f1o pasado. En tanto, dos trabajadores que no son afiliados de ATE recibieron sus camperas faltantes.<\/p>\n\n\n\n<p>&#8220;En la reuni\u00f3n con el intendente, reclamamos adem\u00e1s por categor\u00edas pendientes de actualizar, el pase a planta de un compa\u00f1ero ya que queda un cargo vacantes por el lamentable fallecimiento de un trabajador. Y tambi\u00e9n hicimos una planteo general sobre la necesidad de tomar medidas de salubridad e higiene, es decir seguridad en el \u00e1mbito laboral&#8221;, explic\u00f3 Villegas.<\/p>\n\n\n\n<p>En cuanto a la pauta salarial para este 2022, vale mencionar que el aumento acumulativo hasta la fecha es del % 46, llegando al %55 \u00f3 %60 para junio seg\u00fan lo recaudado.<\/p>\n","protected":false},"excerpt":{"rendered":"<p>El pasado jueves 12 de mayo la seccional ATE Adelia Mar\u00eda mantuvo una audiencia con el intendente de San Basilio, Rub\u00e9n Moine, junto a su secretario de Gobierno, Jorge Gagnolo. En la oportunidad, el secretario General de ATE Adelia Mar\u00eda, Diego Villegas, acompa\u00f1ado por el delegado municipal, Marcelo Alfonso, platearon el cumplimiento del compromiso asumido [&hellip;]<\/p>\n","protected":false},"author":7,"featured_media":31962,"comment_status":"open","ping_status":"open","sticky":false,"template":"","format":"standard","meta":{"_exactmetrics_skip_tracking":false,"_exactmetrics_sitenote_active":false,"_exactmetrics_sitenote_note":"","_exactmetrics_sitenote_category":0,"jnews-multi-image_gallery":[],"jnews_single_post":{"subtitle":"La seccional Adelia Mar\u00eda logr\u00f3 que se cumplimente la entrega de buzos para la muda de invierno y reclam\u00f3 el bono comprometido por el Ejecutivo.","format":"standard","video":"","gallery":"","source_name":"","source_url":"","via_name":"","via_url":"","override_template":"0","override":[{"template":"1","single_blog_custom":"","parallax":"1","fullscreen":"1","layout":"right-sidebar","sidebar":"default-sidebar","second_sidebar":"default-sidebar","sticky_sidebar":"1","share_position":"top","share_float_style":"share-monocrhome","show_share_counter":"1","show_view_counter":"1","show_featured":"1","show_post_meta":"1","show_post_author":"1","show_post_author_image":"1","show_post_date":"1","post_date_format":"default","post_date_format_custom":"Y\/m\/d","show_post_category":"1","show_post_reading_time":"0","post_reading_time_wpm":"300","show_zoom_button":"0","zoom_button_out_step":"2","zoom_button_in_step":"3","show_post_tag":"1","show_prev_next_post":"1","show_popup_post":"1","number_popup_post":"1","show_author_box":"0","show_post_related":"0","show_inline_post_related":"0"}],"override_image_size":"0","image_override":[{"single_post_thumbnail_size":"crop-500","single_post_gallery_size":"crop-500"}],"trending_post":"0","trending_post_position":"meta","trending_post_label":"Trending","sponsored_post":"0","sponsored_post_label":"Sponsored by","sponsored_post_name":"","sponsored_post_url":"","sponsored_post_logo_enable":"0","sponsored_post_logo":"","sponsored_post_desc":"","disable_ad":"0"},"jnews_primary_category":{"id":""},"jnews_social_meta":{"fb_title":"Municipales: ATE mantuvo una audiencia con el intendente de San Basilio","fb_description":"","fb_image":"","twitter_title":"","twitter_description":"","twitter_image":""},"jnews_review":[],"enable_review":"0","type":"percentage","name":"","summary":"","brand":"","sku":"","good":[{"good_text":""}],"bad":[{"bad_text":""}],"score_override":"","override_value":"","rating":[{"rating_text":"","rating_number":"10"}],"price":[{"shop":"","price":"","link":"","icon":""}],"jnews_override_counter":{"override_view_counter":"0","view_counter_number":"0","override_share_counter":"0","share_counter_number":"0","override_like_counter":"0","like_counter_number":"0","override_dislike_counter":"0","dislike_counter_number":"0"},"jnews_post_split":{"enable_post_split":"0","post_split":[{"template":"1","tag":"h2","numbering":"asc","mode":"normal","first":"0","enable_toc":"0","toc_type":"normal"}]},"footnotes":""},"categories":[20],"tags":[662],"class_list":["post-31960","post","type-post","status-publish","format-standard","has-post-thumbnail","hentry","category-municipales","tag-san-basilio"],"jetpack_featured_media_url":"https:\/\/atecordoba.org\/wp-content\/uploads\/2022\/05\/SAN-BASILIO-2-e1652792914810.jpeg","_links":{"self":[{"href":"https:\/\/atecordoba.org\/index.php?rest_route=\/wp\/v2\/posts\/31960","targetHints":{"allow":["GET"]}}],"collection":[{"href":"https:\/\/atecordoba.org\/index.php?rest_route=\/wp\/v2\/posts"}],"about":[{"href":"https:\/\/atecordoba.org\/index.php?rest_route=\/wp\/v2\/types\/post"}],"author":[{"embeddable":true,"href":"https:\/\/atecordoba.org\/index.php?rest_route=\/wp\/v2\/users\/7"}],"replies":[{"embeddable":true,"href":"https:\/\/atecordoba.org\/index.php?rest_route=%2Fwp%2Fv2%2Fcomments&post=31960"}],"version-history":[{"count":1,"href":"https:\/\/atecordoba.org\/index.php?rest_route=\/wp\/v2\/posts\/31960\/revisions"}],"predecessor-version":[{"id":31963,"href":"https:\/\/atecordoba.org\/index.php?rest_route=\/wp\/v2\/posts\/31960\/revisions\/31963"}],"wp:featuredmedia":[{"embeddable":true,"href":"https:\/\/atecordoba.org\/index.php?rest_route=\/wp\/v2\/media\/31962"}],"wp:attachment":[{"href":"https:\/\/atecordoba.org\/index.php?rest_route=%2Fwp%2Fv2%2Fmedia&parent=31960"}],"wp:term":[{"taxonomy":"category","embeddable":true,"href":"https:\/\/atecordoba.org\/index.php?rest_route=%2Fwp%2Fv2%2Fcategories&post=31960"},{"taxonomy":"post_tag","embeddable":true,"href":"https:\/\/atecordoba.org\/index.php?rest_route=%2Fwp%2Fv2%2Ftags&post=31960"}],"curies":[{"name":"wp","href":"https:\/\/api.w.org\/{rel}","templated":true}]}}