{"id":31935,"date":"2022-05-12T16:41:33","date_gmt":"2022-05-12T19:41:33","guid":{"rendered":"https:\/\/atecordoba.org\/?p=31935"},"modified":"2022-05-12T16:42:01","modified_gmt":"2022-05-12T19:42:01","slug":"carlos-del-frade-presento-ayer-en-ate-su-nuevo-libro-referido-a-malvinas-galtieri-y-el-imperio-ingles","status":"publish","type":"post","link":"https:\/\/atecordoba.org\/?p=31935","title":{"rendered":"Carlos Del Frade present\u00f3 ayer en ATE su nuevo libro referido a Malvinas, Galtieri y el Imperio Ingles"},"content":{"rendered":"\n<div class=\"wp-block-image is-style-default\"><figure class=\"aligncenter size-large is-resized\"><img loading=\"lazy\" decoding=\"async\" src=\"https:\/\/atecordoba.org\/wp-content\/uploads\/2022\/05\/FB_IMG_1652309044315-1024x768.jpg\" alt=\"\" class=\"wp-image-31937\" width=\"768\" height=\"576\" srcset=\"https:\/\/atecordoba.org\/wp-content\/uploads\/2022\/05\/FB_IMG_1652309044315-1024x768.jpg 1024w, https:\/\/atecordoba.org\/wp-content\/uploads\/2022\/05\/FB_IMG_1652309044315-300x225.jpg 300w, https:\/\/atecordoba.org\/wp-content\/uploads\/2022\/05\/FB_IMG_1652309044315-768x576.jpg 768w, https:\/\/atecordoba.org\/wp-content\/uploads\/2022\/05\/FB_IMG_1652309044315-750x563.jpg 750w, https:\/\/atecordoba.org\/wp-content\/uploads\/2022\/05\/FB_IMG_1652309044315.jpg 1080w\" sizes=\"auto, (max-width: 768px) 100vw, 768px\" \/><\/figure><\/div>\n\n\n\n<p>Ayer por la tarde, en el auditorio H\u00e9ctor La perra Castro, se realiz\u00f3 la actividad &#8220;A 40 a\u00f1os de Malvinas&#8221;, con la presentaci\u00f3n del libro de Carlos Del Frade \u201cEl Imperio Galtieri y las Guerras\u201d.<\/p>\n\n\n\n<p>La actividad se realiz\u00f3 en el marco de las jornadas de formaci\u00f3n que est\u00e1 llevando a cabo del consejo Directivo Provincial, y fue presentada por el secretario de Formaci\u00f3n, C\u00e9sar Theaux.<\/p>\n\n\n\n<p>Carlos Del Frade es un compa\u00f1ero de la CTA de prestigio y reconocimiento nacional a partir de su compromiso con la lucha del campo popular. Su investigaciones period\u00edsticas concentran la atenci\u00f3n del p\u00fablico interesado por los debates hist\u00f3ricos y actuales, su protagonismo como diputado provincial en Santa Fe es un testimonio de la lucha contra las mafias y el poder real. <\/p>\n\n\n\n<p>&#8220;Malvinas se actualiza a partir del respeto para con aquellos sobrevivientes de una guerra enancada en una causa hist\u00f3rica y popular pero utilizada por quienes liquidaron la soberan\u00eda popular y quintuplicaron la deuda externa a fuerza de secuestros, torturas, tumbas clandestinas, picana, usurpaci\u00f3n de viviendas, apropiaci\u00f3n de beb\u00e9s. Esta investigaci\u00f3n period\u00edstica pone el acento en una breve historia del imperio ingl\u00e9s y sus intereses permanentes&#8221;, afirma del Frade al comienzo del libro.<\/p>\n\n\n\n<p>En su introducci\u00f3n esta \u00faltima obra, Del Frade relat\u00f3 su experiencia personal del servicio militar (Colimba), en el a\u00f1o de la Guerra de Malvinas, agreg\u00f3 tambi\u00e9n una descripci\u00f3n de su obra period\u00edstica relacionada con la investigaci\u00f3n de los cr\u00edmenes de lesa humanidad en el \u00e1mbito del segundo cuerpo de Ej\u00e9rcito, donde el tristemente c\u00e9lebre General Galtieri decidi\u00f3 sobre la vida y la muerte de las y los ciudadanos del Noreste argentino. \u201cCuando era joven pensaba que Galtieri era la representaci\u00f3n de San Mart\u00edn que peleaba contra los ingleses y los yanquis, pero despu\u00e9s me di cuenta que era un asesino a sueldo de los EE.UU.\u201d, afirm\u00f3.<\/p>\n\n\n\n<div class=\"wp-block-image is-style-default\"><figure class=\"aligncenter size-large is-resized\"><img loading=\"lazy\" decoding=\"async\" src=\"https:\/\/atecordoba.org\/wp-content\/uploads\/2022\/05\/FB_IMG_1652309040875-1-1024x768.jpg\" alt=\"\" class=\"wp-image-31938\" width=\"768\" height=\"576\" srcset=\"https:\/\/atecordoba.org\/wp-content\/uploads\/2022\/05\/FB_IMG_1652309040875-1-1024x768.jpg 1024w, https:\/\/atecordoba.org\/wp-content\/uploads\/2022\/05\/FB_IMG_1652309040875-1-300x225.jpg 300w, https:\/\/atecordoba.org\/wp-content\/uploads\/2022\/05\/FB_IMG_1652309040875-1-768x576.jpg 768w, https:\/\/atecordoba.org\/wp-content\/uploads\/2022\/05\/FB_IMG_1652309040875-1-750x563.jpg 750w, https:\/\/atecordoba.org\/wp-content\/uploads\/2022\/05\/FB_IMG_1652309040875-1.jpg 1080w\" sizes=\"auto, (max-width: 768px) 100vw, 768px\" \/><\/figure><\/div>\n\n\n\n<p>Seguidamente describi\u00f3 la relaci\u00f3n entre Galtieri y el narcotr\u00e1fico al inaugurar la importaci\u00f3n del primer cargamento registrado en el puerto franco de Bolivia en Rosario, a cargo del conocido narco boliviano Roberto Suarez G\u00f3mez, que posteriormente ser\u00eda el primer proveedor del narco colombiano Pablo Escobar Gaviria.<\/p>\n\n\n\n<p>\u201cHubo un acuerdo en el dictador boliviano Banzer y el argentino Videla que hizo operativo Galtieri, planificando este negocio paraestatal\u201d, inform\u00f3.<\/p>\n\n\n\n<p>Adem\u00e1s, denunci\u00f3 el maltrato a los excombatientes de Malvinas, los suicidios y la miseria de las pensiones que cobran por haber puesto el cuerpo para defender la patria. \u201cLa gran hipocres\u00eda es que los combatientes existen para los desfiles del 2 de abril y del 20 de junio, los otros 363 d\u00edas del a\u00f1o est\u00e1n borrados del mapa\u201d.<\/p>\n\n\n\n<p>Y apunt\u00f3 a la presencia de 300 empresas inglesas en Argentina en los m\u00e1s variados rubros de la actividad econ\u00f3mica. \u201cEl libro profundiza tambi\u00e9n la cuesti\u00f3n hist\u00f3rica: despu\u00e9s de la guerra de la independencia de 1776 los yanquis realizan con Inglaterra la primera acci\u00f3n armada conjunta en la toma de las Malvinas en 1833. Y desde ah\u00ed van a trabajar siempre juntos. Solo a la megaloman\u00eda de Galtieri se le va a ocurrir que los ingleses iban a estar solos en Malvinas, y que los yanquis no se iban a meter por la dictadura les mandaba torturadores ya probados del segundo cuerpo de Ej\u00e9rcito par air a Nicaragua, al Salvador\u201d. \u00a0<\/p>\n\n\n\n<p>Para finalizar, describi\u00f3 la relaci\u00f3n entre la Guerra del Paran\u00e1 que Juan Manuel de Rosas llev\u00f3 a adelante contra Inglaterra, ya que gan\u00f3 a la principal potencia de la \u00e9poca, y el debate actual en torno a la recuperaci\u00f3n de la Hidrov\u00eda del Paran\u00e1. \u201cDiscutir Malvinas 40 a\u00f1os despu\u00e9s, es discutir qu\u00e9 hacemos hoy para recuperar la riqueza del pueblo argentino. El mejor homenaje que podemos hacer hoy a los excombatientes es recuperar la Argentina para los argentinos\u201d, concluye. <\/p>\n\n\n\n<p>La presencia de Del Frade es un lujo que nos dimos en ATE y que esperamos volver a repetir.<\/p>\n","protected":false},"excerpt":{"rendered":"<p>Ayer por la tarde, en el auditorio H\u00e9ctor La perra Castro, se realiz\u00f3 la actividad &#8220;A 40 a\u00f1os de Malvinas&#8221;, con la presentaci\u00f3n del libro de Carlos Del Frade \u201cEl Imperio Galtieri y las Guerras\u201d. La actividad se realiz\u00f3 en el marco de las jornadas de formaci\u00f3n que est\u00e1 llevando a cabo del consejo Directivo [&hellip;]<\/p>\n","protected":false},"author":7,"featured_media":31936,"comment_status":"open","ping_status":"open","sticky":false,"template":"","format":"standard","meta":{"_exactmetrics_skip_tracking":false,"_exactmetrics_sitenote_active":false,"_exactmetrics_sitenote_note":"","_exactmetrics_sitenote_category":0,"jnews-multi-image_gallery":[],"jnews_single_post":{"subtitle":"La charla se resaliz\u00f3 en el marco de las actividades de formaci\u00f3n que ATE C\u00f3rdoba ofrece a nuestras afiliadas y afiliados. ","format":"standard","video":"","gallery":"","source_name":"","source_url":"","via_name":"","via_url":"","override_template":"0","override":[{"template":"1","single_blog_custom":"","parallax":"1","fullscreen":"1","layout":"right-sidebar","sidebar":"default-sidebar","second_sidebar":"default-sidebar","sticky_sidebar":"1","share_position":"top","share_float_style":"share-monocrhome","show_share_counter":"1","show_view_counter":"1","show_featured":"1","show_post_meta":"1","show_post_author":"1","show_post_author_image":"1","show_post_date":"1","post_date_format":"default","post_date_format_custom":"Y\/m\/d","show_post_category":"1","show_post_reading_time":"0","post_reading_time_wpm":"300","show_zoom_button":"0","zoom_button_out_step":"2","zoom_button_in_step":"3","show_post_tag":"1","show_prev_next_post":"1","show_popup_post":"1","number_popup_post":"1","show_author_box":"0","show_post_related":"0","show_inline_post_related":"0"}],"override_image_size":"0","image_override":[{"single_post_thumbnail_size":"crop-500","single_post_gallery_size":"crop-500"}],"trending_post":"0","trending_post_position":"meta","trending_post_label":"Trending","sponsored_post":"0","sponsored_post_label":"Sponsored by","sponsored_post_name":"","sponsored_post_url":"","sponsored_post_logo_enable":"0","sponsored_post_logo":"","sponsored_post_desc":"","disable_ad":"0"},"jnews_primary_category":{"id":""},"jnews_social_meta":{"fb_title":"Formaci\u00f3n: Carlos Del Frade present\u00f3 ayer en ATE su nuevo libro referido a Malvinas, Galtieri y el Imperio Ingles","fb_description":"","fb_image":"","twitter_title":"","twitter_description":"","twitter_image":""},"jnews_review":[],"enable_review":"0","type":"percentage","name":"","summary":"","brand":"","sku":"","good":[{"good_text":""}],"bad":[{"bad_text":""}],"score_override":"","override_value":"","rating":[{"rating_text":"","rating_number":"10"}],"price":[{"shop":"","price":"","link":"","icon":""}],"jnews_override_counter":{"override_view_counter":"0","view_counter_number":"0","override_share_counter":"0","share_counter_number":"0","override_like_counter":"0","like_counter_number":"0","override_dislike_counter":"0","dislike_counter_number":"0"},"jnews_post_split":{"enable_post_split":"0","post_split":[{"template":"1","tag":"h2","numbering":"asc","mode":"normal","first":"0","enable_toc":"0","toc_type":"normal"}]},"footnotes":""},"categories":[88],"tags":[1105],"class_list":["post-31935","post","type-post","status-publish","format-standard","has-post-thumbnail","hentry","category-formacion","tag-carlos-del-frade"],"jetpack_featured_media_url":"https:\/\/atecordoba.org\/wp-content\/uploads\/2022\/05\/FB_IMG_1652309040875-e1652384451433.jpg","_links":{"self":[{"href":"https:\/\/atecordoba.org\/index.php?rest_route=\/wp\/v2\/posts\/31935","targetHints":{"allow":["GET"]}}],"collection":[{"href":"https:\/\/atecordoba.org\/index.php?rest_route=\/wp\/v2\/posts"}],"about":[{"href":"https:\/\/atecordoba.org\/index.php?rest_route=\/wp\/v2\/types\/post"}],"author":[{"embeddable":true,"href":"https:\/\/atecordoba.org\/index.php?rest_route=\/wp\/v2\/users\/7"}],"replies":[{"embeddable":true,"href":"https:\/\/atecordoba.org\/index.php?rest_route=%2Fwp%2Fv2%2Fcomments&post=31935"}],"version-history":[{"count":1,"href":"https:\/\/atecordoba.org\/index.php?rest_route=\/wp\/v2\/posts\/31935\/revisions"}],"predecessor-version":[{"id":31939,"href":"https:\/\/atecordoba.org\/index.php?rest_route=\/wp\/v2\/posts\/31935\/revisions\/31939"}],"wp:featuredmedia":[{"embeddable":true,"href":"https:\/\/atecordoba.org\/index.php?rest_route=\/wp\/v2\/media\/31936"}],"wp:attachment":[{"href":"https:\/\/atecordoba.org\/index.php?rest_route=%2Fwp%2Fv2%2Fmedia&parent=31935"}],"wp:term":[{"taxonomy":"category","embeddable":true,"href":"https:\/\/atecordoba.org\/index.php?rest_route=%2Fwp%2Fv2%2Fcategories&post=31935"},{"taxonomy":"post_tag","embeddable":true,"href":"https:\/\/atecordoba.org\/index.php?rest_route=%2Fwp%2Fv2%2Ftags&post=31935"}],"curies":[{"name":"wp","href":"https:\/\/api.w.org\/{rel}","templated":true}]}}