{"id":31912,"date":"2022-05-12T12:15:52","date_gmt":"2022-05-12T15:15:52","guid":{"rendered":"https:\/\/atecordoba.org\/?p=31912"},"modified":"2022-05-12T13:48:46","modified_gmt":"2022-05-12T16:48:46","slug":"asumio-ayer-la-seccional-ate-san-justo","status":"publish","type":"post","link":"https:\/\/atecordoba.org\/?p=31912","title":{"rendered":"Asumi\u00f3 ayer la seccional ATE San Justo"},"content":{"rendered":"\n<div class=\"wp-block-image is-style-default\"><figure class=\"aligncenter size-full is-resized\"><img loading=\"lazy\" decoding=\"async\" src=\"https:\/\/atecordoba.org\/wp-content\/uploads\/2022\/05\/280736043_427622466029888_6489512050914527723_n.jpg\" alt=\"\" class=\"wp-image-31913\" width=\"720\" height=\"540\"\/><\/figure><\/div>\n\n\n\n<p>Con un acto realizado en la ciudad de San Francisco, asumi\u00f3 ayer formalmente la conducci\u00f3n de la nueva seccional ATE San Justo. <\/p>\n\n\n\n<p>De esta forma, el secretario General, Dar\u00edo Paredes, y la secretaria General Adjunta, Florencia Lucero, junto al resto de la conducci\u00f3n de la seccional, asumen el desaf\u00edo de retomar el legado de la antigua seccional ATE San Francisco para defender los derechos de las y los estatales de la regi\u00f3n. Acompa\u00f1aron con gran alegr\u00eda ex trabajadores de la Fabrica Militar de San Francisco -cerrada por el gobierno de Carlos Menem- y el Centro de Jubilados de ATE San Francisco.<\/p>\n\n\n\n<p>Desde el Consejo Directivo Provincial de ATE C\u00f3rdoba saludamos a las y los compa\u00f1eros y les auguramos la mejor de las suertes para lo que viene.<\/p>\n\n\n\n<p><strong>Convenio<\/strong><\/p>\n\n\n\n<p>Al finalizar el acto de asunci\u00f3n, Paredes firm\u00f3 un convenio con el presidente del Jockey Club de San Francisco, Andr\u00e9s Balkenendes, para que las y los afiliados disfruten de los beneficios de la instituci\u00f3n. Vale se\u00f1alar que Balkenedes es afiliado de ATE.<\/p>\n\n\n\n<figure class=\"wp-block-gallery has-nested-images columns-default is-cropped wp-block-gallery-1 is-layout-flex wp-block-gallery-is-layout-flex\">\n<figure class=\"wp-block-image size-large is-style-default\"><img loading=\"lazy\" decoding=\"async\" width=\"1024\" height=\"461\" data-id=\"31914\" src=\"https:\/\/atecordoba.org\/wp-content\/uploads\/2022\/05\/280696657_427622676029867_5398656331137493766_n-1024x461.jpg\" alt=\"\" class=\"wp-image-31914\" srcset=\"https:\/\/atecordoba.org\/wp-content\/uploads\/2022\/05\/280696657_427622676029867_5398656331137493766_n-1024x461.jpg 1024w, https:\/\/atecordoba.org\/wp-content\/uploads\/2022\/05\/280696657_427622676029867_5398656331137493766_n-300x135.jpg 300w, https:\/\/atecordoba.org\/wp-content\/uploads\/2022\/05\/280696657_427622676029867_5398656331137493766_n-768x346.jpg 768w, https:\/\/atecordoba.org\/wp-content\/uploads\/2022\/05\/280696657_427622676029867_5398656331137493766_n-750x338.jpg 750w, https:\/\/atecordoba.org\/wp-content\/uploads\/2022\/05\/280696657_427622676029867_5398656331137493766_n-1140x513.jpg 1140w, https:\/\/atecordoba.org\/wp-content\/uploads\/2022\/05\/280696657_427622676029867_5398656331137493766_n.jpg 1422w\" sizes=\"auto, (max-width: 1024px) 100vw, 1024px\" \/><\/figure>\n\n\n\n<figure class=\"wp-block-image size-large is-style-default\"><img loading=\"lazy\" decoding=\"async\" width=\"1024\" height=\"461\" data-id=\"31915\" src=\"https:\/\/atecordoba.org\/wp-content\/uploads\/2022\/05\/280717320_427622716029863_8580646204040769197_n-1024x461.jpg\" alt=\"\" class=\"wp-image-31915\" srcset=\"https:\/\/atecordoba.org\/wp-content\/uploads\/2022\/05\/280717320_427622716029863_8580646204040769197_n-1024x461.jpg 1024w, https:\/\/atecordoba.org\/wp-content\/uploads\/2022\/05\/280717320_427622716029863_8580646204040769197_n-300x135.jpg 300w, https:\/\/atecordoba.org\/wp-content\/uploads\/2022\/05\/280717320_427622716029863_8580646204040769197_n-768x346.jpg 768w, https:\/\/atecordoba.org\/wp-content\/uploads\/2022\/05\/280717320_427622716029863_8580646204040769197_n-750x338.jpg 750w, https:\/\/atecordoba.org\/wp-content\/uploads\/2022\/05\/280717320_427622716029863_8580646204040769197_n-1140x513.jpg 1140w, https:\/\/atecordoba.org\/wp-content\/uploads\/2022\/05\/280717320_427622716029863_8580646204040769197_n.jpg 1422w\" sizes=\"auto, (max-width: 1024px) 100vw, 1024px\" \/><\/figure>\n\n\n\n<figure class=\"wp-block-image size-large is-style-default\"><img loading=\"lazy\" decoding=\"async\" width=\"1024\" height=\"472\" data-id=\"31916\" src=\"https:\/\/atecordoba.org\/wp-content\/uploads\/2022\/05\/280858285_427622499363218_8799824513879935628_n-1024x472.jpg\" alt=\"\" class=\"wp-image-31916\" srcset=\"https:\/\/atecordoba.org\/wp-content\/uploads\/2022\/05\/280858285_427622499363218_8799824513879935628_n-1024x472.jpg 1024w, https:\/\/atecordoba.org\/wp-content\/uploads\/2022\/05\/280858285_427622499363218_8799824513879935628_n-300x138.jpg 300w, https:\/\/atecordoba.org\/wp-content\/uploads\/2022\/05\/280858285_427622499363218_8799824513879935628_n-768x354.jpg 768w, https:\/\/atecordoba.org\/wp-content\/uploads\/2022\/05\/280858285_427622499363218_8799824513879935628_n-750x346.jpg 750w, https:\/\/atecordoba.org\/wp-content\/uploads\/2022\/05\/280858285_427622499363218_8799824513879935628_n-1140x525.jpg 1140w, https:\/\/atecordoba.org\/wp-content\/uploads\/2022\/05\/280858285_427622499363218_8799824513879935628_n.jpg 1280w\" sizes=\"auto, (max-width: 1024px) 100vw, 1024px\" \/><\/figure>\n<\/figure>\n","protected":false},"excerpt":{"rendered":"<p>Con un acto realizado en la ciudad de San Francisco, asumi\u00f3 ayer formalmente la conducci\u00f3n de la nueva seccional ATE San Justo. De esta forma, el secretario General, Dar\u00edo Paredes, y la secretaria General Adjunta, Florencia Lucero, junto al resto de la conducci\u00f3n de la seccional, asumen el desaf\u00edo de retomar el legado de la [&hellip;]<\/p>\n","protected":false},"author":7,"featured_media":31913,"comment_status":"open","ping_status":"open","sticky":false,"template":"","format":"standard","meta":{"_exactmetrics_skip_tracking":false,"_exactmetrics_sitenote_active":false,"_exactmetrics_sitenote_note":"","_exactmetrics_sitenote_category":0,"jnews-multi-image_gallery":[],"jnews_single_post":{"subtitle":"Desde el Consejo Directivo Provincial enviamos nuestro c\u00e1lido saludos a las y los compa\u00f1eros de la nueva seccional.","format":"standard","video":"","gallery":"","source_name":"","source_url":"","via_name":"","via_url":"","override_template":"0","override":[{"template":"1","single_blog_custom":"","parallax":"1","fullscreen":"1","layout":"right-sidebar","sidebar":"default-sidebar","second_sidebar":"default-sidebar","sticky_sidebar":"1","share_position":"top","share_float_style":"share-monocrhome","show_share_counter":"1","show_view_counter":"1","show_featured":"1","show_post_meta":"1","show_post_author":"1","show_post_author_image":"1","show_post_date":"1","post_date_format":"default","post_date_format_custom":"Y\/m\/d","show_post_category":"1","show_post_reading_time":"0","post_reading_time_wpm":"300","show_zoom_button":"0","zoom_button_out_step":"2","zoom_button_in_step":"3","show_post_tag":"1","show_prev_next_post":"1","show_popup_post":"1","number_popup_post":"1","show_author_box":"0","show_post_related":"0","show_inline_post_related":"0"}],"override_image_size":"0","image_override":[{"single_post_thumbnail_size":"crop-500","single_post_gallery_size":"crop-500"}],"trending_post":"0","trending_post_position":"meta","trending_post_label":"Trending","sponsored_post":"0","sponsored_post_label":"Sponsored by","sponsored_post_name":"","sponsored_post_url":"","sponsored_post_logo_enable":"0","sponsored_post_logo":"","sponsored_post_desc":"","disable_ad":"0"},"jnews_primary_category":{"id":""},"jnews_social_meta":{"fb_title":"","fb_description":"","fb_image":"","twitter_title":"","twitter_description":"","twitter_image":""},"jnews_review":[],"enable_review":"0","type":"percentage","name":"","summary":"","brand":"","sku":"","good":[{"good_text":""}],"bad":[{"bad_text":""}],"score_override":"","override_value":"","rating":[{"rating_text":"","rating_number":"10"}],"price":[{"shop":"","price":"","link":"","icon":""}],"jnews_override_counter":{"override_view_counter":"0","view_counter_number":"0","override_share_counter":"0","share_counter_number":"0","override_like_counter":"0","like_counter_number":"0","override_dislike_counter":"0","dislike_counter_number":"0"},"jnews_post_split":{"enable_post_split":"0","post_split":[{"template":"1","tag":"h2","numbering":"asc","mode":"normal","first":"0","enable_toc":"0","toc_type":"normal"}]},"footnotes":""},"categories":[148,34],"tags":[1115],"class_list":["post-31912","post","type-post","status-publish","format-standard","has-post-thumbnail","hentry","category-san-justo","category-seccionales","tag-asuncion-nueva-conduccion"],"jetpack_featured_media_url":"https:\/\/atecordoba.org\/wp-content\/uploads\/2022\/05\/280736043_427622466029888_6489512050914527723_n-e1652368635596.jpg","_links":{"self":[{"href":"https:\/\/atecordoba.org\/index.php?rest_route=\/wp\/v2\/posts\/31912","targetHints":{"allow":["GET"]}}],"collection":[{"href":"https:\/\/atecordoba.org\/index.php?rest_route=\/wp\/v2\/posts"}],"about":[{"href":"https:\/\/atecordoba.org\/index.php?rest_route=\/wp\/v2\/types\/post"}],"author":[{"embeddable":true,"href":"https:\/\/atecordoba.org\/index.php?rest_route=\/wp\/v2\/users\/7"}],"replies":[{"embeddable":true,"href":"https:\/\/atecordoba.org\/index.php?rest_route=%2Fwp%2Fv2%2Fcomments&post=31912"}],"version-history":[{"count":2,"href":"https:\/\/atecordoba.org\/index.php?rest_route=\/wp\/v2\/posts\/31912\/revisions"}],"predecessor-version":[{"id":31921,"href":"https:\/\/atecordoba.org\/index.php?rest_route=\/wp\/v2\/posts\/31912\/revisions\/31921"}],"wp:featuredmedia":[{"embeddable":true,"href":"https:\/\/atecordoba.org\/index.php?rest_route=\/wp\/v2\/media\/31913"}],"wp:attachment":[{"href":"https:\/\/atecordoba.org\/index.php?rest_route=%2Fwp%2Fv2%2Fmedia&parent=31912"}],"wp:term":[{"taxonomy":"category","embeddable":true,"href":"https:\/\/atecordoba.org\/index.php?rest_route=%2Fwp%2Fv2%2Fcategories&post=31912"},{"taxonomy":"post_tag","embeddable":true,"href":"https:\/\/atecordoba.org\/index.php?rest_route=%2Fwp%2Fv2%2Ftags&post=31912"}],"curies":[{"name":"wp","href":"https:\/\/api.w.org\/{rel}","templated":true}]}}