{"id":31894,"date":"2022-05-12T11:21:04","date_gmt":"2022-05-12T14:21:04","guid":{"rendered":"https:\/\/atecordoba.org\/?p=31894"},"modified":"2022-05-12T11:58:44","modified_gmt":"2022-05-12T14:58:44","slug":"giuliani-presente-en-la-marcha-federal-piquetera","status":"publish","type":"post","link":"https:\/\/atecordoba.org\/?p=31894","title":{"rendered":"Giuliani, presente en la Marcha Federal Piquetera"},"content":{"rendered":"\n<div class=\"wp-block-image is-style-default\"><figure class=\"aligncenter size-large is-resized\"><img loading=\"lazy\" decoding=\"async\" src=\"https:\/\/atecordoba.org\/wp-content\/uploads\/2022\/05\/IMG-20220511-WA0024-1024x768.jpg\" alt=\"\" class=\"wp-image-31895\" width=\"768\" height=\"576\" \/><\/figure><\/div>\n\n\n\n<p>Ayer tuvo su paso por C\u00f3rdoba la columna NOA de la Marcha Federal Piquetera, que concluye hoy en la Plaza de Mayo con una multitudinaria concentraci\u00f3n en la Plaza de Mayo donde, compa\u00f1eros y compa\u00f1eras de todo el pa\u00eds, expresar\u00e1n su reclamo por trabajo digno, salarios convencionados, que cubran la canasta familiar y terminar con la inflaci\u00f3n.<\/p>\n\n\n\n<p>Durante el acto de cierre de la marcha estuvo presente el secretario General de ATE y la CTAA de la Provincia de C\u00f3rdoba, Federico Giuliani, que se dirigi\u00f3 a la multitud desde el palco, expresando el apoyo de ATE C\u00f3rdoba a la protesta y afirmando que &#8220;la \u00fanica unidad de quienes trabajan es con las y los que luchan&#8221;.<\/p>\n\n\n\n<p>&#8220;Los derechos no se mendigan, se conquistan luchando y en la calle .\u00a1Arriba las y los que luchan!&#8221;, alent\u00f3.<\/p>\n\n\n\n<figure class=\"wp-block-gallery has-nested-images columns-default is-cropped wp-block-gallery-1 is-layout-flex wp-block-gallery-is-layout-flex\">\n<figure class=\"wp-block-image size-large is-style-default\"><a href=\"https:\/\/atecordoba.org\/wp-content\/uploads\/2022\/05\/IMG-20220511-WA0027.jpg\"><img loading=\"lazy\" decoding=\"async\" width=\"1024\" height=\"768\" data-id=\"31898\" src=\"https:\/\/atecordoba.org\/wp-content\/uploads\/2022\/05\/IMG-20220511-WA0027-1024x768.jpg\" alt=\"\" class=\"wp-image-31898\" srcset=\"https:\/\/atecordoba.org\/wp-content\/uploads\/2022\/05\/IMG-20220511-WA0027-1024x768.jpg 1024w, https:\/\/atecordoba.org\/wp-content\/uploads\/2022\/05\/IMG-20220511-WA0027-300x225.jpg 300w, https:\/\/atecordoba.org\/wp-content\/uploads\/2022\/05\/IMG-20220511-WA0027-768x576.jpg 768w, https:\/\/atecordoba.org\/wp-content\/uploads\/2022\/05\/IMG-20220511-WA0027-1536x1152.jpg 1536w, https:\/\/atecordoba.org\/wp-content\/uploads\/2022\/05\/IMG-20220511-WA0027-750x563.jpg 750w, https:\/\/atecordoba.org\/wp-content\/uploads\/2022\/05\/IMG-20220511-WA0027-1140x855.jpg 1140w, https:\/\/atecordoba.org\/wp-content\/uploads\/2022\/05\/IMG-20220511-WA0027.jpg 1600w\" sizes=\"auto, (max-width: 1024px) 100vw, 1024px\" \/><\/a><\/figure>\n\n\n\n<figure class=\"wp-block-image size-large is-style-default\"><a href=\"https:\/\/atecordoba.org\/wp-content\/uploads\/2022\/05\/IMG-20220511-WA0028.jpg\"><img loading=\"lazy\" decoding=\"async\" width=\"1024\" height=\"768\" data-id=\"31902\" src=\"https:\/\/atecordoba.org\/wp-content\/uploads\/2022\/05\/IMG-20220511-WA0028-1024x768.jpg\" alt=\"\" class=\"wp-image-31902\" srcset=\"https:\/\/atecordoba.org\/wp-content\/uploads\/2022\/05\/IMG-20220511-WA0028-1024x768.jpg 1024w, https:\/\/atecordoba.org\/wp-content\/uploads\/2022\/05\/IMG-20220511-WA0028-300x225.jpg 300w, https:\/\/atecordoba.org\/wp-content\/uploads\/2022\/05\/IMG-20220511-WA0028-768x576.jpg 768w, https:\/\/atecordoba.org\/wp-content\/uploads\/2022\/05\/IMG-20220511-WA0028-1536x1152.jpg 1536w, https:\/\/atecordoba.org\/wp-content\/uploads\/2022\/05\/IMG-20220511-WA0028-750x563.jpg 750w, https:\/\/atecordoba.org\/wp-content\/uploads\/2022\/05\/IMG-20220511-WA0028-1140x855.jpg 1140w, https:\/\/atecordoba.org\/wp-content\/uploads\/2022\/05\/IMG-20220511-WA0028.jpg 1600w\" sizes=\"auto, (max-width: 1024px) 100vw, 1024px\" \/><\/a><\/figure>\n\n\n\n<figure class=\"wp-block-image size-large is-style-default\"><a href=\"https:\/\/atecordoba.org\/wp-content\/uploads\/2022\/05\/IMG-20220511-WA0029.jpg\"><img loading=\"lazy\" decoding=\"async\" width=\"1024\" height=\"768\" data-id=\"31905\" src=\"https:\/\/atecordoba.org\/wp-content\/uploads\/2022\/05\/IMG-20220511-WA0029-1024x768.jpg\" alt=\"\" class=\"wp-image-31905\" srcset=\"https:\/\/atecordoba.org\/wp-content\/uploads\/2022\/05\/IMG-20220511-WA0029-1024x768.jpg 1024w, https:\/\/atecordoba.org\/wp-content\/uploads\/2022\/05\/IMG-20220511-WA0029-300x225.jpg 300w, https:\/\/atecordoba.org\/wp-content\/uploads\/2022\/05\/IMG-20220511-WA0029-768x576.jpg 768w, https:\/\/atecordoba.org\/wp-content\/uploads\/2022\/05\/IMG-20220511-WA0029-1536x1152.jpg 1536w, https:\/\/atecordoba.org\/wp-content\/uploads\/2022\/05\/IMG-20220511-WA0029-750x563.jpg 750w, https:\/\/atecordoba.org\/wp-content\/uploads\/2022\/05\/IMG-20220511-WA0029-1140x855.jpg 1140w, https:\/\/atecordoba.org\/wp-content\/uploads\/2022\/05\/IMG-20220511-WA0029.jpg 1600w\" sizes=\"auto, (max-width: 1024px) 100vw, 1024px\" \/><\/a><\/figure>\n\n\n\n<figure class=\"wp-block-image size-large is-style-default\"><a href=\"https:\/\/atecordoba.org\/wp-content\/uploads\/2022\/05\/20220511_143817-scaled.jpg\"><img loading=\"lazy\" decoding=\"async\" width=\"1024\" height=\"576\" data-id=\"31909\" src=\"https:\/\/atecordoba.org\/wp-content\/uploads\/2022\/05\/20220511_143817-1024x576.jpg\" alt=\"\" class=\"wp-image-31909\" srcset=\"https:\/\/atecordoba.org\/wp-content\/uploads\/2022\/05\/20220511_143817-1024x576.jpg 1024w, https:\/\/atecordoba.org\/wp-content\/uploads\/2022\/05\/20220511_143817-300x169.jpg 300w, https:\/\/atecordoba.org\/wp-content\/uploads\/2022\/05\/20220511_143817-768x432.jpg 768w, https:\/\/atecordoba.org\/wp-content\/uploads\/2022\/05\/20220511_143817-1536x864.jpg 1536w, https:\/\/atecordoba.org\/wp-content\/uploads\/2022\/05\/20220511_143817-2048x1152.jpg 2048w, https:\/\/atecordoba.org\/wp-content\/uploads\/2022\/05\/20220511_143817-750x422.jpg 750w, https:\/\/atecordoba.org\/wp-content\/uploads\/2022\/05\/20220511_143817-1140x641.jpg 1140w\" sizes=\"auto, (max-width: 1024px) 100vw, 1024px\" \/><\/a><\/figure>\n\n\n\n<figure class=\"wp-block-image size-large is-style-default\"><a href=\"https:\/\/atecordoba.org\/wp-content\/uploads\/2022\/05\/20220511_144227-scaled.jpg\"><img loading=\"lazy\" decoding=\"async\" width=\"1024\" height=\"576\" data-id=\"31906\" src=\"https:\/\/atecordoba.org\/wp-content\/uploads\/2022\/05\/20220511_144227-1024x576.jpg\" alt=\"\" class=\"wp-image-31906\" srcset=\"https:\/\/atecordoba.org\/wp-content\/uploads\/2022\/05\/20220511_144227-1024x576.jpg 1024w, https:\/\/atecordoba.org\/wp-content\/uploads\/2022\/05\/20220511_144227-300x169.jpg 300w, https:\/\/atecordoba.org\/wp-content\/uploads\/2022\/05\/20220511_144227-768x432.jpg 768w, https:\/\/atecordoba.org\/wp-content\/uploads\/2022\/05\/20220511_144227-1536x864.jpg 1536w, https:\/\/atecordoba.org\/wp-content\/uploads\/2022\/05\/20220511_144227-2048x1152.jpg 2048w, https:\/\/atecordoba.org\/wp-content\/uploads\/2022\/05\/20220511_144227-750x422.jpg 750w, https:\/\/atecordoba.org\/wp-content\/uploads\/2022\/05\/20220511_144227-1140x641.jpg 1140w\" sizes=\"auto, (max-width: 1024px) 100vw, 1024px\" \/><\/a><\/figure>\n\n\n\n<figure class=\"wp-block-image size-large is-style-default\"><a href=\"https:\/\/atecordoba.org\/wp-content\/uploads\/2022\/05\/20220511_144431-scaled.jpg\"><img loading=\"lazy\" decoding=\"async\" width=\"1024\" height=\"576\" data-id=\"31907\" src=\"https:\/\/atecordoba.org\/wp-content\/uploads\/2022\/05\/20220511_144431-1024x576.jpg\" alt=\"\" class=\"wp-image-31907\" srcset=\"https:\/\/atecordoba.org\/wp-content\/uploads\/2022\/05\/20220511_144431-1024x576.jpg 1024w, https:\/\/atecordoba.org\/wp-content\/uploads\/2022\/05\/20220511_144431-300x169.jpg 300w, https:\/\/atecordoba.org\/wp-content\/uploads\/2022\/05\/20220511_144431-768x432.jpg 768w, https:\/\/atecordoba.org\/wp-content\/uploads\/2022\/05\/20220511_144431-1536x864.jpg 1536w, https:\/\/atecordoba.org\/wp-content\/uploads\/2022\/05\/20220511_144431-2048x1152.jpg 2048w, https:\/\/atecordoba.org\/wp-content\/uploads\/2022\/05\/20220511_144431-750x422.jpg 750w, https:\/\/atecordoba.org\/wp-content\/uploads\/2022\/05\/20220511_144431-1140x641.jpg 1140w\" sizes=\"auto, (max-width: 1024px) 100vw, 1024px\" \/><\/a><\/figure>\n\n\n\n<figure class=\"wp-block-image size-large is-style-default\"><a href=\"https:\/\/atecordoba.org\/wp-content\/uploads\/2022\/05\/20220511_144445-scaled.jpg\"><img loading=\"lazy\" decoding=\"async\" width=\"1024\" height=\"576\" data-id=\"31908\" src=\"https:\/\/atecordoba.org\/wp-content\/uploads\/2022\/05\/20220511_144445-1024x576.jpg\" alt=\"\" class=\"wp-image-31908\" srcset=\"https:\/\/atecordoba.org\/wp-content\/uploads\/2022\/05\/20220511_144445-1024x576.jpg 1024w, https:\/\/atecordoba.org\/wp-content\/uploads\/2022\/05\/20220511_144445-300x169.jpg 300w, https:\/\/atecordoba.org\/wp-content\/uploads\/2022\/05\/20220511_144445-768x432.jpg 768w, https:\/\/atecordoba.org\/wp-content\/uploads\/2022\/05\/20220511_144445-1536x864.jpg 1536w, https:\/\/atecordoba.org\/wp-content\/uploads\/2022\/05\/20220511_144445-2048x1152.jpg 2048w, https:\/\/atecordoba.org\/wp-content\/uploads\/2022\/05\/20220511_144445-750x422.jpg 750w, https:\/\/atecordoba.org\/wp-content\/uploads\/2022\/05\/20220511_144445-1140x641.jpg 1140w\" sizes=\"auto, (max-width: 1024px) 100vw, 1024px\" \/><\/a><\/figure>\n\n\n\n<figure class=\"wp-block-image size-large is-style-default\"><a href=\"https:\/\/atecordoba.org\/wp-content\/uploads\/2022\/05\/IMG-20220511-WA0018.jpg\"><img loading=\"lazy\" decoding=\"async\" width=\"1024\" height=\"768\" data-id=\"31903\" src=\"https:\/\/atecordoba.org\/wp-content\/uploads\/2022\/05\/IMG-20220511-WA0018-1024x768.jpg\" alt=\"\" class=\"wp-image-31903\" srcset=\"https:\/\/atecordoba.org\/wp-content\/uploads\/2022\/05\/IMG-20220511-WA0018-1024x768.jpg 1024w, https:\/\/atecordoba.org\/wp-content\/uploads\/2022\/05\/IMG-20220511-WA0018-300x225.jpg 300w, https:\/\/atecordoba.org\/wp-content\/uploads\/2022\/05\/IMG-20220511-WA0018-768x576.jpg 768w, https:\/\/atecordoba.org\/wp-content\/uploads\/2022\/05\/IMG-20220511-WA0018-1536x1152.jpg 1536w, https:\/\/atecordoba.org\/wp-content\/uploads\/2022\/05\/IMG-20220511-WA0018-750x563.jpg 750w, https:\/\/atecordoba.org\/wp-content\/uploads\/2022\/05\/IMG-20220511-WA0018-1140x855.jpg 1140w, https:\/\/atecordoba.org\/wp-content\/uploads\/2022\/05\/IMG-20220511-WA0018.jpg 1600w\" sizes=\"auto, (max-width: 1024px) 100vw, 1024px\" \/><\/a><\/figure>\n\n\n\n<figure class=\"wp-block-image size-large is-style-default\"><a href=\"https:\/\/atecordoba.org\/wp-content\/uploads\/2022\/05\/IMG-20220511-WA0020.jpg\"><img loading=\"lazy\" decoding=\"async\" width=\"1024\" height=\"768\" data-id=\"31899\" src=\"https:\/\/atecordoba.org\/wp-content\/uploads\/2022\/05\/IMG-20220511-WA0020-1024x768.jpg\" alt=\"\" class=\"wp-image-31899\" srcset=\"https:\/\/atecordoba.org\/wp-content\/uploads\/2022\/05\/IMG-20220511-WA0020-1024x768.jpg 1024w, https:\/\/atecordoba.org\/wp-content\/uploads\/2022\/05\/IMG-20220511-WA0020-300x225.jpg 300w, https:\/\/atecordoba.org\/wp-content\/uploads\/2022\/05\/IMG-20220511-WA0020-768x576.jpg 768w, https:\/\/atecordoba.org\/wp-content\/uploads\/2022\/05\/IMG-20220511-WA0020-1536x1152.jpg 1536w, https:\/\/atecordoba.org\/wp-content\/uploads\/2022\/05\/IMG-20220511-WA0020-750x563.jpg 750w, https:\/\/atecordoba.org\/wp-content\/uploads\/2022\/05\/IMG-20220511-WA0020-1140x855.jpg 1140w, https:\/\/atecordoba.org\/wp-content\/uploads\/2022\/05\/IMG-20220511-WA0020.jpg 1600w\" sizes=\"auto, (max-width: 1024px) 100vw, 1024px\" \/><\/a><\/figure>\n\n\n\n<figure class=\"wp-block-image size-large is-style-default\"><a href=\"https:\/\/atecordoba.org\/wp-content\/uploads\/2022\/05\/IMG-20220511-WA0021.jpg\"><img loading=\"lazy\" decoding=\"async\" width=\"1024\" height=\"768\" data-id=\"31896\" src=\"https:\/\/atecordoba.org\/wp-content\/uploads\/2022\/05\/IMG-20220511-WA0021-1024x768.jpg\" alt=\"\" class=\"wp-image-31896\" srcset=\"https:\/\/atecordoba.org\/wp-content\/uploads\/2022\/05\/IMG-20220511-WA0021-1024x768.jpg 1024w, https:\/\/atecordoba.org\/wp-content\/uploads\/2022\/05\/IMG-20220511-WA0021-300x225.jpg 300w, https:\/\/atecordoba.org\/wp-content\/uploads\/2022\/05\/IMG-20220511-WA0021-768x576.jpg 768w, https:\/\/atecordoba.org\/wp-content\/uploads\/2022\/05\/IMG-20220511-WA0021-1536x1152.jpg 1536w, https:\/\/atecordoba.org\/wp-content\/uploads\/2022\/05\/IMG-20220511-WA0021-750x563.jpg 750w, https:\/\/atecordoba.org\/wp-content\/uploads\/2022\/05\/IMG-20220511-WA0021-1140x855.jpg 1140w, https:\/\/atecordoba.org\/wp-content\/uploads\/2022\/05\/IMG-20220511-WA0021.jpg 1600w\" sizes=\"auto, (max-width: 1024px) 100vw, 1024px\" \/><\/a><\/figure>\n\n\n\n<figure class=\"wp-block-image size-large is-style-default\"><a href=\"https:\/\/atecordoba.org\/wp-content\/uploads\/2022\/05\/IMG-20220511-WA0022.jpg\"><img loading=\"lazy\" decoding=\"async\" width=\"1024\" height=\"768\" data-id=\"31897\" src=\"https:\/\/atecordoba.org\/wp-content\/uploads\/2022\/05\/IMG-20220511-WA0022-1024x768.jpg\" alt=\"\" class=\"wp-image-31897\" srcset=\"https:\/\/atecordoba.org\/wp-content\/uploads\/2022\/05\/IMG-20220511-WA0022-1024x768.jpg 1024w, https:\/\/atecordoba.org\/wp-content\/uploads\/2022\/05\/IMG-20220511-WA0022-300x225.jpg 300w, https:\/\/atecordoba.org\/wp-content\/uploads\/2022\/05\/IMG-20220511-WA0022-768x576.jpg 768w, https:\/\/atecordoba.org\/wp-content\/uploads\/2022\/05\/IMG-20220511-WA0022-1536x1152.jpg 1536w, https:\/\/atecordoba.org\/wp-content\/uploads\/2022\/05\/IMG-20220511-WA0022-750x563.jpg 750w, https:\/\/atecordoba.org\/wp-content\/uploads\/2022\/05\/IMG-20220511-WA0022-1140x855.jpg 1140w, https:\/\/atecordoba.org\/wp-content\/uploads\/2022\/05\/IMG-20220511-WA0022.jpg 1600w\" sizes=\"auto, (max-width: 1024px) 100vw, 1024px\" \/><\/a><\/figure>\n\n\n\n<figure class=\"wp-block-image size-large is-style-default\"><a href=\"https:\/\/atecordoba.org\/wp-content\/uploads\/2022\/05\/IMG-20220511-WA0023.jpg\"><img loading=\"lazy\" decoding=\"async\" width=\"1024\" height=\"768\" data-id=\"31901\" src=\"https:\/\/atecordoba.org\/wp-content\/uploads\/2022\/05\/IMG-20220511-WA0023-1024x768.jpg\" alt=\"\" class=\"wp-image-31901\" srcset=\"https:\/\/atecordoba.org\/wp-content\/uploads\/2022\/05\/IMG-20220511-WA0023-1024x768.jpg 1024w, https:\/\/atecordoba.org\/wp-content\/uploads\/2022\/05\/IMG-20220511-WA0023-300x225.jpg 300w, https:\/\/atecordoba.org\/wp-content\/uploads\/2022\/05\/IMG-20220511-WA0023-768x576.jpg 768w, https:\/\/atecordoba.org\/wp-content\/uploads\/2022\/05\/IMG-20220511-WA0023-1536x1152.jpg 1536w, https:\/\/atecordoba.org\/wp-content\/uploads\/2022\/05\/IMG-20220511-WA0023-750x563.jpg 750w, https:\/\/atecordoba.org\/wp-content\/uploads\/2022\/05\/IMG-20220511-WA0023-1140x855.jpg 1140w, https:\/\/atecordoba.org\/wp-content\/uploads\/2022\/05\/IMG-20220511-WA0023.jpg 1600w\" sizes=\"auto, (max-width: 1024px) 100vw, 1024px\" \/><\/a><\/figure>\n\n\n\n<figure class=\"wp-block-image size-large is-style-default\"><a href=\"https:\/\/atecordoba.org\/wp-content\/uploads\/2022\/05\/IMG-20220511-WA0025.jpg\"><img loading=\"lazy\" decoding=\"async\" width=\"1024\" height=\"768\" data-id=\"31900\" src=\"https:\/\/atecordoba.org\/wp-content\/uploads\/2022\/05\/IMG-20220511-WA0025-1024x768.jpg\" alt=\"\" class=\"wp-image-31900\" srcset=\"https:\/\/atecordoba.org\/wp-content\/uploads\/2022\/05\/IMG-20220511-WA0025-1024x768.jpg 1024w, https:\/\/atecordoba.org\/wp-content\/uploads\/2022\/05\/IMG-20220511-WA0025-300x225.jpg 300w, https:\/\/atecordoba.org\/wp-content\/uploads\/2022\/05\/IMG-20220511-WA0025-768x576.jpg 768w, https:\/\/atecordoba.org\/wp-content\/uploads\/2022\/05\/IMG-20220511-WA0025-1536x1152.jpg 1536w, https:\/\/atecordoba.org\/wp-content\/uploads\/2022\/05\/IMG-20220511-WA0025-750x563.jpg 750w, https:\/\/atecordoba.org\/wp-content\/uploads\/2022\/05\/IMG-20220511-WA0025-1140x855.jpg 1140w, https:\/\/atecordoba.org\/wp-content\/uploads\/2022\/05\/IMG-20220511-WA0025.jpg 1600w\" sizes=\"auto, (max-width: 1024px) 100vw, 1024px\" \/><\/a><\/figure>\n\n\n\n<figure class=\"wp-block-image size-large is-style-default\"><a href=\"https:\/\/atecordoba.org\/wp-content\/uploads\/2022\/05\/IMG-20220511-WA0026.jpg\"><img loading=\"lazy\" decoding=\"async\" width=\"1024\" height=\"768\" data-id=\"31904\" src=\"https:\/\/atecordoba.org\/wp-content\/uploads\/2022\/05\/IMG-20220511-WA0026-1024x768.jpg\" alt=\"\" class=\"wp-image-31904\" srcset=\"https:\/\/atecordoba.org\/wp-content\/uploads\/2022\/05\/IMG-20220511-WA0026-1024x768.jpg 1024w, https:\/\/atecordoba.org\/wp-content\/uploads\/2022\/05\/IMG-20220511-WA0026-300x225.jpg 300w, https:\/\/atecordoba.org\/wp-content\/uploads\/2022\/05\/IMG-20220511-WA0026-768x576.jpg 768w, https:\/\/atecordoba.org\/wp-content\/uploads\/2022\/05\/IMG-20220511-WA0026-1536x1152.jpg 1536w, https:\/\/atecordoba.org\/wp-content\/uploads\/2022\/05\/IMG-20220511-WA0026-750x563.jpg 750w, https:\/\/atecordoba.org\/wp-content\/uploads\/2022\/05\/IMG-20220511-WA0026-1140x855.jpg 1140w, https:\/\/atecordoba.org\/wp-content\/uploads\/2022\/05\/IMG-20220511-WA0026.jpg 1600w\" sizes=\"auto, (max-width: 1024px) 100vw, 1024px\" \/><\/a><\/figure>\n<\/figure>\n","protected":false},"excerpt":{"rendered":"<p>Ayer tuvo su paso por C\u00f3rdoba la columna NOA de la Marcha Federal Piquetera, que concluye hoy en la Plaza de Mayo con una multitudinaria concentraci\u00f3n en la Plaza de Mayo donde, compa\u00f1eros y compa\u00f1eras de todo el pa\u00eds, expresar\u00e1n su reclamo por trabajo digno, salarios convencionados, que cubran la canasta familiar y terminar con [&hellip;]<\/p>\n","protected":false},"author":7,"featured_media":31895,"comment_status":"open","ping_status":"open","sticky":false,"template":"","format":"standard","meta":{"_exactmetrics_skip_tracking":false,"_exactmetrics_sitenote_active":false,"_exactmetrics_sitenote_note":"","_exactmetrics_sitenote_category":0,"jnews-multi-image_gallery":[],"jnews_single_post":{"subtitle":"Durante el acto el secretario General de ATE C\u00f3rdoba, Federico Giuliani, dijo que  \"la \u00fanica unidad de quienes trabajan es con las y los que luchan\".","format":"standard","video":"","gallery":"","source_name":"","source_url":"","via_name":"","via_url":"","override_template":"0","override":[{"template":"1","single_blog_custom":"","parallax":"1","fullscreen":"1","layout":"right-sidebar","sidebar":"default-sidebar","second_sidebar":"default-sidebar","sticky_sidebar":"1","share_position":"top","share_float_style":"share-monocrhome","show_share_counter":"1","show_view_counter":"1","show_featured":"1","show_post_meta":"1","show_post_author":"1","show_post_author_image":"1","show_post_date":"1","post_date_format":"default","post_date_format_custom":"Y\/m\/d","show_post_category":"1","show_post_reading_time":"0","post_reading_time_wpm":"300","show_zoom_button":"0","zoom_button_out_step":"2","zoom_button_in_step":"3","show_post_tag":"1","show_prev_next_post":"1","show_popup_post":"1","number_popup_post":"1","show_author_box":"0","show_post_related":"0","show_inline_post_related":"0"}],"override_image_size":"0","image_override":[{"single_post_thumbnail_size":"crop-500","single_post_gallery_size":"crop-500"}],"trending_post":"0","trending_post_position":"meta","trending_post_label":"Trending","sponsored_post":"0","sponsored_post_label":"Sponsored by","sponsored_post_name":"","sponsored_post_url":"","sponsored_post_logo_enable":"0","sponsored_post_logo":"","sponsored_post_desc":"","disable_ad":"0"},"jnews_primary_category":{"id":""},"jnews_social_meta":{"fb_title":"Acci\u00f3n pol\u00edtica: Giuliani, presente en la Marcha Federal Piquetera","fb_description":"","fb_image":"","twitter_title":"","twitter_description":"","twitter_image":""},"jnews_review":[],"enable_review":"0","type":"percentage","name":"","summary":"","brand":"","sku":"","good":[{"good_text":""}],"bad":[{"bad_text":""}],"score_override":"","override_value":"","rating":[{"rating_text":"","rating_number":"10"}],"price":[{"shop":"","price":"","link":"","icon":""}],"jnews_override_counter":{"override_view_counter":"0","view_counter_number":"0","override_share_counter":"0","share_counter_number":"0","override_like_counter":"0","like_counter_number":"0","override_dislike_counter":"0","dislike_counter_number":"0"},"jnews_post_split":{"enable_post_split":"0","post_split":[{"template":"1","tag":"h2","numbering":"asc","mode":"normal","first":"0","enable_toc":"0","toc_type":"normal"}]},"footnotes":""},"categories":[10],"tags":[],"class_list":["post-31894","post","type-post","status-publish","format-standard","has-post-thumbnail","hentry","category-accion-politica"],"jetpack_featured_media_url":"https:\/\/atecordoba.org\/wp-content\/uploads\/2022\/05\/IMG-20220511-WA0024-e1652367517270.jpg","_links":{"self":[{"href":"https:\/\/atecordoba.org\/index.php?rest_route=\/wp\/v2\/posts\/31894","targetHints":{"allow":["GET"]}}],"collection":[{"href":"https:\/\/atecordoba.org\/index.php?rest_route=\/wp\/v2\/posts"}],"about":[{"href":"https:\/\/atecordoba.org\/index.php?rest_route=\/wp\/v2\/types\/post"}],"author":[{"embeddable":true,"href":"https:\/\/atecordoba.org\/index.php?rest_route=\/wp\/v2\/users\/7"}],"replies":[{"embeddable":true,"href":"https:\/\/atecordoba.org\/index.php?rest_route=%2Fwp%2Fv2%2Fcomments&post=31894"}],"version-history":[{"count":2,"href":"https:\/\/atecordoba.org\/index.php?rest_route=\/wp\/v2\/posts\/31894\/revisions"}],"predecessor-version":[{"id":31911,"href":"https:\/\/atecordoba.org\/index.php?rest_route=\/wp\/v2\/posts\/31894\/revisions\/31911"}],"wp:featuredmedia":[{"embeddable":true,"href":"https:\/\/atecordoba.org\/index.php?rest_route=\/wp\/v2\/media\/31895"}],"wp:attachment":[{"href":"https:\/\/atecordoba.org\/index.php?rest_route=%2Fwp%2Fv2%2Fmedia&parent=31894"}],"wp:term":[{"taxonomy":"category","embeddable":true,"href":"https:\/\/atecordoba.org\/index.php?rest_route=%2Fwp%2Fv2%2Fcategories&post=31894"},{"taxonomy":"post_tag","embeddable":true,"href":"https:\/\/atecordoba.org\/index.php?rest_route=%2Fwp%2Fv2%2Ftags&post=31894"}],"curies":[{"name":"wp","href":"https:\/\/api.w.org\/{rel}","templated":true}]}}