{"id":31869,"date":"2022-05-11T12:21:39","date_gmt":"2022-05-11T15:21:39","guid":{"rendered":"https:\/\/atecordoba.org\/?p=31869"},"modified":"2022-05-12T11:02:07","modified_gmt":"2022-05-12T14:02:07","slug":"se-presento-ayer-en-ate-el-informe-sindicalismo-y-feminismo-del-observatorio-de-derecho-social-de-la-cta-autonoma","status":"publish","type":"post","link":"https:\/\/atecordoba.org\/?p=31869","title":{"rendered":"Se present\u00f3 ayer en ATE el informe &#8216;Sindicalismo y feminismo&#8217; del Observatorio de Derecho Social de la CTA Aut\u00f3noma"},"content":{"rendered":"\n<div class=\"wp-block-image is-style-default\"><figure class=\"aligncenter size-large is-resized\"><img loading=\"lazy\" decoding=\"async\" src=\"https:\/\/atecordoba.org\/wp-content\/uploads\/2022\/05\/IMG-20220510-WA0095-1024x576.jpg\" alt=\"\" class=\"wp-image-31870\" width=\"768\" height=\"432\" \/><\/figure><\/div>\n\n\n\n<p>En una actividad realizada ayer en el sal\u00f3n de actos H\u00e9ctor la perra Castro de la sede del Consejo Directivo Provincial (CDP) de ATE C\u00f3rdoba, se llev\u00f3 a cabo ayer la presentaci\u00f3n del informe &#8216;Sindicalismo y feminismo: estrategias y mecanismos para fomentar la participaci\u00f3n gremial de las trabajadoras&#8217;, en el marco de una convocatoria de la Intersindical de Mujeres de C\u00f3rdoba, foro que congrega a dirigentas de diversos gremios de nuestra provincia, y donde ATE tiene presencia permanente. <\/p>\n\n\n\n<p>Se trata de un informe realizado con el apoyo de la Fundaci\u00f3n Rosa de Luxemburgo, a cargo de las investigadoras del Observatorio de Derecho Social de la CTA Aut\u00f3noma Jimena Frankel, Julia Campos y Mariana Campos.<\/p>\n\n\n\n<p>En acto estuvo encabezado por la responsable del Departamento de G\u00e9neros y Diversidades, Gabriela Alcoba, y cont\u00f3 con la presencia de su par del Consejo Directivo Nacional, Clarisa Gambera as\u00ed como de las autoras del informe:  <\/p>\n\n\n\n<p>Estuvieron tambi\u00e9n la secretaria de Prensa de ATE C\u00f3rdoba, Julia Giuliani, Silvia Alcoba, Coordinadora de la FeNaT en la provincia de C\u00f3rdoba y una importante delegaci\u00f3n llegada desde la seccional Rosario, la secretaria de Prensa de CTAA nacional y secretaria General del Cispren, Maria Ana Mandacovik, y la secretaria General del Cispren Villa Mar\u00eda, Rossana Caniglia,  junto a compa\u00f1eras dirigentas, delegadas y activistas de ATE de diversos organismo del Estado.<\/p>\n\n\n\n<figure class=\"wp-block-gallery has-nested-images columns-default is-cropped wp-block-gallery-1 is-layout-flex wp-block-gallery-is-layout-flex\">\n<figure class=\"wp-block-image size-large is-style-default\"><img loading=\"lazy\" decoding=\"async\" width=\"1024\" height=\"576\" data-id=\"31872\" src=\"https:\/\/atecordoba.org\/wp-content\/uploads\/2022\/05\/IMG-20220510-WA0092-copia-1024x576.jpg\" alt=\"\" class=\"wp-image-31872\" srcset=\"https:\/\/atecordoba.org\/wp-content\/uploads\/2022\/05\/IMG-20220510-WA0092-copia-1024x576.jpg 1024w, https:\/\/atecordoba.org\/wp-content\/uploads\/2022\/05\/IMG-20220510-WA0092-copia-300x169.jpg 300w, https:\/\/atecordoba.org\/wp-content\/uploads\/2022\/05\/IMG-20220510-WA0092-copia-768x432.jpg 768w, https:\/\/atecordoba.org\/wp-content\/uploads\/2022\/05\/IMG-20220510-WA0092-copia-1536x864.jpg 1536w, https:\/\/atecordoba.org\/wp-content\/uploads\/2022\/05\/IMG-20220510-WA0092-copia-750x422.jpg 750w, https:\/\/atecordoba.org\/wp-content\/uploads\/2022\/05\/IMG-20220510-WA0092-copia-1140x641.jpg 1140w, https:\/\/atecordoba.org\/wp-content\/uploads\/2022\/05\/IMG-20220510-WA0092-copia.jpg 1600w\" sizes=\"auto, (max-width: 1024px) 100vw, 1024px\" \/><\/figure>\n\n\n\n<figure class=\"wp-block-image size-large is-style-default\"><img loading=\"lazy\" decoding=\"async\" width=\"1024\" height=\"576\" data-id=\"31873\" src=\"https:\/\/atecordoba.org\/wp-content\/uploads\/2022\/05\/IMG-20220510-WA0094-1024x576.jpg\" alt=\"\" class=\"wp-image-31873\" srcset=\"https:\/\/atecordoba.org\/wp-content\/uploads\/2022\/05\/IMG-20220510-WA0094-1024x576.jpg 1024w, https:\/\/atecordoba.org\/wp-content\/uploads\/2022\/05\/IMG-20220510-WA0094-300x169.jpg 300w, https:\/\/atecordoba.org\/wp-content\/uploads\/2022\/05\/IMG-20220510-WA0094-768x432.jpg 768w, https:\/\/atecordoba.org\/wp-content\/uploads\/2022\/05\/IMG-20220510-WA0094-1536x864.jpg 1536w, https:\/\/atecordoba.org\/wp-content\/uploads\/2022\/05\/IMG-20220510-WA0094-750x422.jpg 750w, https:\/\/atecordoba.org\/wp-content\/uploads\/2022\/05\/IMG-20220510-WA0094-1140x641.jpg 1140w, https:\/\/atecordoba.org\/wp-content\/uploads\/2022\/05\/IMG-20220510-WA0094.jpg 1600w\" sizes=\"auto, (max-width: 1024px) 100vw, 1024px\" \/><\/figure>\n\n\n\n<figure class=\"wp-block-image size-large is-style-default\"><img loading=\"lazy\" decoding=\"async\" width=\"1024\" height=\"576\" data-id=\"31871\" src=\"https:\/\/atecordoba.org\/wp-content\/uploads\/2022\/05\/IMG-20220510-WA0097-copia-1024x576.jpg\" alt=\"\" class=\"wp-image-31871\" srcset=\"https:\/\/atecordoba.org\/wp-content\/uploads\/2022\/05\/IMG-20220510-WA0097-copia-1024x576.jpg 1024w, https:\/\/atecordoba.org\/wp-content\/uploads\/2022\/05\/IMG-20220510-WA0097-copia-300x169.jpg 300w, https:\/\/atecordoba.org\/wp-content\/uploads\/2022\/05\/IMG-20220510-WA0097-copia-768x432.jpg 768w, https:\/\/atecordoba.org\/wp-content\/uploads\/2022\/05\/IMG-20220510-WA0097-copia-1536x864.jpg 1536w, https:\/\/atecordoba.org\/wp-content\/uploads\/2022\/05\/IMG-20220510-WA0097-copia-750x422.jpg 750w, https:\/\/atecordoba.org\/wp-content\/uploads\/2022\/05\/IMG-20220510-WA0097-copia-1140x641.jpg 1140w, https:\/\/atecordoba.org\/wp-content\/uploads\/2022\/05\/IMG-20220510-WA0097-copia.jpg 1600w\" sizes=\"auto, (max-width: 1024px) 100vw, 1024px\" \/><\/figure>\n<\/figure>\n\n\n\n<p>En la presentaci\u00f3n de la actividad, Gabriela Alcoba dijo que el informe es muy valioso &#8220;para las mujeres y el movimiento feminista, sobre todo para las que optamos por militar dentro de los sindicatos. &nbsp;No es f\u00e1cil porque todos los gremios son verticalistas y patriarcales, a las mujeres y diversidades nos cuesta formar parte. Lo asumimos desde ATE y nuestra primera resoluci\u00f3n fue armar el Departamento de G\u00e9neros y Diversidades&#8221;.<\/p>\n\n\n\n<p>El informe viene a contar cu\u00e1les son los obst\u00e1culos dentro de los gremios. &#8220;Entendemos que la pol\u00edtica de g\u00e9neros no debe estar delimitada a un departamento en particular, sino que sea transversal, a todas las secretar\u00edas, porque todos los espacios deben tener perspectiva de g\u00e9nero. En ese camino andamos, apostando a la construcci\u00f3n colectiva del movimiento obrero&#8221;, dijo Alcoba.<\/p>\n\n\n\n<p>A su vez, Clarisa Gambera apunt\u00f3 que &#8220;estamos construyendo espacios transversales y colectivos mientras demandamos institucionalidad. Por un lado, est\u00e1 lo que venimos construyendo desde los feminismos populares, a trav\u00e9s de los encuentros nacionales o a lo larga de experiencias como la campa\u00f1a por el aborto legal, construyendo una forma de hacer pol\u00edtica e intentamos que algo de eso impregne en el sindicalismo. No es f\u00e1cil porque el sindicato es una de las estructuras m\u00e1s masculinizadas, creada por varones y a la medida de varones&#8221;.<\/p>\n\n\n\n<figure class=\"wp-block-gallery has-nested-images columns-default is-cropped wp-block-gallery-2 is-layout-flex wp-block-gallery-is-layout-flex\">\n<figure class=\"wp-block-image size-large is-style-default\"><img loading=\"lazy\" decoding=\"async\" width=\"1024\" height=\"576\" data-id=\"31874\" src=\"https:\/\/atecordoba.org\/wp-content\/uploads\/2022\/05\/IMG-20220510-WA0102-1024x576.jpg\" alt=\"\" class=\"wp-image-31874\" srcset=\"https:\/\/atecordoba.org\/wp-content\/uploads\/2022\/05\/IMG-20220510-WA0102-1024x576.jpg 1024w, https:\/\/atecordoba.org\/wp-content\/uploads\/2022\/05\/IMG-20220510-WA0102-300x169.jpg 300w, https:\/\/atecordoba.org\/wp-content\/uploads\/2022\/05\/IMG-20220510-WA0102-768x432.jpg 768w, https:\/\/atecordoba.org\/wp-content\/uploads\/2022\/05\/IMG-20220510-WA0102-1536x864.jpg 1536w, https:\/\/atecordoba.org\/wp-content\/uploads\/2022\/05\/IMG-20220510-WA0102-750x422.jpg 750w, https:\/\/atecordoba.org\/wp-content\/uploads\/2022\/05\/IMG-20220510-WA0102-1140x641.jpg 1140w, https:\/\/atecordoba.org\/wp-content\/uploads\/2022\/05\/IMG-20220510-WA0102.jpg 1600w\" sizes=\"auto, (max-width: 1024px) 100vw, 1024px\" \/><\/figure>\n\n\n\n<figure class=\"wp-block-image size-large is-style-default\"><img loading=\"lazy\" decoding=\"async\" width=\"1024\" height=\"576\" data-id=\"31875\" src=\"https:\/\/atecordoba.org\/wp-content\/uploads\/2022\/05\/IMG-20220510-WA0110-1024x576.jpg\" alt=\"\" class=\"wp-image-31875\" srcset=\"https:\/\/atecordoba.org\/wp-content\/uploads\/2022\/05\/IMG-20220510-WA0110-1024x576.jpg 1024w, https:\/\/atecordoba.org\/wp-content\/uploads\/2022\/05\/IMG-20220510-WA0110-300x169.jpg 300w, https:\/\/atecordoba.org\/wp-content\/uploads\/2022\/05\/IMG-20220510-WA0110-768x432.jpg 768w, https:\/\/atecordoba.org\/wp-content\/uploads\/2022\/05\/IMG-20220510-WA0110-1536x864.jpg 1536w, https:\/\/atecordoba.org\/wp-content\/uploads\/2022\/05\/IMG-20220510-WA0110-750x422.jpg 750w, https:\/\/atecordoba.org\/wp-content\/uploads\/2022\/05\/IMG-20220510-WA0110-1140x641.jpg 1140w, https:\/\/atecordoba.org\/wp-content\/uploads\/2022\/05\/IMG-20220510-WA0110.jpg 1600w\" sizes=\"auto, (max-width: 1024px) 100vw, 1024px\" \/><\/figure>\n\n\n\n<figure class=\"wp-block-image size-large is-style-default\"><img loading=\"lazy\" decoding=\"async\" width=\"1024\" height=\"576\" data-id=\"31876\" src=\"https:\/\/atecordoba.org\/wp-content\/uploads\/2022\/05\/IMG-20220510-WA0099-1024x576.jpg\" alt=\"\" class=\"wp-image-31876\" srcset=\"https:\/\/atecordoba.org\/wp-content\/uploads\/2022\/05\/IMG-20220510-WA0099-1024x576.jpg 1024w, https:\/\/atecordoba.org\/wp-content\/uploads\/2022\/05\/IMG-20220510-WA0099-300x169.jpg 300w, https:\/\/atecordoba.org\/wp-content\/uploads\/2022\/05\/IMG-20220510-WA0099-768x432.jpg 768w, https:\/\/atecordoba.org\/wp-content\/uploads\/2022\/05\/IMG-20220510-WA0099-1536x864.jpg 1536w, https:\/\/atecordoba.org\/wp-content\/uploads\/2022\/05\/IMG-20220510-WA0099-750x422.jpg 750w, https:\/\/atecordoba.org\/wp-content\/uploads\/2022\/05\/IMG-20220510-WA0099-1140x641.jpg 1140w, https:\/\/atecordoba.org\/wp-content\/uploads\/2022\/05\/IMG-20220510-WA0099.jpg 1600w\" sizes=\"auto, (max-width: 1024px) 100vw, 1024px\" \/><\/figure>\n<\/figure>\n\n\n\n<p>La dirigenta nacional de ATE afirm\u00f3 que &#8220;Impregnar de feminismo popular el sindicato es debatir nuestra participaci\u00f3n y me parece muy bien que tengamos este reflejo de pensar que somos referentas moment\u00e1neas, que estamos ocupando espacios porque otras abrieron un camino pero tambi\u00e9n empezar a disputar cierta institucionalidad, con espacios m\u00e1s porosos, m\u00e1s horizontales, que pasan a ser secretar\u00edas, que deben ser parte de la vida institucional de nuestro sindicato, porque esa jerarquizaci\u00f3n nos permite construir m\u00e1s influencia pol\u00edtica en ese camino&#8221;.<\/p>\n\n\n\n<p>Y se\u00f1al\u00f3 en otro p\u00e1rrafo de su alocuci\u00f3n que &#8220;todav\u00eda no hay en todos los CDP un departamento de g\u00e9nero institucionalizado. En un momento recorr\u00edamos las provincias fortaleciendo a alguna compa\u00f1era que tuviera ganas de agarrar, hoy estamos fortaleciendo equipos y entendimos que para cambiar la correlaci\u00f3n de fuerzas hay que organizar. No alcanza con dos o tres que sepan que es ser feminista: para cambiar las cosas hay que organizar y ese es nuestro tiempo de la mano de la discusi\u00f3n de la paridad. Es un debate federal, hay que instalar el debate, queremos poner en discusi\u00f3n la calidad de esa paridad, hay que pensar convenios colectivos desde los feminismos, transformar nuestra realidad en los sectores de trabajo. Eso requiere muchas cabezas, masa cr\u00edtica o como quieran llamarlo, porque hay muchas resistencias, muchas situaciones de privilegio de donde nadie se quiere bajar f\u00e1cilmente. En ATE decimos que abrimos un cauce y el cauce se abre haciendo fuerza, as\u00ed que bienvenida esta iniciativa&#8221;.<\/p>\n\n\n\n<p><strong>El informe<\/strong><\/p>\n\n\n\n<p>A la hora de abordar el informe, Jimena Frankel precis\u00f3 que \u201cdurante el a\u00f1o pasado, hicimos una aproximaci\u00f3n a la situaci\u00f3n del feminismo y g\u00e9nero. La propuesta fue entrevistar a alrededor de 45 dirigentes sindicales de diversas centrales gremiales, han sido desde secretarios y secretarias de gremios hasta delegadas de base, generando una pluralidad de voces y de distintos lugares dentro de una estructura sindical&#8221;.<\/p>\n\n\n\n<figure class=\"wp-block-gallery has-nested-images columns-default is-cropped wp-block-gallery-3 is-layout-flex wp-block-gallery-is-layout-flex\">\n<figure class=\"wp-block-image size-large is-style-default\"><img loading=\"lazy\" decoding=\"async\" width=\"1024\" height=\"576\" data-id=\"31877\" src=\"https:\/\/atecordoba.org\/wp-content\/uploads\/2022\/05\/IMG-20220510-WA0093-1024x576.jpg\" alt=\"\" class=\"wp-image-31877\" srcset=\"https:\/\/atecordoba.org\/wp-content\/uploads\/2022\/05\/IMG-20220510-WA0093-1024x576.jpg 1024w, https:\/\/atecordoba.org\/wp-content\/uploads\/2022\/05\/IMG-20220510-WA0093-300x169.jpg 300w, https:\/\/atecordoba.org\/wp-content\/uploads\/2022\/05\/IMG-20220510-WA0093-768x432.jpg 768w, https:\/\/atecordoba.org\/wp-content\/uploads\/2022\/05\/IMG-20220510-WA0093-1536x864.jpg 1536w, https:\/\/atecordoba.org\/wp-content\/uploads\/2022\/05\/IMG-20220510-WA0093-750x422.jpg 750w, https:\/\/atecordoba.org\/wp-content\/uploads\/2022\/05\/IMG-20220510-WA0093-1140x641.jpg 1140w, https:\/\/atecordoba.org\/wp-content\/uploads\/2022\/05\/IMG-20220510-WA0093.jpg 1600w\" sizes=\"auto, (max-width: 1024px) 100vw, 1024px\" \/><\/figure>\n\n\n\n<figure class=\"wp-block-image size-large is-style-default\"><img loading=\"lazy\" decoding=\"async\" width=\"1024\" height=\"576\" data-id=\"31879\" src=\"https:\/\/atecordoba.org\/wp-content\/uploads\/2022\/05\/IMG-20220510-WA0113-1024x576.jpg\" alt=\"\" class=\"wp-image-31879\" srcset=\"https:\/\/atecordoba.org\/wp-content\/uploads\/2022\/05\/IMG-20220510-WA0113-1024x576.jpg 1024w, https:\/\/atecordoba.org\/wp-content\/uploads\/2022\/05\/IMG-20220510-WA0113-300x169.jpg 300w, https:\/\/atecordoba.org\/wp-content\/uploads\/2022\/05\/IMG-20220510-WA0113-768x432.jpg 768w, https:\/\/atecordoba.org\/wp-content\/uploads\/2022\/05\/IMG-20220510-WA0113-1536x864.jpg 1536w, https:\/\/atecordoba.org\/wp-content\/uploads\/2022\/05\/IMG-20220510-WA0113-750x422.jpg 750w, https:\/\/atecordoba.org\/wp-content\/uploads\/2022\/05\/IMG-20220510-WA0113-1140x641.jpg 1140w, https:\/\/atecordoba.org\/wp-content\/uploads\/2022\/05\/IMG-20220510-WA0113.jpg 1600w\" sizes=\"auto, (max-width: 1024px) 100vw, 1024px\" \/><\/figure>\n\n\n\n<figure class=\"wp-block-image size-large is-style-default\"><img loading=\"lazy\" decoding=\"async\" width=\"1024\" height=\"768\" data-id=\"31878\" src=\"https:\/\/atecordoba.org\/wp-content\/uploads\/2022\/05\/IMG-20220510-WA0138-1024x768.jpg\" alt=\"\" class=\"wp-image-31878\" srcset=\"https:\/\/atecordoba.org\/wp-content\/uploads\/2022\/05\/IMG-20220510-WA0138-1024x768.jpg 1024w, https:\/\/atecordoba.org\/wp-content\/uploads\/2022\/05\/IMG-20220510-WA0138-300x225.jpg 300w, https:\/\/atecordoba.org\/wp-content\/uploads\/2022\/05\/IMG-20220510-WA0138-768x576.jpg 768w, https:\/\/atecordoba.org\/wp-content\/uploads\/2022\/05\/IMG-20220510-WA0138-1536x1152.jpg 1536w, https:\/\/atecordoba.org\/wp-content\/uploads\/2022\/05\/IMG-20220510-WA0138-750x563.jpg 750w, https:\/\/atecordoba.org\/wp-content\/uploads\/2022\/05\/IMG-20220510-WA0138-1140x855.jpg 1140w, https:\/\/atecordoba.org\/wp-content\/uploads\/2022\/05\/IMG-20220510-WA0138.jpg 1600w\" sizes=\"auto, (max-width: 1024px) 100vw, 1024px\" \/><\/figure>\n<\/figure>\n\n\n\n<p>A su vez, a trav\u00e9s de estos testimonios se busc\u00f3 determinar ciertos obst\u00e1culos de las trabajadoras para su inserci\u00f3n en la vida gremial. A posterior, se precisaron estrategias para intentar al menos, subsanarlas o ir deconstruy\u00e9ndolas.<\/p>\n\n\n\n<p>Seg\u00fan dijo Frankel, los obst\u00e1culos principales que pudieron determinar son:<\/p>\n\n\n\n<ul class=\"wp-block-list\"><li>Las trabajadoras asalariadas, cargan con una \u201cdoble jornada\u201d producto de la sobre-jornada de los cuidados\/tareas en sus hogares. Esta sobreocupaci\u00f3n, resulta clave para obstaculizar su militancia o participaci\u00f3n gremial, situaci\u00f3n que no se replica en el caso de los varones. Es por ello en parte, que se refuerza la masculinizaci\u00f3n de los espacios gremiales.<\/li><li>la violencia y el acoso en el mundo del trabajo tanto dentro de las estructuras sindicales como en los distintos ambientes de trabajo.<\/li><li>el tercero son las imposibilidades en el ingreso a las actividades masculinizadas pero tambi\u00e9n en las posibilidades de ascender o promoverse en distintos puestos.<\/li><\/ul>\n\n\n\n<p>Entre las estrategias determinadas para contrarrestar esas violencias y obst\u00e1culos, el informe precisa: la construcci\u00f3n colectiva de protocolos para actuar en situaciones de violencia de g\u00e9nero, la comisi\u00f3n de equipos interdisciplinarios, las licencias por violencia de g\u00e9nero, y las distintas estrategias de formaci\u00f3n. En ese sentido, la autora  inform\u00f3 que, adem\u00e1s de la presentaci\u00f3n del informe de Feminismo y Sindicalismo, realizar\u00e1n talleres en diversas sedes sindicales.<\/p>\n\n\n\n<p><\/p>\n","protected":false},"excerpt":{"rendered":"<p>En una actividad realizada ayer en el sal\u00f3n de actos H\u00e9ctor la perra Castro de la sede del Consejo Directivo Provincial (CDP) de ATE C\u00f3rdoba, se llev\u00f3 a cabo ayer la presentaci\u00f3n del informe &#8216;Sindicalismo y feminismo: estrategias y mecanismos para fomentar la participaci\u00f3n gremial de las trabajadoras&#8217;, en el marco de una convocatoria de [&hellip;]<\/p>\n","protected":false},"author":7,"featured_media":31870,"comment_status":"open","ping_status":"open","sticky":false,"template":"","format":"standard","meta":{"_exactmetrics_skip_tracking":false,"_exactmetrics_sitenote_active":false,"_exactmetrics_sitenote_note":"","_exactmetrics_sitenote_category":0,"jnews-multi-image_gallery":[],"jnews_single_post":{"subtitle":"La directora del Departamento de G\u00e9neros y Diversidades, Gabriela Alcoba, valor\u00f3 que el informe es muy valioso \"para las mujeres y el movimiento feminista, sobre todo para las que optamos por militar dentro de los sindicatos\". ","format":"standard","video":"","gallery":"","source_name":"","source_url":"","via_name":"","via_url":"","override_template":"0","override":[{"template":"1","single_blog_custom":"","parallax":"1","fullscreen":"1","layout":"right-sidebar","sidebar":"default-sidebar","second_sidebar":"default-sidebar","sticky_sidebar":"1","share_position":"top","share_float_style":"share-monocrhome","show_share_counter":"1","show_view_counter":"1","show_featured":"1","show_post_meta":"1","show_post_author":"1","show_post_author_image":"1","show_post_date":"1","post_date_format":"default","post_date_format_custom":"Y\/m\/d","show_post_category":"1","show_post_reading_time":"0","post_reading_time_wpm":"300","show_zoom_button":"0","zoom_button_out_step":"2","zoom_button_in_step":"3","show_post_tag":"1","show_prev_next_post":"1","show_popup_post":"1","number_popup_post":"1","show_author_box":"0","show_post_related":"0","show_inline_post_related":"0"}],"override_image_size":"0","image_override":[{"single_post_thumbnail_size":"crop-500","single_post_gallery_size":"crop-500"}],"trending_post":"0","trending_post_position":"meta","trending_post_label":"Trending","sponsored_post":"0","sponsored_post_label":"Sponsored by","sponsored_post_name":"","sponsored_post_url":"","sponsored_post_logo_enable":"0","sponsored_post_logo":"","sponsored_post_desc":"","disable_ad":"0"},"jnews_primary_category":{"id":""},"jnews_social_meta":{"fb_title":"G\u00e9neros: Se present\u00f3 ayer en ATE el informe 'Sindicalismo y feminismo' del Observatorio de Derecho Social de la CTA Aut\u00f3noma ","fb_description":"","fb_image":"","twitter_title":"","twitter_description":"","twitter_image":""},"jnews_review":[],"enable_review":"0","type":"percentage","name":"","summary":"","brand":"","sku":"","good":[{"good_text":""}],"bad":[{"bad_text":""}],"score_override":"","override_value":"","rating":[{"rating_text":"","rating_number":"10"}],"price":[{"shop":"","price":"","link":"","icon":""}],"jnews_override_counter":{"override_view_counter":"0","view_counter_number":"0","override_share_counter":"0","share_counter_number":"0","override_like_counter":"0","like_counter_number":"0","override_dislike_counter":"0","dislike_counter_number":"0"},"jnews_post_split":{"enable_post_split":"0","post_split":[{"template":"1","tag":"h2","numbering":"asc","mode":"normal","first":"0","enable_toc":"0","toc_type":"normal"}]},"footnotes":""},"categories":[325],"tags":[1114],"class_list":["post-31869","post","type-post","status-publish","format-standard","has-post-thumbnail","hentry","category-generos-y-diversidades","tag-informe-sindicalismo-y-feminismo"],"jetpack_featured_media_url":"https:\/\/atecordoba.org\/wp-content\/uploads\/2022\/05\/IMG-20220510-WA0095-e1652282286620.jpg","_links":{"self":[{"href":"https:\/\/atecordoba.org\/index.php?rest_route=\/wp\/v2\/posts\/31869","targetHints":{"allow":["GET"]}}],"collection":[{"href":"https:\/\/atecordoba.org\/index.php?rest_route=\/wp\/v2\/posts"}],"about":[{"href":"https:\/\/atecordoba.org\/index.php?rest_route=\/wp\/v2\/types\/post"}],"author":[{"embeddable":true,"href":"https:\/\/atecordoba.org\/index.php?rest_route=\/wp\/v2\/users\/7"}],"replies":[{"embeddable":true,"href":"https:\/\/atecordoba.org\/index.php?rest_route=%2Fwp%2Fv2%2Fcomments&post=31869"}],"version-history":[{"count":2,"href":"https:\/\/atecordoba.org\/index.php?rest_route=\/wp\/v2\/posts\/31869\/revisions"}],"predecessor-version":[{"id":31893,"href":"https:\/\/atecordoba.org\/index.php?rest_route=\/wp\/v2\/posts\/31869\/revisions\/31893"}],"wp:featuredmedia":[{"embeddable":true,"href":"https:\/\/atecordoba.org\/index.php?rest_route=\/wp\/v2\/media\/31870"}],"wp:attachment":[{"href":"https:\/\/atecordoba.org\/index.php?rest_route=%2Fwp%2Fv2%2Fmedia&parent=31869"}],"wp:term":[{"taxonomy":"category","embeddable":true,"href":"https:\/\/atecordoba.org\/index.php?rest_route=%2Fwp%2Fv2%2Fcategories&post=31869"},{"taxonomy":"post_tag","embeddable":true,"href":"https:\/\/atecordoba.org\/index.php?rest_route=%2Fwp%2Fv2%2Ftags&post=31869"}],"curies":[{"name":"wp","href":"https:\/\/api.w.org\/{rel}","templated":true}]}}