{"id":3185,"date":"2013-09-02T19:08:45","date_gmt":"2013-09-02T22:08:45","guid":{"rendered":"http:\/\/www.atecordoba.org\/?p=3185"},"modified":"2013-09-02T19:08:45","modified_gmt":"2013-09-02T22:08:45","slug":"la-protesta-en-imagenes","status":"publish","type":"post","link":"https:\/\/atecordoba.org\/?p=3185","title":{"rendered":"La protesta en im\u00e1genes"},"content":{"rendered":"<p><em>La ruidosa manifestaci\u00f3n se inici\u00f3 en las primeras horas de la la ma\u00f1ana. Reci\u00e9n fue levantada a las 17 horas. Las im\u00e1genes.<\/em><\/p>\n\n","protected":false},"excerpt":{"rendered":"<p>La ruidosa manifestaci\u00f3n se inici\u00f3 en las primeras horas de la la ma\u00f1ana. Reci\u00e9n fue levantada a las 17 horas. Las im\u00e1genes.<\/p>\n","protected":false},"author":1,"featured_media":19220,"comment_status":"open","ping_status":"open","sticky":false,"template":"","format":"standard","meta":{"_exactmetrics_skip_tracking":false,"_exactmetrics_sitenote_active":false,"_exactmetrics_sitenote_note":"","_exactmetrics_sitenote_category":0,"jnews-multi-image_gallery":[],"jnews_single_post":[],"jnews_primary_category":[],"jnews_social_meta":[],"jnews_review":[],"enable_review":"","type":"","name":"","summary":"","brand":"","sku":"","good":[],"bad":[],"score_override":"","override_value":"","rating":[],"price":[],"jnews_override_counter":[],"jnews_post_split":[],"footnotes":""},"categories":[90],"tags":[],"class_list":["post-3185","post","type-post","status-publish","format-standard","has-post-thumbnail","hentry","category-campana"],"jetpack_featured_media_url":"https:\/\/atecordoba.org\/wp-content\/uploads\/2020\/05\/logo-nuevochico-e1561581322808.png","_links":{"self":[{"href":"https:\/\/atecordoba.org\/index.php?rest_route=\/wp\/v2\/posts\/3185","targetHints":{"allow":["GET"]}}],"collection":[{"href":"https:\/\/atecordoba.org\/index.php?rest_route=\/wp\/v2\/posts"}],"about":[{"href":"https:\/\/atecordoba.org\/index.php?rest_route=\/wp\/v2\/types\/post"}],"author":[{"embeddable":true,"href":"https:\/\/atecordoba.org\/index.php?rest_route=\/wp\/v2\/users\/1"}],"replies":[{"embeddable":true,"href":"https:\/\/atecordoba.org\/index.php?rest_route=%2Fwp%2Fv2%2Fcomments&post=3185"}],"version-history":[{"count":0,"href":"https:\/\/atecordoba.org\/index.php?rest_route=\/wp\/v2\/posts\/3185\/revisions"}],"wp:featuredmedia":[{"embeddable":true,"href":"https:\/\/atecordoba.org\/index.php?rest_route=\/wp\/v2\/media\/19220"}],"wp:attachment":[{"href":"https:\/\/atecordoba.org\/index.php?rest_route=%2Fwp%2Fv2%2Fmedia&parent=3185"}],"wp:term":[{"taxonomy":"category","embeddable":true,"href":"https:\/\/atecordoba.org\/index.php?rest_route=%2Fwp%2Fv2%2Fcategories&post=3185"},{"taxonomy":"post_tag","embeddable":true,"href":"https:\/\/atecordoba.org\/index.php?rest_route=%2Fwp%2Fv2%2Ftags&post=3185"}],"curies":[{"name":"wp","href":"https:\/\/api.w.org\/{rel}","templated":true}]}}