{"id":31843,"date":"2022-05-09T10:06:49","date_gmt":"2022-05-09T13:06:49","guid":{"rendered":"https:\/\/atecordoba.org\/?p=31843"},"modified":"2022-05-09T11:49:32","modified_gmt":"2022-05-09T14:49:32","slug":"ffmm-asamblea-ampliada-en-rio-tercero","status":"publish","type":"post","link":"https:\/\/atecordoba.org\/?p=31843","title":{"rendered":"FFMM: asambleas ampliadas en las plantas productivas de Villa Mar\u00eda, R\u00edo Tercero y Frau Luis Beltr\u00e1n"},"content":{"rendered":"\n<p>En continuidad con las asambleas en las distintas unidades de Fabricaciones Militares SE, el jueves pasado se llev\u00f3 a cabo una gran asamblea de trabajadores  y trabajadoras de la F\u00e1brica Militar R\u00edo Tercero, que estuvo acompa\u00f1ada por delegaciones de FANAZUL, Villa Mar\u00eda, Fray Luis Beltr\u00e1n y el Consejo Directivo Nacional.<\/p>\n\n\n\n<p>En la oportunidad, el secretario General de ATE R\u00edo Tercero, Dami\u00e1n Albornoz, encabez\u00f3 la reuni\u00f3n multitudinaria,&nbsp;informando y determinando junto con las y los trabajadores las acciones a continuar luego del pedido de estabilidad laboral que ATE exigi\u00f3 a las autoridades de la empresa. <\/p>\n\n\n\n<p>Cabe se\u00f1alar que en su oportunidad el presidente del directorio de FFMM se comprometi\u00f3 a resolver el planteo a la brevedad pero al d\u00eda de la fecha las y los trabajadores contin\u00faan en la incertidumbre laboral. &#8220;Los trabajadores fabriqueros una vez m\u00e1s tomaron la determinaci\u00f3n, votando un\u00e1nimemente, profundizar su protesta hasta no obtener una soluci\u00f3n concreta&#8221;, apunt\u00f3 la asamblea.<\/p>\n\n\n\n<p>Previamente se llev\u00f3 a cabo otra asamblea de igual tener en Villa Mar\u00eda y el viernes , representantes de la seccional de ATE Villa Mar\u00eda, participaron de una asamblea  en f\u00e1brica militar de Fray Lu\u00eds Beltr\u00e1n.<\/p>\n\n\n\n<figure class=\"wp-block-gallery has-nested-images columns-default is-cropped wp-block-gallery-1 is-layout-flex wp-block-gallery-is-layout-flex\">\n<figure class=\"wp-block-image size-large\"><img loading=\"lazy\" decoding=\"async\" width=\"1024\" height=\"462\" data-id=\"31848\" src=\"https:\/\/atecordoba.org\/wp-content\/uploads\/2022\/05\/280035021_1345329005878357_2236996606414801671_n-1024x462.jpg\" alt=\"\" class=\"wp-image-31848\" srcset=\"https:\/\/atecordoba.org\/wp-content\/uploads\/2022\/05\/280035021_1345329005878357_2236996606414801671_n-1024x462.jpg 1024w, https:\/\/atecordoba.org\/wp-content\/uploads\/2022\/05\/280035021_1345329005878357_2236996606414801671_n-300x135.jpg 300w, https:\/\/atecordoba.org\/wp-content\/uploads\/2022\/05\/280035021_1345329005878357_2236996606414801671_n-768x346.jpg 768w, https:\/\/atecordoba.org\/wp-content\/uploads\/2022\/05\/280035021_1345329005878357_2236996606414801671_n-1536x692.jpg 1536w, https:\/\/atecordoba.org\/wp-content\/uploads\/2022\/05\/280035021_1345329005878357_2236996606414801671_n-750x338.jpg 750w, https:\/\/atecordoba.org\/wp-content\/uploads\/2022\/05\/280035021_1345329005878357_2236996606414801671_n-1140x514.jpg 1140w, https:\/\/atecordoba.org\/wp-content\/uploads\/2022\/05\/280035021_1345329005878357_2236996606414801671_n.jpg 2048w\" sizes=\"auto, (max-width: 1024px) 100vw, 1024px\" \/><\/figure>\n\n\n\n<figure class=\"wp-block-image size-large\"><img loading=\"lazy\" decoding=\"async\" width=\"1024\" height=\"890\" data-id=\"31849\" src=\"https:\/\/atecordoba.org\/wp-content\/uploads\/2022\/05\/280145856_1345426489201942_2624362642558632507_n-1024x890.jpg\" alt=\"\" class=\"wp-image-31849\" srcset=\"https:\/\/atecordoba.org\/wp-content\/uploads\/2022\/05\/280145856_1345426489201942_2624362642558632507_n-1024x890.jpg 1024w, https:\/\/atecordoba.org\/wp-content\/uploads\/2022\/05\/280145856_1345426489201942_2624362642558632507_n-300x261.jpg 300w, https:\/\/atecordoba.org\/wp-content\/uploads\/2022\/05\/280145856_1345426489201942_2624362642558632507_n-768x667.jpg 768w, https:\/\/atecordoba.org\/wp-content\/uploads\/2022\/05\/280145856_1345426489201942_2624362642558632507_n-750x652.jpg 750w, https:\/\/atecordoba.org\/wp-content\/uploads\/2022\/05\/280145856_1345426489201942_2624362642558632507_n-1140x990.jpg 1140w, https:\/\/atecordoba.org\/wp-content\/uploads\/2022\/05\/280145856_1345426489201942_2624362642558632507_n.jpg 1380w\" sizes=\"auto, (max-width: 1024px) 100vw, 1024px\" \/><\/figure>\n\n\n\n<figure class=\"wp-block-image size-large\"><img loading=\"lazy\" decoding=\"async\" width=\"1024\" height=\"890\" data-id=\"31847\" src=\"https:\/\/atecordoba.org\/wp-content\/uploads\/2022\/05\/279682582_1345426475868610_8805740451352250335_n-1024x890.jpg\" alt=\"\" class=\"wp-image-31847\" srcset=\"https:\/\/atecordoba.org\/wp-content\/uploads\/2022\/05\/279682582_1345426475868610_8805740451352250335_n-1024x890.jpg 1024w, https:\/\/atecordoba.org\/wp-content\/uploads\/2022\/05\/279682582_1345426475868610_8805740451352250335_n-300x261.jpg 300w, https:\/\/atecordoba.org\/wp-content\/uploads\/2022\/05\/279682582_1345426475868610_8805740451352250335_n-768x667.jpg 768w, https:\/\/atecordoba.org\/wp-content\/uploads\/2022\/05\/279682582_1345426475868610_8805740451352250335_n-750x652.jpg 750w, https:\/\/atecordoba.org\/wp-content\/uploads\/2022\/05\/279682582_1345426475868610_8805740451352250335_n-1140x990.jpg 1140w, https:\/\/atecordoba.org\/wp-content\/uploads\/2022\/05\/279682582_1345426475868610_8805740451352250335_n.jpg 1280w\" sizes=\"auto, (max-width: 1024px) 100vw, 1024px\" \/><\/figure>\n\n\n\n<figure class=\"wp-block-image size-large\"><img loading=\"lazy\" decoding=\"async\" width=\"1024\" height=\"438\" data-id=\"31851\" src=\"https:\/\/atecordoba.org\/wp-content\/uploads\/2022\/05\/279912051_1345329249211666_4226871196583676775_n-1-1024x438.jpg\" alt=\"\" class=\"wp-image-31851\" srcset=\"https:\/\/atecordoba.org\/wp-content\/uploads\/2022\/05\/279912051_1345329249211666_4226871196583676775_n-1-1024x438.jpg 1024w, https:\/\/atecordoba.org\/wp-content\/uploads\/2022\/05\/279912051_1345329249211666_4226871196583676775_n-1-300x128.jpg 300w, https:\/\/atecordoba.org\/wp-content\/uploads\/2022\/05\/279912051_1345329249211666_4226871196583676775_n-1-768x328.jpg 768w, https:\/\/atecordoba.org\/wp-content\/uploads\/2022\/05\/279912051_1345329249211666_4226871196583676775_n-1-1536x656.jpg 1536w, https:\/\/atecordoba.org\/wp-content\/uploads\/2022\/05\/279912051_1345329249211666_4226871196583676775_n-1-750x320.jpg 750w, https:\/\/atecordoba.org\/wp-content\/uploads\/2022\/05\/279912051_1345329249211666_4226871196583676775_n-1-1140x487.jpg 1140w, https:\/\/atecordoba.org\/wp-content\/uploads\/2022\/05\/279912051_1345329249211666_4226871196583676775_n-1.jpg 2048w\" sizes=\"auto, (max-width: 1024px) 100vw, 1024px\" \/><\/figure>\n<\/figure>\n","protected":false},"excerpt":{"rendered":"<p>En continuidad con las asambleas en las distintas unidades de Fabricaciones Militares SE, el jueves pasado se llev\u00f3 a cabo una gran asamblea de trabajadores y trabajadoras de la F\u00e1brica Militar R\u00edo Tercero, que estuvo acompa\u00f1ada por delegaciones de FANAZUL, Villa Mar\u00eda, Fray Luis Beltr\u00e1n y el Consejo Directivo Nacional. En la oportunidad, el secretario [&hellip;]<\/p>\n","protected":false},"author":7,"featured_media":31844,"comment_status":"open","ping_status":"open","sticky":false,"template":"","format":"standard","meta":{"_exactmetrics_skip_tracking":false,"_exactmetrics_sitenote_active":false,"_exactmetrics_sitenote_note":"","_exactmetrics_sitenote_category":0,"jnews-multi-image_gallery":[],"jnews_single_post":{"subtitle":"ATE viene reclamando que se haga efectiva la estabilidad laboral en el organismo.","format":"standard","video":"","gallery":"","source_name":"","source_url":"","via_name":"","via_url":"","override_template":"0","override":[{"template":"1","single_blog_custom":"","parallax":"1","fullscreen":"1","layout":"right-sidebar","sidebar":"default-sidebar","second_sidebar":"default-sidebar","sticky_sidebar":"1","share_position":"top","share_float_style":"share-monocrhome","show_share_counter":"1","show_view_counter":"1","show_featured":"1","show_post_meta":"1","show_post_author":"1","show_post_author_image":"1","show_post_date":"1","post_date_format":"default","post_date_format_custom":"Y\/m\/d","show_post_category":"1","show_post_reading_time":"0","post_reading_time_wpm":"300","show_zoom_button":"0","zoom_button_out_step":"2","zoom_button_in_step":"3","show_post_tag":"1","show_prev_next_post":"1","show_popup_post":"1","number_popup_post":"1","show_author_box":"0","show_post_related":"0","show_inline_post_related":"0"}],"override_image_size":"0","image_override":[{"single_post_thumbnail_size":"crop-500","single_post_gallery_size":"crop-500"}],"trending_post":"0","trending_post_position":"meta","trending_post_label":"Trending","sponsored_post":"0","sponsored_post_label":"Sponsored by","sponsored_post_name":"","sponsored_post_url":"","sponsored_post_logo_enable":"0","sponsored_post_logo":"","sponsored_post_desc":"","disable_ad":"0"},"jnews_primary_category":{"id":""},"jnews_social_meta":{"fb_title":"Nacionales: asambleas ampliadas en las plantas productivas de FFMM Villa Mar\u00eda, R\u00edo Tercero y Frau Luis Beltr\u00e1n","fb_description":"","fb_image":"","twitter_title":"","twitter_description":"","twitter_image":""},"jnews_review":[],"enable_review":"0","type":"percentage","name":"","summary":"","brand":"","sku":"","good":[{"good_text":""}],"bad":[{"bad_text":""}],"score_override":"","override_value":"","rating":[{"rating_text":"","rating_number":"10"}],"price":[{"shop":"","price":"","link":"","icon":""}],"jnews_override_counter":{"override_view_counter":"0","view_counter_number":"0","override_share_counter":"0","share_counter_number":"0","override_like_counter":"0","like_counter_number":"0","override_dislike_counter":"0","dislike_counter_number":"0"},"jnews_post_split":{"enable_post_split":"0","post_split":[{"template":"1","tag":"h2","numbering":"asc","mode":"normal","first":"0","enable_toc":"0","toc_type":"normal"}]},"footnotes":""},"categories":[18],"tags":[703],"class_list":["post-31843","post","type-post","status-publish","format-standard","has-post-thumbnail","hentry","category-nacionales","tag-ffmm"],"jetpack_featured_media_url":"https:\/\/atecordoba.org\/wp-content\/uploads\/2022\/05\/279939952_1345329102545014_1172986557216633432_n-e1652101527969.jpg","_links":{"self":[{"href":"https:\/\/atecordoba.org\/index.php?rest_route=\/wp\/v2\/posts\/31843","targetHints":{"allow":["GET"]}}],"collection":[{"href":"https:\/\/atecordoba.org\/index.php?rest_route=\/wp\/v2\/posts"}],"about":[{"href":"https:\/\/atecordoba.org\/index.php?rest_route=\/wp\/v2\/types\/post"}],"author":[{"embeddable":true,"href":"https:\/\/atecordoba.org\/index.php?rest_route=\/wp\/v2\/users\/7"}],"replies":[{"embeddable":true,"href":"https:\/\/atecordoba.org\/index.php?rest_route=%2Fwp%2Fv2%2Fcomments&post=31843"}],"version-history":[{"count":2,"href":"https:\/\/atecordoba.org\/index.php?rest_route=\/wp\/v2\/posts\/31843\/revisions"}],"predecessor-version":[{"id":31856,"href":"https:\/\/atecordoba.org\/index.php?rest_route=\/wp\/v2\/posts\/31843\/revisions\/31856"}],"wp:featuredmedia":[{"embeddable":true,"href":"https:\/\/atecordoba.org\/index.php?rest_route=\/wp\/v2\/media\/31844"}],"wp:attachment":[{"href":"https:\/\/atecordoba.org\/index.php?rest_route=%2Fwp%2Fv2%2Fmedia&parent=31843"}],"wp:term":[{"taxonomy":"category","embeddable":true,"href":"https:\/\/atecordoba.org\/index.php?rest_route=%2Fwp%2Fv2%2Fcategories&post=31843"},{"taxonomy":"post_tag","embeddable":true,"href":"https:\/\/atecordoba.org\/index.php?rest_route=%2Fwp%2Fv2%2Ftags&post=31843"}],"curies":[{"name":"wp","href":"https:\/\/api.w.org\/{rel}","templated":true}]}}