{"id":31837,"date":"2022-05-09T09:41:33","date_gmt":"2022-05-09T12:41:33","guid":{"rendered":"https:\/\/atecordoba.org\/?p=31837"},"modified":"2022-05-09T09:41:35","modified_gmt":"2022-05-09T12:41:35","slug":"recorrida-en-el-aeropuerto-rio-cuarto-con-autoridades-por-reclamos-de-higiene-y-seguridad-en-el-trabajo","status":"publish","type":"post","link":"https:\/\/atecordoba.org\/?p=31837","title":{"rendered":"Recorrida en el Aeropuerto R\u00edo Cuarto con autoridades por reclamos de higiene y seguridad en el trabajo"},"content":{"rendered":"\n<div class=\"wp-block-image\"><figure class=\"aligncenter size-full\"><img decoding=\"async\" src=\"https:\/\/atecordoba.org\/wp-content\/uploads\/2022\/05\/aeropuerto-las-higueras.jpg\" alt=\"\" class=\"wp-image-31838\" \/><\/figure><\/div>\n\n\n\n<p>El viernes pasado ATE efectu\u00f3 una visita al Aeropuerto R\u00edo Cuarto, ubicado en la localidad de Las Higueras, con la funcionaria de Infraestructura de la Administraci\u00f3n Nacional de Aviaci\u00f3n Civil (ANAC), arquitecta Eva Tilve con el objetivo de constar y evaluar las instalaciones del Servicio de Salvamento y Extinci\u00f3n de Incendios (SSEI) R\u00edo Cuarto.<\/p>\n\n\n\n<figure class=\"wp-block-gallery has-nested-images columns-default is-cropped wp-block-gallery-1 is-layout-flex wp-block-gallery-is-layout-flex\">\n<figure class=\"wp-block-image size-large\"><img loading=\"lazy\" decoding=\"async\" width=\"300\" height=\"169\" data-id=\"31839\" src=\"https:\/\/atecordoba.org\/wp-content\/uploads\/2022\/05\/279459401_3300213713589969_1452860891340149283_n-300x169-1.jpg\" alt=\"\" class=\"wp-image-31839\" \/><\/figure>\n\n\n\n<figure class=\"wp-block-image size-large\"><img loading=\"lazy\" decoding=\"async\" width=\"1024\" height=\"576\" data-id=\"31841\" src=\"https:\/\/atecordoba.org\/wp-content\/uploads\/2022\/05\/279516361_3300213793589961_216207535529510516_n-1024x576.jpg\" alt=\"\" class=\"wp-image-31841\" srcset=\"https:\/\/atecordoba.org\/wp-content\/uploads\/2022\/05\/279516361_3300213793589961_216207535529510516_n-1024x576.jpg 1024w, https:\/\/atecordoba.org\/wp-content\/uploads\/2022\/05\/279516361_3300213793589961_216207535529510516_n-300x169.jpg 300w, https:\/\/atecordoba.org\/wp-content\/uploads\/2022\/05\/279516361_3300213793589961_216207535529510516_n-768x432.jpg 768w, https:\/\/atecordoba.org\/wp-content\/uploads\/2022\/05\/279516361_3300213793589961_216207535529510516_n-750x422.jpg 750w, https:\/\/atecordoba.org\/wp-content\/uploads\/2022\/05\/279516361_3300213793589961_216207535529510516_n-1140x641.jpg 1140w, https:\/\/atecordoba.org\/wp-content\/uploads\/2022\/05\/279516361_3300213793589961_216207535529510516_n.jpg 1280w\" sizes=\"auto, (max-width: 1024px) 100vw, 1024px\" \/><\/figure>\n\n\n\n<figure class=\"wp-block-image size-large\"><img loading=\"lazy\" decoding=\"async\" width=\"300\" height=\"169\" data-id=\"31840\" src=\"https:\/\/atecordoba.org\/wp-content\/uploads\/2022\/05\/279617496_3300214160256591_2041291492275006684_n-300x169-1.jpg\" alt=\"\" class=\"wp-image-31840\" \/><\/figure>\n<\/figure>\n\n\n\n<p>Estuvieron presentes tambi\u00e9n el director Regional NOA del organismo, Daniel Luj\u00e1n; el Jefe de Aeropuerto, Alejandro Galetto; el Jefe del SSEI, Pablo Olivetti; el Delegado del SSEI R\u00edo Cuarto de ATE, Carlos Ferretti; junto a compa\u00f1eros del SSEI R\u00edo Cuarto y el Secretario Gremial de la Asociaci\u00f3n Trabajadores del Estado (ATE-CTAA) Seccional R\u00edo Cuarto, Pablo Irusta.<\/p>\n\n\n\n<p>\u201cRecorrimos las diferentes instalaciones para la construcci\u00f3n y\/o modificaci\u00f3n acorde a una infraestructura para la demanda del servicio. La\u00a0lucha y la organizaci\u00f3n van dando sus frutos\u201d, apunt\u00f3 Irusta.<\/p>\n\n\n\n<p><\/p>\n","protected":false},"excerpt":{"rendered":"<p>El viernes pasado ATE efectu\u00f3 una visita al Aeropuerto R\u00edo Cuarto, ubicado en la localidad de Las Higueras, con la funcionaria de Infraestructura de la Administraci\u00f3n Nacional de Aviaci\u00f3n Civil (ANAC), arquitecta Eva Tilve con el objetivo de constar y evaluar las instalaciones del Servicio de Salvamento y Extinci\u00f3n de Incendios (SSEI) R\u00edo Cuarto. Estuvieron [&hellip;]<\/p>\n","protected":false},"author":7,"featured_media":31838,"comment_status":"open","ping_status":"open","sticky":false,"template":"","format":"standard","meta":{"_exactmetrics_skip_tracking":false,"_exactmetrics_sitenote_active":false,"_exactmetrics_sitenote_note":"","_exactmetrics_sitenote_category":0,"jnews-multi-image_gallery":[],"jnews_single_post":{"subtitle":"Las autoridades de ANAC respondieron a un largo reclamo de ATE sobre la falta de infraestructura del Servicio de Salvamento y Extinci\u00f3n de Incendios. ","format":"standard","video":"","gallery":"","source_name":"","source_url":"","via_name":"","via_url":"","override_template":"0","override":[{"template":"1","single_blog_custom":"","parallax":"1","fullscreen":"1","layout":"right-sidebar","sidebar":"default-sidebar","second_sidebar":"default-sidebar","sticky_sidebar":"1","share_position":"top","share_float_style":"share-monocrhome","show_share_counter":"1","show_view_counter":"1","show_featured":"1","show_post_meta":"1","show_post_author":"1","show_post_author_image":"1","show_post_date":"1","post_date_format":"default","post_date_format_custom":"Y\/m\/d","show_post_category":"1","show_post_reading_time":"0","post_reading_time_wpm":"300","show_zoom_button":"0","zoom_button_out_step":"2","zoom_button_in_step":"3","show_post_tag":"1","show_prev_next_post":"1","show_popup_post":"1","number_popup_post":"1","show_author_box":"0","show_post_related":"0","show_inline_post_related":"0"}],"override_image_size":"0","image_override":[{"single_post_thumbnail_size":"crop-500","single_post_gallery_size":"crop-500"}],"trending_post":"0","trending_post_position":"meta","trending_post_label":"Trending","sponsored_post":"0","sponsored_post_label":"Sponsored by","sponsored_post_name":"","sponsored_post_url":"","sponsored_post_logo_enable":"0","sponsored_post_logo":"","sponsored_post_desc":"","disable_ad":"0"},"jnews_primary_category":{"id":""},"jnews_social_meta":{"fb_title":"Salud Laboral: Recorrida en el Aeropuerto R\u00edo Cuarto con autoridades por reclamos de higiene y seguridad en el trabajo ","fb_description":"","fb_image":"","twitter_title":"","twitter_description":"","twitter_image":""},"jnews_review":[],"enable_review":"0","type":"percentage","name":"","summary":"","brand":"","sku":"","good":[{"good_text":""}],"bad":[{"bad_text":""}],"score_override":"","override_value":"","rating":[{"rating_text":"","rating_number":"10"}],"price":[{"shop":"","price":"","link":"","icon":""}],"jnews_override_counter":{"override_view_counter":"0","view_counter_number":"0","override_share_counter":"0","share_counter_number":"0","override_like_counter":"0","like_counter_number":"0","override_dislike_counter":"0","dislike_counter_number":"0"},"jnews_post_split":{"enable_post_split":"0","post_split":[{"template":"1","tag":"h2","numbering":"asc","mode":"normal","first":"0","enable_toc":"0","toc_type":"normal"}]},"footnotes":""},"categories":[104],"tags":[1113],"class_list":["post-31837","post","type-post","status-publish","format-standard","has-post-thumbnail","hentry","category-departamento-de-salud","tag-aeropuerto-rio-cuarto"],"jetpack_featured_media_url":"https:\/\/atecordoba.org\/wp-content\/uploads\/2022\/05\/aeropuerto-las-higueras-e1652099982735.jpg","_links":{"self":[{"href":"https:\/\/atecordoba.org\/index.php?rest_route=\/wp\/v2\/posts\/31837","targetHints":{"allow":["GET"]}}],"collection":[{"href":"https:\/\/atecordoba.org\/index.php?rest_route=\/wp\/v2\/posts"}],"about":[{"href":"https:\/\/atecordoba.org\/index.php?rest_route=\/wp\/v2\/types\/post"}],"author":[{"embeddable":true,"href":"https:\/\/atecordoba.org\/index.php?rest_route=\/wp\/v2\/users\/7"}],"replies":[{"embeddable":true,"href":"https:\/\/atecordoba.org\/index.php?rest_route=%2Fwp%2Fv2%2Fcomments&post=31837"}],"version-history":[{"count":1,"href":"https:\/\/atecordoba.org\/index.php?rest_route=\/wp\/v2\/posts\/31837\/revisions"}],"predecessor-version":[{"id":31842,"href":"https:\/\/atecordoba.org\/index.php?rest_route=\/wp\/v2\/posts\/31837\/revisions\/31842"}],"wp:featuredmedia":[{"embeddable":true,"href":"https:\/\/atecordoba.org\/index.php?rest_route=\/wp\/v2\/media\/31838"}],"wp:attachment":[{"href":"https:\/\/atecordoba.org\/index.php?rest_route=%2Fwp%2Fv2%2Fmedia&parent=31837"}],"wp:term":[{"taxonomy":"category","embeddable":true,"href":"https:\/\/atecordoba.org\/index.php?rest_route=%2Fwp%2Fv2%2Fcategories&post=31837"},{"taxonomy":"post_tag","embeddable":true,"href":"https:\/\/atecordoba.org\/index.php?rest_route=%2Fwp%2Fv2%2Ftags&post=31837"}],"curies":[{"name":"wp","href":"https:\/\/api.w.org\/{rel}","templated":true}]}}