{"id":31810,"date":"2022-05-05T13:31:42","date_gmt":"2022-05-05T16:31:42","guid":{"rendered":"https:\/\/atecordoba.org\/?p=31810"},"modified":"2022-05-05T13:37:08","modified_gmt":"2022-05-05T16:37:08","slug":"plenario-de-delegados-y-delegadas-nacionales-de-ate-capital-ratifica-el-cabildo-abierto-del-26-de-mayo-en-plaza-san-martin","status":"publish","type":"post","link":"https:\/\/atecordoba.org\/?p=31810","title":{"rendered":"Plenario de delegados y delegadas nacionales de ATE Capital ratifica el Cabildo Abierto del 26 de mayo en Plaza San Mart\u00edn"},"content":{"rendered":"\n<figure class=\"wp-block-gallery has-nested-images columns-default is-cropped wp-block-gallery-1 is-layout-flex wp-block-gallery-is-layout-flex\">\n<figure class=\"wp-block-image size-large\"><a href=\"https:\/\/atecordoba.org\/wp-content\/uploads\/2022\/05\/05_05_Plenario_Nacionales_8-1.jpg\"><img loading=\"lazy\" decoding=\"async\" width=\"1024\" height=\"576\" data-id=\"31812\" src=\"https:\/\/atecordoba.org\/wp-content\/uploads\/2022\/05\/05_05_Plenario_Nacionales_8-1-1024x576.jpg\" alt=\"\" class=\"wp-image-31812\" srcset=\"https:\/\/atecordoba.org\/wp-content\/uploads\/2022\/05\/05_05_Plenario_Nacionales_8-1-1024x576.jpg 1024w, https:\/\/atecordoba.org\/wp-content\/uploads\/2022\/05\/05_05_Plenario_Nacionales_8-1-300x169.jpg 300w, https:\/\/atecordoba.org\/wp-content\/uploads\/2022\/05\/05_05_Plenario_Nacionales_8-1-768x432.jpg 768w, https:\/\/atecordoba.org\/wp-content\/uploads\/2022\/05\/05_05_Plenario_Nacionales_8-1-1536x864.jpg 1536w, https:\/\/atecordoba.org\/wp-content\/uploads\/2022\/05\/05_05_Plenario_Nacionales_8-1-750x422.jpg 750w, https:\/\/atecordoba.org\/wp-content\/uploads\/2022\/05\/05_05_Plenario_Nacionales_8-1-1140x641.jpg 1140w, https:\/\/atecordoba.org\/wp-content\/uploads\/2022\/05\/05_05_Plenario_Nacionales_8-1.jpg 1600w\" sizes=\"auto, (max-width: 1024px) 100vw, 1024px\" \/><\/a><\/figure>\n\n\n\n<figure class=\"wp-block-image size-large\"><a href=\"https:\/\/atecordoba.org\/wp-content\/uploads\/2022\/05\/05_05_Plenario_Nacionales_13-1.jpg\"><img loading=\"lazy\" decoding=\"async\" width=\"1024\" height=\"576\" data-id=\"31814\" src=\"https:\/\/atecordoba.org\/wp-content\/uploads\/2022\/05\/05_05_Plenario_Nacionales_13-1-1024x576.jpg\" alt=\"\" class=\"wp-image-31814\" srcset=\"https:\/\/atecordoba.org\/wp-content\/uploads\/2022\/05\/05_05_Plenario_Nacionales_13-1-1024x576.jpg 1024w, https:\/\/atecordoba.org\/wp-content\/uploads\/2022\/05\/05_05_Plenario_Nacionales_13-1-300x169.jpg 300w, https:\/\/atecordoba.org\/wp-content\/uploads\/2022\/05\/05_05_Plenario_Nacionales_13-1-768x432.jpg 768w, https:\/\/atecordoba.org\/wp-content\/uploads\/2022\/05\/05_05_Plenario_Nacionales_13-1-1536x864.jpg 1536w, https:\/\/atecordoba.org\/wp-content\/uploads\/2022\/05\/05_05_Plenario_Nacionales_13-1-750x422.jpg 750w, https:\/\/atecordoba.org\/wp-content\/uploads\/2022\/05\/05_05_Plenario_Nacionales_13-1-1140x641.jpg 1140w, https:\/\/atecordoba.org\/wp-content\/uploads\/2022\/05\/05_05_Plenario_Nacionales_13-1.jpg 1600w\" sizes=\"auto, (max-width: 1024px) 100vw, 1024px\" \/><\/a><\/figure>\n\n\n\n<figure class=\"wp-block-image size-large\"><a href=\"https:\/\/atecordoba.org\/wp-content\/uploads\/2022\/05\/05_05_Plenario_Nacionales_14-1.jpg\"><img loading=\"lazy\" decoding=\"async\" width=\"1024\" height=\"576\" data-id=\"31813\" src=\"https:\/\/atecordoba.org\/wp-content\/uploads\/2022\/05\/05_05_Plenario_Nacionales_14-1-1024x576.jpg\" alt=\"\" class=\"wp-image-31813\" srcset=\"https:\/\/atecordoba.org\/wp-content\/uploads\/2022\/05\/05_05_Plenario_Nacionales_14-1-1024x576.jpg 1024w, https:\/\/atecordoba.org\/wp-content\/uploads\/2022\/05\/05_05_Plenario_Nacionales_14-1-300x169.jpg 300w, https:\/\/atecordoba.org\/wp-content\/uploads\/2022\/05\/05_05_Plenario_Nacionales_14-1-768x432.jpg 768w, https:\/\/atecordoba.org\/wp-content\/uploads\/2022\/05\/05_05_Plenario_Nacionales_14-1-1536x864.jpg 1536w, https:\/\/atecordoba.org\/wp-content\/uploads\/2022\/05\/05_05_Plenario_Nacionales_14-1-750x422.jpg 750w, https:\/\/atecordoba.org\/wp-content\/uploads\/2022\/05\/05_05_Plenario_Nacionales_14-1-1140x641.jpg 1140w, https:\/\/atecordoba.org\/wp-content\/uploads\/2022\/05\/05_05_Plenario_Nacionales_14-1.jpg 1600w\" sizes=\"auto, (max-width: 1024px) 100vw, 1024px\" \/><\/a><\/figure>\n\n\n\n<figure class=\"wp-block-image size-large\"><a href=\"https:\/\/atecordoba.org\/wp-content\/uploads\/2022\/05\/05_05_Plenario_Nacionales_15-1.jpg\"><img loading=\"lazy\" decoding=\"async\" width=\"1024\" height=\"576\" data-id=\"31811\" src=\"https:\/\/atecordoba.org\/wp-content\/uploads\/2022\/05\/05_05_Plenario_Nacionales_15-1-1024x576.jpg\" alt=\"\" class=\"wp-image-31811\" srcset=\"https:\/\/atecordoba.org\/wp-content\/uploads\/2022\/05\/05_05_Plenario_Nacionales_15-1-1024x576.jpg 1024w, https:\/\/atecordoba.org\/wp-content\/uploads\/2022\/05\/05_05_Plenario_Nacionales_15-1-300x169.jpg 300w, https:\/\/atecordoba.org\/wp-content\/uploads\/2022\/05\/05_05_Plenario_Nacionales_15-1-768x432.jpg 768w, https:\/\/atecordoba.org\/wp-content\/uploads\/2022\/05\/05_05_Plenario_Nacionales_15-1-1536x864.jpg 1536w, https:\/\/atecordoba.org\/wp-content\/uploads\/2022\/05\/05_05_Plenario_Nacionales_15-1-750x422.jpg 750w, https:\/\/atecordoba.org\/wp-content\/uploads\/2022\/05\/05_05_Plenario_Nacionales_15-1-1140x641.jpg 1140w, https:\/\/atecordoba.org\/wp-content\/uploads\/2022\/05\/05_05_Plenario_Nacionales_15-1.jpg 1600w\" sizes=\"auto, (max-width: 1024px) 100vw, 1024px\" \/><\/a><\/figure>\n<\/figure>\n\n\n\n<p><strong>La medida tendr\u00e1 car\u00e1cter de Paro Provincial y Jornada de Lucha<\/strong>, y conjuga la actualidad de la negociaci\u00f3n salarial con el homenaje a los 20 a\u00f1os del primer paro nacional convocado por la CTA, por lo que participar\u00e1n, adem\u00e1s, <strong>la Federaci\u00f3n Nacional Territorial (FENAT-CTAA) y se convocar\u00e1 a dem\u00e1s organizaciones de la CTAA de la Provincia, y otros espacios gremiales, sociales y estudiantiles<\/strong>.<\/p>\n\n\n\n<p>El c\u00f3nclave estuvo presidido por el <strong>Secretario General de ATE C\u00f3rdoba, Federico Giuliani, y cont\u00f3 con la presencia de distintos sectores de estatales de la capital provincial.<\/strong><\/p>\n\n\n\n<figure class=\"wp-block-gallery has-nested-images columns-default is-cropped wp-block-gallery-2 is-layout-flex wp-block-gallery-is-layout-flex\">\n<figure class=\"wp-block-image size-large\"><img loading=\"lazy\" decoding=\"async\" width=\"1024\" height=\"576\" data-id=\"31815\" src=\"https:\/\/atecordoba.org\/wp-content\/uploads\/2022\/05\/05_05_Plenario_Nacionales-1-1024x576.jpg\" alt=\"\" class=\"wp-image-31815\" srcset=\"https:\/\/atecordoba.org\/wp-content\/uploads\/2022\/05\/05_05_Plenario_Nacionales-1-1024x576.jpg 1024w, https:\/\/atecordoba.org\/wp-content\/uploads\/2022\/05\/05_05_Plenario_Nacionales-1-300x169.jpg 300w, https:\/\/atecordoba.org\/wp-content\/uploads\/2022\/05\/05_05_Plenario_Nacionales-1-768x432.jpg 768w, https:\/\/atecordoba.org\/wp-content\/uploads\/2022\/05\/05_05_Plenario_Nacionales-1-1536x864.jpg 1536w, https:\/\/atecordoba.org\/wp-content\/uploads\/2022\/05\/05_05_Plenario_Nacionales-1-750x422.jpg 750w, https:\/\/atecordoba.org\/wp-content\/uploads\/2022\/05\/05_05_Plenario_Nacionales-1-1140x641.jpg 1140w, https:\/\/atecordoba.org\/wp-content\/uploads\/2022\/05\/05_05_Plenario_Nacionales-1.jpg 1600w\" sizes=\"auto, (max-width: 1024px) 100vw, 1024px\" \/><\/figure>\n\n\n\n<figure class=\"wp-block-image size-large\"><img loading=\"lazy\" decoding=\"async\" width=\"1024\" height=\"576\" data-id=\"31816\" src=\"https:\/\/atecordoba.org\/wp-content\/uploads\/2022\/05\/05_05_Plenario_Nacionales_2-1-1024x576.jpg\" alt=\"\" class=\"wp-image-31816\" srcset=\"https:\/\/atecordoba.org\/wp-content\/uploads\/2022\/05\/05_05_Plenario_Nacionales_2-1-1024x576.jpg 1024w, https:\/\/atecordoba.org\/wp-content\/uploads\/2022\/05\/05_05_Plenario_Nacionales_2-1-300x169.jpg 300w, https:\/\/atecordoba.org\/wp-content\/uploads\/2022\/05\/05_05_Plenario_Nacionales_2-1-768x432.jpg 768w, https:\/\/atecordoba.org\/wp-content\/uploads\/2022\/05\/05_05_Plenario_Nacionales_2-1-1536x864.jpg 1536w, https:\/\/atecordoba.org\/wp-content\/uploads\/2022\/05\/05_05_Plenario_Nacionales_2-1-750x422.jpg 750w, https:\/\/atecordoba.org\/wp-content\/uploads\/2022\/05\/05_05_Plenario_Nacionales_2-1-1140x641.jpg 1140w, https:\/\/atecordoba.org\/wp-content\/uploads\/2022\/05\/05_05_Plenario_Nacionales_2-1.jpg 1600w\" sizes=\"auto, (max-width: 1024px) 100vw, 1024px\" \/><\/figure>\n\n\n\n<figure class=\"wp-block-image size-large\"><img loading=\"lazy\" decoding=\"async\" width=\"1024\" height=\"576\" data-id=\"31817\" src=\"https:\/\/atecordoba.org\/wp-content\/uploads\/2022\/05\/05_05_Plenario_Nacionales_3-1-1024x576.jpg\" alt=\"\" class=\"wp-image-31817\" srcset=\"https:\/\/atecordoba.org\/wp-content\/uploads\/2022\/05\/05_05_Plenario_Nacionales_3-1-1024x576.jpg 1024w, https:\/\/atecordoba.org\/wp-content\/uploads\/2022\/05\/05_05_Plenario_Nacionales_3-1-300x169.jpg 300w, https:\/\/atecordoba.org\/wp-content\/uploads\/2022\/05\/05_05_Plenario_Nacionales_3-1-768x432.jpg 768w, https:\/\/atecordoba.org\/wp-content\/uploads\/2022\/05\/05_05_Plenario_Nacionales_3-1-1536x864.jpg 1536w, https:\/\/atecordoba.org\/wp-content\/uploads\/2022\/05\/05_05_Plenario_Nacionales_3-1-750x422.jpg 750w, https:\/\/atecordoba.org\/wp-content\/uploads\/2022\/05\/05_05_Plenario_Nacionales_3-1-1140x641.jpg 1140w, https:\/\/atecordoba.org\/wp-content\/uploads\/2022\/05\/05_05_Plenario_Nacionales_3-1.jpg 1600w\" sizes=\"auto, (max-width: 1024px) 100vw, 1024px\" \/><\/figure>\n<\/figure>\n\n\n\n<p>En su resoluci\u00f3n, <strong>el Plenario -que funcion\u00f3 bajo el nombre de Victorio Paul\u00f3n en homenaje al hist\u00f3rico dirigente metal\u00fargico fallecido hoy-<\/strong>, pidi\u00f3 que la negociaci\u00f3n <strong>paritaria nacional contemple un aumento del 70% a pagar antes de fin de a\u00f1o y que ning\u00fan trabajador\/a quede por debajo de la canasta familiar<\/strong>, que el INDEC estableci\u00f3 en 90 mil pesos para mayo, todo <strong>con cl\u00e1usula gatillo<\/strong> para mantener actualizados los ingresos de las y los estatales frente a la vor\u00e1gine de la escalada inflacionaria actual. Adem\u00e1s, se suma el <strong>pedido de un bono para compensar la p\u00e9rdida salarial -desde el macrismo a la fecha- <\/strong>y fijar un <strong>&#8220;piso de dignidad&#8221;<\/strong> que no permita caer a ning\u00fan trabajador y trabajadora por debajo de la l\u00ednea de la pobreza.<\/p>\n\n\n\n<p>Otros puntos resueltos en la reuni\u00f3n consisten en reclamar el <strong>cumplimiento del pase a planta de 30 mil estatales<\/strong> que Jefatura de Gabinete se comprometi\u00f3 a realizar en 2020 y a\u00fan no se hizo efectivo y, adem\u00e1s, <strong>el pase a planta de la totalidad de las y los contratados<\/strong>.<\/p>\n\n\n\n<p>Adem\u00e1s, en t\u00e9rminos sectoriales, <strong>el plenario acompa\u00f1ar\u00e1 la jornada de lucha con movilizaci\u00f3n que el pr\u00f3ximo 17 de mayo el Personal Civil de las FFAA realizar\u00e1 frente a la delegaci\u00f3n local del Ministerio de Trabajo de la Naci\u00f3n <\/strong>para reclamar la apertura de la paritaria sectorial.<\/p>\n\n\n\n<figure class=\"wp-block-gallery has-nested-images columns-default is-cropped wp-block-gallery-3 is-layout-flex wp-block-gallery-is-layout-flex\">\n<figure class=\"wp-block-image size-large\"><a href=\"https:\/\/atecordoba.org\/wp-content\/uploads\/2022\/05\/05_05_Plenario_Nacionales_6-1.jpg\"><img loading=\"lazy\" decoding=\"async\" width=\"1600\" height=\"900\" data-id=\"31823\" src=\"https:\/\/atecordoba.org\/wp-content\/uploads\/2022\/05\/05_05_Plenario_Nacionales_6-1.jpg\" alt=\"\" class=\"wp-image-31823\" srcset=\"https:\/\/atecordoba.org\/wp-content\/uploads\/2022\/05\/05_05_Plenario_Nacionales_6-1.jpg 1600w, https:\/\/atecordoba.org\/wp-content\/uploads\/2022\/05\/05_05_Plenario_Nacionales_6-1-300x169.jpg 300w, https:\/\/atecordoba.org\/wp-content\/uploads\/2022\/05\/05_05_Plenario_Nacionales_6-1-1024x576.jpg 1024w, https:\/\/atecordoba.org\/wp-content\/uploads\/2022\/05\/05_05_Plenario_Nacionales_6-1-768x432.jpg 768w, https:\/\/atecordoba.org\/wp-content\/uploads\/2022\/05\/05_05_Plenario_Nacionales_6-1-1536x864.jpg 1536w, https:\/\/atecordoba.org\/wp-content\/uploads\/2022\/05\/05_05_Plenario_Nacionales_6-1-750x422.jpg 750w, https:\/\/atecordoba.org\/wp-content\/uploads\/2022\/05\/05_05_Plenario_Nacionales_6-1-1140x641.jpg 1140w\" sizes=\"auto, (max-width: 1600px) 100vw, 1600px\" \/><\/a><\/figure>\n\n\n\n<figure class=\"wp-block-image size-large\"><a href=\"https:\/\/atecordoba.org\/wp-content\/uploads\/2022\/05\/05_05_Plenario_Nacionales_4-1.jpg\"><img loading=\"lazy\" decoding=\"async\" width=\"1600\" height=\"900\" data-id=\"31822\" src=\"https:\/\/atecordoba.org\/wp-content\/uploads\/2022\/05\/05_05_Plenario_Nacionales_4-1.jpg\" alt=\"\" class=\"wp-image-31822\" srcset=\"https:\/\/atecordoba.org\/wp-content\/uploads\/2022\/05\/05_05_Plenario_Nacionales_4-1.jpg 1600w, https:\/\/atecordoba.org\/wp-content\/uploads\/2022\/05\/05_05_Plenario_Nacionales_4-1-300x169.jpg 300w, https:\/\/atecordoba.org\/wp-content\/uploads\/2022\/05\/05_05_Plenario_Nacionales_4-1-1024x576.jpg 1024w, https:\/\/atecordoba.org\/wp-content\/uploads\/2022\/05\/05_05_Plenario_Nacionales_4-1-768x432.jpg 768w, https:\/\/atecordoba.org\/wp-content\/uploads\/2022\/05\/05_05_Plenario_Nacionales_4-1-1536x864.jpg 1536w, https:\/\/atecordoba.org\/wp-content\/uploads\/2022\/05\/05_05_Plenario_Nacionales_4-1-750x422.jpg 750w, https:\/\/atecordoba.org\/wp-content\/uploads\/2022\/05\/05_05_Plenario_Nacionales_4-1-1140x641.jpg 1140w\" sizes=\"auto, (max-width: 1600px) 100vw, 1600px\" \/><\/a><\/figure>\n\n\n\n<figure class=\"wp-block-image size-large\"><a href=\"https:\/\/atecordoba.org\/wp-content\/uploads\/2022\/05\/05_05_Plenario_Nacionales_7-1.jpg\"><img loading=\"lazy\" decoding=\"async\" width=\"1600\" height=\"900\" data-id=\"31819\" src=\"https:\/\/atecordoba.org\/wp-content\/uploads\/2022\/05\/05_05_Plenario_Nacionales_7-1.jpg\" alt=\"\" class=\"wp-image-31819\" srcset=\"https:\/\/atecordoba.org\/wp-content\/uploads\/2022\/05\/05_05_Plenario_Nacionales_7-1.jpg 1600w, https:\/\/atecordoba.org\/wp-content\/uploads\/2022\/05\/05_05_Plenario_Nacionales_7-1-300x169.jpg 300w, https:\/\/atecordoba.org\/wp-content\/uploads\/2022\/05\/05_05_Plenario_Nacionales_7-1-1024x576.jpg 1024w, https:\/\/atecordoba.org\/wp-content\/uploads\/2022\/05\/05_05_Plenario_Nacionales_7-1-768x432.jpg 768w, https:\/\/atecordoba.org\/wp-content\/uploads\/2022\/05\/05_05_Plenario_Nacionales_7-1-1536x864.jpg 1536w, https:\/\/atecordoba.org\/wp-content\/uploads\/2022\/05\/05_05_Plenario_Nacionales_7-1-750x422.jpg 750w, https:\/\/atecordoba.org\/wp-content\/uploads\/2022\/05\/05_05_Plenario_Nacionales_7-1-1140x641.jpg 1140w\" sizes=\"auto, (max-width: 1600px) 100vw, 1600px\" \/><\/a><\/figure>\n\n\n\n<figure class=\"wp-block-image size-large\"><a href=\"https:\/\/atecordoba.org\/wp-content\/uploads\/2022\/05\/05_05_Plenario_Nacionales_11-1.jpg\"><img loading=\"lazy\" decoding=\"async\" width=\"1600\" height=\"900\" data-id=\"31820\" src=\"https:\/\/atecordoba.org\/wp-content\/uploads\/2022\/05\/05_05_Plenario_Nacionales_11-1.jpg\" alt=\"\" class=\"wp-image-31820\" srcset=\"https:\/\/atecordoba.org\/wp-content\/uploads\/2022\/05\/05_05_Plenario_Nacionales_11-1.jpg 1600w, https:\/\/atecordoba.org\/wp-content\/uploads\/2022\/05\/05_05_Plenario_Nacionales_11-1-300x169.jpg 300w, https:\/\/atecordoba.org\/wp-content\/uploads\/2022\/05\/05_05_Plenario_Nacionales_11-1-1024x576.jpg 1024w, https:\/\/atecordoba.org\/wp-content\/uploads\/2022\/05\/05_05_Plenario_Nacionales_11-1-768x432.jpg 768w, https:\/\/atecordoba.org\/wp-content\/uploads\/2022\/05\/05_05_Plenario_Nacionales_11-1-1536x864.jpg 1536w, https:\/\/atecordoba.org\/wp-content\/uploads\/2022\/05\/05_05_Plenario_Nacionales_11-1-750x422.jpg 750w, https:\/\/atecordoba.org\/wp-content\/uploads\/2022\/05\/05_05_Plenario_Nacionales_11-1-1140x641.jpg 1140w\" sizes=\"auto, (max-width: 1600px) 100vw, 1600px\" \/><\/a><\/figure>\n\n\n\n<figure class=\"wp-block-image size-large\"><a href=\"https:\/\/atecordoba.org\/wp-content\/uploads\/2022\/05\/05_05_Plenario_Nacionales_9-2.jpg\"><img loading=\"lazy\" decoding=\"async\" width=\"1600\" height=\"900\" data-id=\"31821\" src=\"https:\/\/atecordoba.org\/wp-content\/uploads\/2022\/05\/05_05_Plenario_Nacionales_9-2.jpg\" alt=\"\" class=\"wp-image-31821\" srcset=\"https:\/\/atecordoba.org\/wp-content\/uploads\/2022\/05\/05_05_Plenario_Nacionales_9-2.jpg 1600w, https:\/\/atecordoba.org\/wp-content\/uploads\/2022\/05\/05_05_Plenario_Nacionales_9-2-300x169.jpg 300w, https:\/\/atecordoba.org\/wp-content\/uploads\/2022\/05\/05_05_Plenario_Nacionales_9-2-1024x576.jpg 1024w, https:\/\/atecordoba.org\/wp-content\/uploads\/2022\/05\/05_05_Plenario_Nacionales_9-2-768x432.jpg 768w, https:\/\/atecordoba.org\/wp-content\/uploads\/2022\/05\/05_05_Plenario_Nacionales_9-2-1536x864.jpg 1536w, https:\/\/atecordoba.org\/wp-content\/uploads\/2022\/05\/05_05_Plenario_Nacionales_9-2-750x422.jpg 750w, https:\/\/atecordoba.org\/wp-content\/uploads\/2022\/05\/05_05_Plenario_Nacionales_9-2-1140x641.jpg 1140w\" sizes=\"auto, (max-width: 1600px) 100vw, 1600px\" \/><\/a><\/figure>\n\n\n\n<figure class=\"wp-block-image size-large\"><a href=\"https:\/\/atecordoba.org\/wp-content\/uploads\/2022\/05\/05_05_Plenario_Nacionales_17-1.jpg\"><img loading=\"lazy\" decoding=\"async\" width=\"1600\" height=\"900\" data-id=\"31818\" src=\"https:\/\/atecordoba.org\/wp-content\/uploads\/2022\/05\/05_05_Plenario_Nacionales_17-1.jpg\" alt=\"\" class=\"wp-image-31818\" srcset=\"https:\/\/atecordoba.org\/wp-content\/uploads\/2022\/05\/05_05_Plenario_Nacionales_17-1.jpg 1600w, https:\/\/atecordoba.org\/wp-content\/uploads\/2022\/05\/05_05_Plenario_Nacionales_17-1-300x169.jpg 300w, https:\/\/atecordoba.org\/wp-content\/uploads\/2022\/05\/05_05_Plenario_Nacionales_17-1-1024x576.jpg 1024w, https:\/\/atecordoba.org\/wp-content\/uploads\/2022\/05\/05_05_Plenario_Nacionales_17-1-768x432.jpg 768w, https:\/\/atecordoba.org\/wp-content\/uploads\/2022\/05\/05_05_Plenario_Nacionales_17-1-1536x864.jpg 1536w, https:\/\/atecordoba.org\/wp-content\/uploads\/2022\/05\/05_05_Plenario_Nacionales_17-1-750x422.jpg 750w, https:\/\/atecordoba.org\/wp-content\/uploads\/2022\/05\/05_05_Plenario_Nacionales_17-1-1140x641.jpg 1140w\" sizes=\"auto, (max-width: 1600px) 100vw, 1600px\" \/><\/a><\/figure>\n<\/figure>\n\n\n\n<p>Por \u00faltimo, se resolvi\u00f3 <strong>adherir a la movilizaci\u00f3n que la Unidad Piquetera <\/strong>realizar\u00e1 la semana que viene por trabajo y por salario, contra el hambre y la pobreza. <\/p>\n\n\n\n<p><strong>Con mandatos de base<\/strong><br>Y destac\u00f3 que \u201cla idea de sesionar en homenaje a <strong>Victorio Paul\u00f3n<\/strong> es homenajear a un hist\u00f3rico dirigente del Movimiento Obrero, metal\u00fargico de Villa Constituci\u00f3n que falleci\u00f3 hoy. Paulon fue uno de los hacedores del villazo, fue preso pol\u00edtico de la dictadura y exiliado, un militante popular muy importante que cabe destacar\u201d.<\/p>\n\n\n\n<p>El dirigente dijo que \u201cdel \u00faltimo plenario establecimos que hoy ven\u00edamos con <strong>mandato de las asambleas de sector, en esto de ir construyendo una medida, <\/strong>para que el estado de alerta sea una acci\u00f3n y no una declaraci\u00f3n. S\u00e9 que hay sectores que estuvieron trabajando, y frente a lo resuelto en Congreso Extraordinario de San Francisco para llevar a cabo un paro provincial el 26 de mayo con jornada de lucha, aprobado por unanimidad, introducimos el debate para que comenten los mandatos que traen a este plenario\u201d.<\/p>\n\n\n\n<figure class=\"wp-block-gallery has-nested-images columns-default is-cropped wp-block-gallery-4 is-layout-flex wp-block-gallery-is-layout-flex\">\n<figure class=\"wp-block-image size-large\"><img loading=\"lazy\" decoding=\"async\" width=\"1024\" height=\"576\" data-id=\"31825\" src=\"https:\/\/atecordoba.org\/wp-content\/uploads\/2022\/05\/05_05_Plenario_Nacionales_14-2-1024x576.jpg\" alt=\"\" class=\"wp-image-31825\" srcset=\"https:\/\/atecordoba.org\/wp-content\/uploads\/2022\/05\/05_05_Plenario_Nacionales_14-2-1024x576.jpg 1024w, https:\/\/atecordoba.org\/wp-content\/uploads\/2022\/05\/05_05_Plenario_Nacionales_14-2-300x169.jpg 300w, https:\/\/atecordoba.org\/wp-content\/uploads\/2022\/05\/05_05_Plenario_Nacionales_14-2-768x432.jpg 768w, https:\/\/atecordoba.org\/wp-content\/uploads\/2022\/05\/05_05_Plenario_Nacionales_14-2-1536x864.jpg 1536w, https:\/\/atecordoba.org\/wp-content\/uploads\/2022\/05\/05_05_Plenario_Nacionales_14-2-750x422.jpg 750w, https:\/\/atecordoba.org\/wp-content\/uploads\/2022\/05\/05_05_Plenario_Nacionales_14-2-1140x641.jpg 1140w, https:\/\/atecordoba.org\/wp-content\/uploads\/2022\/05\/05_05_Plenario_Nacionales_14-2.jpg 1600w\" sizes=\"auto, (max-width: 1024px) 100vw, 1024px\" \/><\/figure>\n\n\n\n<figure class=\"wp-block-image size-large\"><img loading=\"lazy\" decoding=\"async\" width=\"1024\" height=\"572\" data-id=\"31828\" src=\"https:\/\/atecordoba.org\/wp-content\/uploads\/2022\/05\/05_05_Plenario_Nacionales_19-1-1024x572.jpg\" alt=\"\" class=\"wp-image-31828\" srcset=\"https:\/\/atecordoba.org\/wp-content\/uploads\/2022\/05\/05_05_Plenario_Nacionales_19-1-1024x572.jpg 1024w, https:\/\/atecordoba.org\/wp-content\/uploads\/2022\/05\/05_05_Plenario_Nacionales_19-1-300x168.jpg 300w, https:\/\/atecordoba.org\/wp-content\/uploads\/2022\/05\/05_05_Plenario_Nacionales_19-1-768x429.jpg 768w, https:\/\/atecordoba.org\/wp-content\/uploads\/2022\/05\/05_05_Plenario_Nacionales_19-1-750x419.jpg 750w, https:\/\/atecordoba.org\/wp-content\/uploads\/2022\/05\/05_05_Plenario_Nacionales_19-1-1140x637.jpg 1140w, https:\/\/atecordoba.org\/wp-content\/uploads\/2022\/05\/05_05_Plenario_Nacionales_19-1.jpg 1280w\" sizes=\"auto, (max-width: 1024px) 100vw, 1024px\" \/><\/figure>\n\n\n\n<figure class=\"wp-block-image size-large\"><img loading=\"lazy\" decoding=\"async\" width=\"1024\" height=\"576\" data-id=\"31824\" src=\"https:\/\/atecordoba.org\/wp-content\/uploads\/2022\/05\/05_05_Plenario_Nacionales_20-1-1024x576.jpg\" alt=\"\" class=\"wp-image-31824\" srcset=\"https:\/\/atecordoba.org\/wp-content\/uploads\/2022\/05\/05_05_Plenario_Nacionales_20-1-1024x576.jpg 1024w, https:\/\/atecordoba.org\/wp-content\/uploads\/2022\/05\/05_05_Plenario_Nacionales_20-1-300x169.jpg 300w, https:\/\/atecordoba.org\/wp-content\/uploads\/2022\/05\/05_05_Plenario_Nacionales_20-1-768x432.jpg 768w, https:\/\/atecordoba.org\/wp-content\/uploads\/2022\/05\/05_05_Plenario_Nacionales_20-1-1536x864.jpg 1536w, https:\/\/atecordoba.org\/wp-content\/uploads\/2022\/05\/05_05_Plenario_Nacionales_20-1-750x422.jpg 750w, https:\/\/atecordoba.org\/wp-content\/uploads\/2022\/05\/05_05_Plenario_Nacionales_20-1-1140x641.jpg 1140w, https:\/\/atecordoba.org\/wp-content\/uploads\/2022\/05\/05_05_Plenario_Nacionales_20-1.jpg 1600w\" sizes=\"auto, (max-width: 1024px) 100vw, 1024px\" \/><\/figure>\n\n\n\n<figure class=\"wp-block-image size-large\"><img loading=\"lazy\" decoding=\"async\" width=\"1024\" height=\"576\" data-id=\"31826\" src=\"https:\/\/atecordoba.org\/wp-content\/uploads\/2022\/05\/05_05_Plenario_Nacionales_21-1-1024x576.jpg\" alt=\"\" class=\"wp-image-31826\" srcset=\"https:\/\/atecordoba.org\/wp-content\/uploads\/2022\/05\/05_05_Plenario_Nacionales_21-1-1024x576.jpg 1024w, https:\/\/atecordoba.org\/wp-content\/uploads\/2022\/05\/05_05_Plenario_Nacionales_21-1-300x169.jpg 300w, https:\/\/atecordoba.org\/wp-content\/uploads\/2022\/05\/05_05_Plenario_Nacionales_21-1-768x432.jpg 768w, https:\/\/atecordoba.org\/wp-content\/uploads\/2022\/05\/05_05_Plenario_Nacionales_21-1-1536x864.jpg 1536w, https:\/\/atecordoba.org\/wp-content\/uploads\/2022\/05\/05_05_Plenario_Nacionales_21-1-750x422.jpg 750w, https:\/\/atecordoba.org\/wp-content\/uploads\/2022\/05\/05_05_Plenario_Nacionales_21-1-1140x641.jpg 1140w, https:\/\/atecordoba.org\/wp-content\/uploads\/2022\/05\/05_05_Plenario_Nacionales_21-1.jpg 1600w\" sizes=\"auto, (max-width: 1024px) 100vw, 1024px\" \/><\/figure>\n\n\n\n<figure class=\"wp-block-image size-large\"><img loading=\"lazy\" decoding=\"async\" width=\"1024\" height=\"576\" data-id=\"31827\" src=\"https:\/\/atecordoba.org\/wp-content\/uploads\/2022\/05\/05_05_Plenario_Nacionales_22-1-1024x576.jpg\" alt=\"\" class=\"wp-image-31827\" srcset=\"https:\/\/atecordoba.org\/wp-content\/uploads\/2022\/05\/05_05_Plenario_Nacionales_22-1-1024x576.jpg 1024w, https:\/\/atecordoba.org\/wp-content\/uploads\/2022\/05\/05_05_Plenario_Nacionales_22-1-300x169.jpg 300w, https:\/\/atecordoba.org\/wp-content\/uploads\/2022\/05\/05_05_Plenario_Nacionales_22-1-768x432.jpg 768w, https:\/\/atecordoba.org\/wp-content\/uploads\/2022\/05\/05_05_Plenario_Nacionales_22-1-1536x864.jpg 1536w, https:\/\/atecordoba.org\/wp-content\/uploads\/2022\/05\/05_05_Plenario_Nacionales_22-1-750x422.jpg 750w, https:\/\/atecordoba.org\/wp-content\/uploads\/2022\/05\/05_05_Plenario_Nacionales_22-1-1140x641.jpg 1140w, https:\/\/atecordoba.org\/wp-content\/uploads\/2022\/05\/05_05_Plenario_Nacionales_22-1.jpg 1600w\" sizes=\"auto, (max-width: 1024px) 100vw, 1024px\" \/><\/figure>\n\n\n\n<figure class=\"wp-block-image size-large\"><img loading=\"lazy\" decoding=\"async\" width=\"1024\" height=\"1024\" data-id=\"31829\" src=\"https:\/\/atecordoba.org\/wp-content\/uploads\/2022\/05\/Plenario-Nacionales-1024x1024.jpg\" alt=\"\" class=\"wp-image-31829\" srcset=\"https:\/\/atecordoba.org\/wp-content\/uploads\/2022\/05\/Plenario-Nacionales-1024x1024.jpg 1024w, https:\/\/atecordoba.org\/wp-content\/uploads\/2022\/05\/Plenario-Nacionales-300x300.jpg 300w, https:\/\/atecordoba.org\/wp-content\/uploads\/2022\/05\/Plenario-Nacionales-150x150.jpg 150w, https:\/\/atecordoba.org\/wp-content\/uploads\/2022\/05\/Plenario-Nacionales-768x769.jpg 768w, https:\/\/atecordoba.org\/wp-content\/uploads\/2022\/05\/Plenario-Nacionales-560x560.jpg 560w, https:\/\/atecordoba.org\/wp-content\/uploads\/2022\/05\/Plenario-Nacionales-75x75.jpg 75w, https:\/\/atecordoba.org\/wp-content\/uploads\/2022\/05\/Plenario-Nacionales-350x350.jpg 350w, https:\/\/atecordoba.org\/wp-content\/uploads\/2022\/05\/Plenario-Nacionales-750x751.jpg 750w, https:\/\/atecordoba.org\/wp-content\/uploads\/2022\/05\/Plenario-Nacionales.jpg 1080w\" sizes=\"auto, (max-width: 1024px) 100vw, 1024px\" \/><\/figure>\n<\/figure>\n","protected":false},"excerpt":{"rendered":"<p>La medida tendr\u00e1 car\u00e1cter de Paro Provincial y Jornada de Lucha, y conjuga la actualidad de la negociaci\u00f3n salarial con el homenaje a los 20 a\u00f1os del primer paro nacional convocado por la CTA, por lo que participar\u00e1n, adem\u00e1s, la Federaci\u00f3n Nacional Territorial (FENAT-CTAA) y se convocar\u00e1 a dem\u00e1s organizaciones de la CTAA de la [&hellip;]<\/p>\n","protected":false},"author":6,"featured_media":31799,"comment_status":"open","ping_status":"open","sticky":false,"template":"","format":"standard","meta":{"_exactmetrics_skip_tracking":false,"_exactmetrics_sitenote_active":false,"_exactmetrics_sitenote_note":"","_exactmetrics_sitenote_category":0,"jnews-multi-image_gallery":[],"jnews_single_post":{"subtitle":"En la reuni\u00f3n,  llevada a cabo esta ma\u00f1ana en el auditorio H\u00e9ctor La Perra Castro del Consejo Directivo Provincial (CDP), se resolvi\u00f3 ratificar el mandato del Congreso Provincial Extraordinario de San Francisco y realizar el 26 de mayo un gran Cabildo Abierto de los estatales en C\u00f3rdoba para reclamar por una paritaria estatal que eleve al 70% la recomposici\u00f3n salarial hasta fin de a\u00f1o.","format":"standard","video":"","gallery":"","source_name":"","source_url":"","via_name":"","via_url":"","override_template":"0","override":[{"template":"1","single_blog_custom":"","parallax":"1","fullscreen":"1","layout":"right-sidebar","sidebar":"default-sidebar","second_sidebar":"default-sidebar","sticky_sidebar":"1","share_position":"top","share_float_style":"share-monocrhome","show_share_counter":"1","show_view_counter":"1","show_featured":"1","show_post_meta":"1","show_post_author":"1","show_post_author_image":"1","show_post_date":"1","post_date_format":"default","post_date_format_custom":"Y\/m\/d","show_post_category":"1","show_post_reading_time":"0","post_reading_time_wpm":"300","show_zoom_button":"0","zoom_button_out_step":"2","zoom_button_in_step":"3","show_post_tag":"1","show_prev_next_post":"1","show_popup_post":"1","number_popup_post":"1","show_author_box":"0","show_post_related":"0","show_inline_post_related":"0"}],"override_image_size":"0","image_override":[{"single_post_thumbnail_size":"crop-500","single_post_gallery_size":"crop-500"}],"trending_post":"0","trending_post_position":"meta","trending_post_label":"Trending","sponsored_post":"0","sponsored_post_label":"Sponsored by","sponsored_post_name":"","sponsored_post_url":"","sponsored_post_logo_enable":"0","sponsored_post_logo":"","sponsored_post_desc":"","disable_ad":"0"},"jnews_primary_category":{"id":""},"jnews_social_meta":{"fb_title":"","fb_description":"","fb_image":"","twitter_title":"","twitter_description":"","twitter_image":""},"jnews_review":[],"enable_review":"0","type":"percentage","name":"","summary":"","brand":"","sku":"","good":[{"good_text":""}],"bad":[{"bad_text":""}],"score_override":"","override_value":"","rating":[{"rating_text":"","rating_number":"10"}],"price":[{"shop":"","price":"","link":"","icon":""}],"jnews_override_counter":{"override_view_counter":"0","view_counter_number":"0","override_share_counter":"0","share_counter_number":"0","override_like_counter":"0","like_counter_number":"0","override_dislike_counter":"0","dislike_counter_number":"0"},"jnews_post_split":{"enable_post_split":"0","post_split":[{"template":"1","tag":"h2","numbering":"asc","mode":"normal","first":"0","enable_toc":"0","toc_type":"normal"}]},"footnotes":""},"categories":[341,152,18],"tags":[],"class_list":["post-31810","post","type-post","status-publish","format-standard","has-post-thumbnail","hentry","category-cdp","category-despedidos","category-nacionales"],"jetpack_featured_media_url":"https:\/\/atecordoba.org\/wp-content\/uploads\/2022\/05\/05_05_Plenario_Nacionales_15.jpg","_links":{"self":[{"href":"https:\/\/atecordoba.org\/index.php?rest_route=\/wp\/v2\/posts\/31810","targetHints":{"allow":["GET"]}}],"collection":[{"href":"https:\/\/atecordoba.org\/index.php?rest_route=\/wp\/v2\/posts"}],"about":[{"href":"https:\/\/atecordoba.org\/index.php?rest_route=\/wp\/v2\/types\/post"}],"author":[{"embeddable":true,"href":"https:\/\/atecordoba.org\/index.php?rest_route=\/wp\/v2\/users\/6"}],"replies":[{"embeddable":true,"href":"https:\/\/atecordoba.org\/index.php?rest_route=%2Fwp%2Fv2%2Fcomments&post=31810"}],"version-history":[{"count":5,"href":"https:\/\/atecordoba.org\/index.php?rest_route=\/wp\/v2\/posts\/31810\/revisions"}],"predecessor-version":[{"id":31834,"href":"https:\/\/atecordoba.org\/index.php?rest_route=\/wp\/v2\/posts\/31810\/revisions\/31834"}],"wp:featuredmedia":[{"embeddable":true,"href":"https:\/\/atecordoba.org\/index.php?rest_route=\/wp\/v2\/media\/31799"}],"wp:attachment":[{"href":"https:\/\/atecordoba.org\/index.php?rest_route=%2Fwp%2Fv2%2Fmedia&parent=31810"}],"wp:term":[{"taxonomy":"category","embeddable":true,"href":"https:\/\/atecordoba.org\/index.php?rest_route=%2Fwp%2Fv2%2Fcategories&post=31810"},{"taxonomy":"post_tag","embeddable":true,"href":"https:\/\/atecordoba.org\/index.php?rest_route=%2Fwp%2Fv2%2Ftags&post=31810"}],"curies":[{"name":"wp","href":"https:\/\/api.w.org\/{rel}","templated":true}]}}