{"id":31779,"date":"2022-05-05T10:16:15","date_gmt":"2022-05-05T13:16:15","guid":{"rendered":"https:\/\/atecordoba.org\/?p=31779"},"modified":"2022-05-05T10:16:20","modified_gmt":"2022-05-05T13:16:20","slug":"unc-masiva-concurrencia-respaldo-la-eleccion-de-delegados-de-ate-en-famaf","status":"publish","type":"post","link":"https:\/\/atecordoba.org\/?p=31779","title":{"rendered":"UNC: masiva concurrencia respald\u00f3 la elecci\u00f3n de delegados de ATE en FAMAF"},"content":{"rendered":"\n<figure class=\"wp-block-gallery has-nested-images columns-default is-cropped wp-block-gallery-1 is-layout-flex wp-block-gallery-is-layout-flex\">\n<figure class=\"wp-block-image size-large\"><img loading=\"lazy\" decoding=\"async\" width=\"765\" height=\"1024\" data-id=\"31781\" src=\"https:\/\/atecordoba.org\/wp-content\/uploads\/2022\/05\/EleccionesFAMAF2022-765x1024.jpeg\" alt=\"\" class=\"wp-image-31781\" \/><\/figure>\n\n\n\n<figure class=\"wp-block-image size-large\"><img loading=\"lazy\" decoding=\"async\" width=\"1024\" height=\"576\" data-id=\"31782\" src=\"https:\/\/atecordoba.org\/wp-content\/uploads\/2022\/05\/EleccionesFAMAF2022_-1024x576.jpeg\" alt=\"\" class=\"wp-image-31782\" srcset=\"https:\/\/atecordoba.org\/wp-content\/uploads\/2022\/05\/EleccionesFAMAF2022_-1024x576.jpeg 1024w, https:\/\/atecordoba.org\/wp-content\/uploads\/2022\/05\/EleccionesFAMAF2022_-300x169.jpeg 300w, https:\/\/atecordoba.org\/wp-content\/uploads\/2022\/05\/EleccionesFAMAF2022_-768x432.jpeg 768w, https:\/\/atecordoba.org\/wp-content\/uploads\/2022\/05\/EleccionesFAMAF2022_-750x422.jpeg 750w, https:\/\/atecordoba.org\/wp-content\/uploads\/2022\/05\/EleccionesFAMAF2022_-1140x641.jpeg 1140w, https:\/\/atecordoba.org\/wp-content\/uploads\/2022\/05\/EleccionesFAMAF2022_.jpeg 1280w\" sizes=\"auto, (max-width: 1024px) 100vw, 1024px\" \/><\/figure>\n\n\n\n<figure class=\"wp-block-image size-large\"><img loading=\"lazy\" decoding=\"async\" width=\"1024\" height=\"1015\" data-id=\"31780\" src=\"https:\/\/atecordoba.org\/wp-content\/uploads\/2022\/05\/EleccionesFAMAF2022_1-1024x1015.jpeg\" alt=\"\" class=\"wp-image-31780\" srcset=\"https:\/\/atecordoba.org\/wp-content\/uploads\/2022\/05\/EleccionesFAMAF2022_1-1024x1015.jpeg 1024w, https:\/\/atecordoba.org\/wp-content\/uploads\/2022\/05\/EleccionesFAMAF2022_1-300x297.jpeg 300w, https:\/\/atecordoba.org\/wp-content\/uploads\/2022\/05\/EleccionesFAMAF2022_1-150x150.jpeg 150w, https:\/\/atecordoba.org\/wp-content\/uploads\/2022\/05\/EleccionesFAMAF2022_1-768x761.jpeg 768w, https:\/\/atecordoba.org\/wp-content\/uploads\/2022\/05\/EleccionesFAMAF2022_1-75x75.jpeg 75w, https:\/\/atecordoba.org\/wp-content\/uploads\/2022\/05\/EleccionesFAMAF2022_1-750x743.jpeg 750w, https:\/\/atecordoba.org\/wp-content\/uploads\/2022\/05\/EleccionesFAMAF2022_1-1140x1129.jpeg 1140w, https:\/\/atecordoba.org\/wp-content\/uploads\/2022\/05\/EleccionesFAMAF2022_1.jpeg 1510w\" sizes=\"auto, (max-width: 1024px) 100vw, 1024px\" \/><\/figure>\n<\/figure>\n\n\n\n<p>Ayer mi\u00e9rcoles 4 de mayo se llev\u00f3 a cabo la elecci\u00f3n de delegados de ATE en la Facultad de Matem\u00e1tica, Astronom\u00eda, F\u00edsica y Computaci\u00f3n (FAMAF), unidad acad\u00e9mica de la Universidad Nacional de C\u00f3rdoba. <\/p>\n\n\n\n<p>Dos delegados que se encontraban con mandato prorrogado debido a la pandemia, ratificaron sus cargos con el voto positivo de m\u00e1s del 80% del padr\u00f3n habilitado. <\/p>\n\n\n\n<p>Se trata de los compa\u00f1eros Isidoro D\u00edaz y Ezequiel Ambrogio, que renuevan un tercer mandato por ATE.<\/p>\n\n\n\n<p>De esta forma ATE contin\u00faa reforzando su estructura organizativa en la casa de estudios. <\/p>\n","protected":false},"excerpt":{"rendered":"<p>Ayer mi\u00e9rcoles 4 de mayo se llev\u00f3 a cabo la elecci\u00f3n de delegados de ATE en la Facultad de Matem\u00e1tica, Astronom\u00eda, F\u00edsica y Computaci\u00f3n (FAMAF), unidad acad\u00e9mica de la Universidad Nacional de C\u00f3rdoba. Dos delegados que se encontraban con mandato prorrogado debido a la pandemia, ratificaron sus cargos con el voto positivo de m\u00e1s del [&hellip;]<\/p>\n","protected":false},"author":7,"featured_media":31781,"comment_status":"open","ping_status":"open","sticky":false,"template":"","format":"standard","meta":{"_exactmetrics_skip_tracking":false,"_exactmetrics_sitenote_active":false,"_exactmetrics_sitenote_note":"","_exactmetrics_sitenote_category":0,"jnews-multi-image_gallery":[],"jnews_single_post":{"subtitle":"La afluencia a votar los delegados super\u00f3 el 80% del padr\u00f3n. ","format":"standard","video":"","gallery":"","source_name":"","source_url":"","via_name":"","via_url":"","override_template":"0","override":[{"template":"1","single_blog_custom":"","parallax":"1","fullscreen":"1","layout":"right-sidebar","sidebar":"default-sidebar","second_sidebar":"default-sidebar","sticky_sidebar":"1","share_position":"top","share_float_style":"share-monocrhome","show_share_counter":"1","show_view_counter":"1","show_featured":"1","show_post_meta":"1","show_post_author":"1","show_post_author_image":"1","show_post_date":"1","post_date_format":"default","post_date_format_custom":"Y\/m\/d","show_post_category":"1","show_post_reading_time":"0","post_reading_time_wpm":"300","show_zoom_button":"0","zoom_button_out_step":"2","zoom_button_in_step":"3","show_post_tag":"1","show_prev_next_post":"1","show_popup_post":"1","number_popup_post":"1","show_author_box":"0","show_post_related":"0","show_inline_post_related":"0"}],"override_image_size":"0","image_override":[{"single_post_thumbnail_size":"crop-500","single_post_gallery_size":"crop-500"}],"trending_post":"0","trending_post_position":"meta","trending_post_label":"Trending","sponsored_post":"0","sponsored_post_label":"Sponsored by","sponsored_post_name":"","sponsored_post_url":"","sponsored_post_logo_enable":"0","sponsored_post_logo":"","sponsored_post_desc":"","disable_ad":"0"},"jnews_primary_category":{"id":""},"jnews_social_meta":{"fb_title":"Nacionales: masiva concurrencia respald\u00f3 la elecci\u00f3n de delegados de ATE-UNC","fb_description":"","fb_image":"","twitter_title":"","twitter_description":"","twitter_image":""},"jnews_review":[],"enable_review":"0","type":"percentage","name":"","summary":"","brand":"","sku":"","good":[{"good_text":""}],"bad":[{"bad_text":""}],"score_override":"","override_value":"","rating":[{"rating_text":"","rating_number":"10"}],"price":[{"shop":"","price":"","link":"","icon":""}],"jnews_override_counter":{"override_view_counter":"0","view_counter_number":"0","override_share_counter":"0","share_counter_number":"0","override_like_counter":"0","like_counter_number":"0","override_dislike_counter":"0","dislike_counter_number":"0"},"jnews_post_split":{"enable_post_split":"0","post_split":[{"template":"1","tag":"h2","numbering":"asc","mode":"normal","first":"0","enable_toc":"0","toc_type":"normal"}]},"footnotes":""},"categories":[18],"tags":[919,63],"class_list":["post-31779","post","type-post","status-publish","format-standard","has-post-thumbnail","hentry","category-nacionales","tag-famaf","tag-unc"],"jetpack_featured_media_url":"https:\/\/atecordoba.org\/wp-content\/uploads\/2022\/05\/EleccionesFAMAF2022-e1651756567775.jpeg","_links":{"self":[{"href":"https:\/\/atecordoba.org\/index.php?rest_route=\/wp\/v2\/posts\/31779","targetHints":{"allow":["GET"]}}],"collection":[{"href":"https:\/\/atecordoba.org\/index.php?rest_route=\/wp\/v2\/posts"}],"about":[{"href":"https:\/\/atecordoba.org\/index.php?rest_route=\/wp\/v2\/types\/post"}],"author":[{"embeddable":true,"href":"https:\/\/atecordoba.org\/index.php?rest_route=\/wp\/v2\/users\/7"}],"replies":[{"embeddable":true,"href":"https:\/\/atecordoba.org\/index.php?rest_route=%2Fwp%2Fv2%2Fcomments&post=31779"}],"version-history":[{"count":1,"href":"https:\/\/atecordoba.org\/index.php?rest_route=\/wp\/v2\/posts\/31779\/revisions"}],"predecessor-version":[{"id":31783,"href":"https:\/\/atecordoba.org\/index.php?rest_route=\/wp\/v2\/posts\/31779\/revisions\/31783"}],"wp:featuredmedia":[{"embeddable":true,"href":"https:\/\/atecordoba.org\/index.php?rest_route=\/wp\/v2\/media\/31781"}],"wp:attachment":[{"href":"https:\/\/atecordoba.org\/index.php?rest_route=%2Fwp%2Fv2%2Fmedia&parent=31779"}],"wp:term":[{"taxonomy":"category","embeddable":true,"href":"https:\/\/atecordoba.org\/index.php?rest_route=%2Fwp%2Fv2%2Fcategories&post=31779"},{"taxonomy":"post_tag","embeddable":true,"href":"https:\/\/atecordoba.org\/index.php?rest_route=%2Fwp%2Fv2%2Ftags&post=31779"}],"curies":[{"name":"wp","href":"https:\/\/api.w.org\/{rel}","templated":true}]}}