{"id":31767,"date":"2022-05-04T14:34:33","date_gmt":"2022-05-04T17:34:33","guid":{"rendered":"https:\/\/atecordoba.org\/?p=31767"},"modified":"2022-05-04T14:44:29","modified_gmt":"2022-05-04T17:44:29","slug":"ate-se-suma-a-la-convocatoria-por-la-aprobacion-de-una-nueva-ley-de-respuesta-integral-al-vih-las-hepatitis-virales-la-tuberculosis-y-otras-its","status":"publish","type":"post","link":"https:\/\/atecordoba.org\/?p=31767","title":{"rendered":"ATE se suma a la convocatoria por la aprobaci\u00f3n de una Nueva Ley de Respuesta Integral al VIH, las Hepatitis Virales, la Tuberculosis y otras ITS"},"content":{"rendered":"\n<div class=\"wp-block-image\"><figure class=\"aligncenter size-large is-resized\"><img loading=\"lazy\" decoding=\"async\" src=\"https:\/\/atecordoba.org\/wp-content\/uploads\/2022\/05\/IMG-20220504-WA0035-1024x1024.jpg\" alt=\"\" class=\"wp-image-31768\" width=\"768\" height=\"768\" \/><\/figure><\/div>\n\n\n\n<p>Ma\u00f1ana, 5 de mayo se tratar\u00eda en sesi\u00f3n de diputados el proyecto de Nueva Ley de Respuesta Integral al VIH, las Hepatitis Virales, la Tuberculosis y otras ITS.<\/p>\n\n\n\n<p>ATE C\u00f3rdoba adhiere al reclamo para que se haga efectivo el tratamiento de la norma, despu\u00e9s de 8 a\u00f1os de trabajo y 6 a\u00f1os del proyecto dando vueltas y siendo cajoneado.<\/p>\n\n\n\n<p>Finalmente, ma\u00f1ana se vota en el recinto, frente al peligro que entre diputados que ya dijeron que no dar\u00e1n qu\u00f3rum e intereses mezquinos, as\u00ed como discursos en contra de nuestros derechos que se escucharon en comisiones.<\/p>\n\n\n\n<p>Para dar apoyo a la ley que ampl\u00eda derechos y garantiza un trato digno a las y los pacientes, ma\u00f1ana a las 11hs en Col\u00f3n y General Paz se realizar\u00e1 una concentraci\u00f3n.<\/p>\n\n\n\n<p>\u201cDefendamos en las calles nuestro proyecto para que finalmente conquistemos la media sanci\u00f3n y #QueSeaLey!\u201d<\/p>\n\n\n\n<p>\u201cRecord\u00e1 que no hace falta vivir con VIH para reclamar juntes y que el VIH, las Hepatitis y otras ITS es algo que nos compete a todes. Este proyecto de nueva ley, significar\u00eda un avance en los derechos para nuestras comunidades pero tambi\u00e9n en el acceso a la informaci\u00f3n, sensibilizaci\u00f3n y salud p\u00fablica integral para el conjunto de la sociedad\u201d, reza la convocatoria.<\/p>\n\n\n\n<p>Sigamos diciendo juntes<\/p>\n\n\n\n<p>#NoHayM\u00e1sTiempo<\/p>\n\n\n\n<p>#NuevaLeydeVIHyHepatitisYA!<\/p>\n","protected":false},"excerpt":{"rendered":"<p>Ma\u00f1ana, 5 de mayo se tratar\u00eda en sesi\u00f3n de diputados el proyecto de Nueva Ley de Respuesta Integral al VIH, las Hepatitis Virales, la Tuberculosis y otras ITS. ATE C\u00f3rdoba adhiere al reclamo para que se haga efectivo el tratamiento de la norma, despu\u00e9s de 8 a\u00f1os de trabajo y 6 a\u00f1os del proyecto dando [&hellip;]<\/p>\n","protected":false},"author":7,"featured_media":31768,"comment_status":"open","ping_status":"open","sticky":false,"template":"","format":"standard","meta":{"_exactmetrics_skip_tracking":false,"_exactmetrics_sitenote_active":false,"_exactmetrics_sitenote_note":"","_exactmetrics_sitenote_category":0,"jnews-multi-image_gallery":[],"jnews_single_post":{"subtitle":"Para dar apoyo a la ley que ampl\u00eda derechos y garantiza un trato digno a las y los pacientes, ma\u00f1ana a las 11hs en Col\u00f3n y General Paz se realizar\u00e1 una concentraci\u00f3n.","format":"standard","video":"","gallery":"","source_name":"","source_url":"","via_name":"","via_url":"","override_template":"0","override":[{"template":"1","single_blog_custom":"","parallax":"1","fullscreen":"1","layout":"right-sidebar","sidebar":"default-sidebar","second_sidebar":"default-sidebar","sticky_sidebar":"1","share_position":"top","share_float_style":"share-monocrhome","show_share_counter":"1","show_view_counter":"1","show_featured":"1","show_post_meta":"1","show_post_author":"1","show_post_author_image":"1","show_post_date":"1","post_date_format":"default","post_date_format_custom":"Y\/m\/d","show_post_category":"1","show_post_reading_time":"0","post_reading_time_wpm":"300","show_zoom_button":"0","zoom_button_out_step":"2","zoom_button_in_step":"3","show_post_tag":"1","show_prev_next_post":"1","show_popup_post":"1","number_popup_post":"1","show_author_box":"0","show_post_related":"0","show_inline_post_related":"0"}],"override_image_size":"0","image_override":[{"single_post_thumbnail_size":"crop-500","single_post_gallery_size":"crop-500"}],"trending_post":"0","trending_post_position":"meta","trending_post_label":"Trending","sponsored_post":"0","sponsored_post_label":"Sponsored by","sponsored_post_name":"","sponsored_post_url":"","sponsored_post_logo_enable":"0","sponsored_post_logo":"","sponsored_post_desc":"","disable_ad":"0"},"jnews_primary_category":{"id":""},"jnews_social_meta":{"fb_title":"","fb_description":"","fb_image":"","twitter_title":"","twitter_description":"","twitter_image":""},"jnews_review":[],"enable_review":"0","type":"percentage","name":"","summary":"","brand":"","sku":"","good":[{"good_text":""}],"bad":[{"bad_text":""}],"score_override":"","override_value":"","rating":[{"rating_text":"","rating_number":"10"}],"price":[{"shop":"","price":"","link":"","icon":""}],"jnews_override_counter":{"override_view_counter":"0","view_counter_number":"0","override_share_counter":"0","share_counter_number":"0","override_like_counter":"0","like_counter_number":"0","override_dislike_counter":"0","dislike_counter_number":"0"},"jnews_post_split":{"enable_post_split":"0","post_split":[{"template":"1","tag":"h2","numbering":"asc","mode":"normal","first":"0","enable_toc":"0","toc_type":"normal"}]},"footnotes":""},"categories":[10],"tags":[],"class_list":["post-31767","post","type-post","status-publish","format-standard","has-post-thumbnail","hentry","category-accion-politica"],"jetpack_featured_media_url":"https:\/\/atecordoba.org\/wp-content\/uploads\/2022\/05\/IMG-20220504-WA0035-e1651685608107.jpg","_links":{"self":[{"href":"https:\/\/atecordoba.org\/index.php?rest_route=\/wp\/v2\/posts\/31767","targetHints":{"allow":["GET"]}}],"collection":[{"href":"https:\/\/atecordoba.org\/index.php?rest_route=\/wp\/v2\/posts"}],"about":[{"href":"https:\/\/atecordoba.org\/index.php?rest_route=\/wp\/v2\/types\/post"}],"author":[{"embeddable":true,"href":"https:\/\/atecordoba.org\/index.php?rest_route=\/wp\/v2\/users\/7"}],"replies":[{"embeddable":true,"href":"https:\/\/atecordoba.org\/index.php?rest_route=%2Fwp%2Fv2%2Fcomments&post=31767"}],"version-history":[{"count":1,"href":"https:\/\/atecordoba.org\/index.php?rest_route=\/wp\/v2\/posts\/31767\/revisions"}],"predecessor-version":[{"id":31769,"href":"https:\/\/atecordoba.org\/index.php?rest_route=\/wp\/v2\/posts\/31767\/revisions\/31769"}],"wp:featuredmedia":[{"embeddable":true,"href":"https:\/\/atecordoba.org\/index.php?rest_route=\/wp\/v2\/media\/31768"}],"wp:attachment":[{"href":"https:\/\/atecordoba.org\/index.php?rest_route=%2Fwp%2Fv2%2Fmedia&parent=31767"}],"wp:term":[{"taxonomy":"category","embeddable":true,"href":"https:\/\/atecordoba.org\/index.php?rest_route=%2Fwp%2Fv2%2Fcategories&post=31767"},{"taxonomy":"post_tag","embeddable":true,"href":"https:\/\/atecordoba.org\/index.php?rest_route=%2Fwp%2Fv2%2Ftags&post=31767"}],"curies":[{"name":"wp","href":"https:\/\/api.w.org\/{rel}","templated":true}]}}