{"id":31757,"date":"2022-05-04T14:00:41","date_gmt":"2022-05-04T17:00:41","guid":{"rendered":"https:\/\/atecordoba.org\/?p=31757"},"modified":"2022-05-04T14:00:46","modified_gmt":"2022-05-04T17:00:46","slug":"se-concreto-una-reunion-entre-delegados-de-conae-y-la-responsable-de-la-oficina-de-empleo-publico","status":"publish","type":"post","link":"https:\/\/atecordoba.org\/?p=31757","title":{"rendered":"Se concret\u00f3 una reuni\u00f3n entre delegados de Conae y la responsable de la Oficina de Empleo P\u00fablico"},"content":{"rendered":"\n<div class=\"wp-block-image\"><figure class=\"aligncenter size-full\"><img decoding=\"async\" src=\"https:\/\/atecordoba.org\/wp-content\/uploads\/2022\/05\/CONAE-LOGO.jpg\" alt=\"\" class=\"wp-image-31758\" \/><\/figure><\/div>\n\n\n\n<p>Tras el pedido realizado ATE, la Oficina de Empleo P\u00fablico (ONEP) recibi\u00f3 ayer una delegaci\u00f3n de nuestro gremio para abordar<a href=\"https:\/\/atecordoba.org\/?p=31520\"> las urgentes problem\u00e1ticas que afronta el personal de la Comisi\u00f3n Nacional de Actividades Espaciales (CONAE) y la firma estatal VENG<\/a>. <\/p>\n\n\n\n<p>Por parte de ATE CONAE estuvieron presentes los delegados por C\u00f3rdoba Juan G\u00f3mez y Emiliano Baum, y por CABA, Mariana Horlent y Gustavo Ben\u00edtez, junto al paritario nacional de ATE, Flavio Vergara. En tanto, por la ONEP estuvieron su titular Ana Castellani, y Paula Recalde por Jefatura de Gabinete.<\/p>\n\n\n\n<p>Concretamente, ATE traslad\u00f3 a las funcionarias la situaci\u00f3n del organismo, la fuga de personal y posibles soluciones.<\/p>\n\n\n\n<p>Como resultado del c\u00f3nclave, hubo acuerdo en trabajar en medidas en el corto plazo para recomponer salario y avanzar a partir de julio en la generaci\u00f3n del Convenio Colectivo del Sector.<\/p>\n\n\n\n<p><\/p>\n\n\n\n<p><\/p>\n","protected":false},"excerpt":{"rendered":"<p>Tras el pedido realizado ATE, la Oficina de Empleo P\u00fablico (ONEP) recibi\u00f3 ayer una delegaci\u00f3n de nuestro gremio para abordar las urgentes problem\u00e1ticas que afronta el personal de la Comisi\u00f3n Nacional de Actividades Espaciales (CONAE) y la firma estatal VENG. Por parte de ATE CONAE estuvieron presentes los delegados por C\u00f3rdoba Juan G\u00f3mez y Emiliano [&hellip;]<\/p>\n","protected":false},"author":7,"featured_media":31758,"comment_status":"open","ping_status":"open","sticky":false,"template":"","format":"standard","meta":{"_exactmetrics_skip_tracking":false,"_exactmetrics_sitenote_active":false,"_exactmetrics_sitenote_note":"","_exactmetrics_sitenote_category":0,"jnews-multi-image_gallery":[],"jnews_single_post":{"subtitle":"ATE traslad\u00f3 a las funcionarias la situaci\u00f3n del organismo, la fuga de personal y posibles soluciones.","format":"standard","video":"","gallery":"","source_name":"","source_url":"","via_name":"","via_url":"","override_template":"0","override":[{"template":"1","single_blog_custom":"","parallax":"1","fullscreen":"1","layout":"right-sidebar","sidebar":"default-sidebar","second_sidebar":"default-sidebar","sticky_sidebar":"1","share_position":"top","share_float_style":"share-monocrhome","show_share_counter":"1","show_view_counter":"1","show_featured":"1","show_post_meta":"1","show_post_author":"1","show_post_author_image":"1","show_post_date":"1","post_date_format":"default","post_date_format_custom":"Y\/m\/d","show_post_category":"1","show_post_reading_time":"0","post_reading_time_wpm":"300","show_zoom_button":"0","zoom_button_out_step":"2","zoom_button_in_step":"3","show_post_tag":"1","show_prev_next_post":"1","show_popup_post":"1","number_popup_post":"1","show_author_box":"0","show_post_related":"0","show_inline_post_related":"0"}],"override_image_size":"0","image_override":[{"single_post_thumbnail_size":"crop-500","single_post_gallery_size":"crop-500"}],"trending_post":"0","trending_post_position":"meta","trending_post_label":"Trending","sponsored_post":"0","sponsored_post_label":"Sponsored by","sponsored_post_name":"","sponsored_post_url":"","sponsored_post_logo_enable":"0","sponsored_post_logo":"","sponsored_post_desc":"","disable_ad":"0"},"jnews_primary_category":{"id":""},"jnews_social_meta":{"fb_title":"Nacionales: Se concret\u00f3 una reuni\u00f3n entre delegados de Conae y la responsable de la Oficina de Empleo P\u00fablico","fb_description":"","fb_image":"","twitter_title":"","twitter_description":"","twitter_image":""},"jnews_review":[],"enable_review":"0","type":"percentage","name":"","summary":"","brand":"","sku":"","good":[{"good_text":""}],"bad":[{"bad_text":""}],"score_override":"","override_value":"","rating":[{"rating_text":"","rating_number":"10"}],"price":[{"shop":"","price":"","link":"","icon":""}],"jnews_override_counter":{"override_view_counter":"0","view_counter_number":"0","override_share_counter":"0","share_counter_number":"0","override_like_counter":"0","like_counter_number":"0","override_dislike_counter":"0","dislike_counter_number":"0"},"jnews_post_split":{"enable_post_split":"0","post_split":[{"template":"1","tag":"h2","numbering":"asc","mode":"normal","first":"0","enable_toc":"0","toc_type":"normal"}]},"footnotes":""},"categories":[18],"tags":[463,1108,1109],"class_list":["post-31757","post","type-post","status-publish","format-standard","has-post-thumbnail","hentry","category-nacionales","tag-conae","tag-oficina-de-empleo-publico","tag-onep"],"jetpack_featured_media_url":"https:\/\/atecordoba.org\/wp-content\/uploads\/2022\/05\/CONAE-LOGO-e1651683452775.jpg","_links":{"self":[{"href":"https:\/\/atecordoba.org\/index.php?rest_route=\/wp\/v2\/posts\/31757","targetHints":{"allow":["GET"]}}],"collection":[{"href":"https:\/\/atecordoba.org\/index.php?rest_route=\/wp\/v2\/posts"}],"about":[{"href":"https:\/\/atecordoba.org\/index.php?rest_route=\/wp\/v2\/types\/post"}],"author":[{"embeddable":true,"href":"https:\/\/atecordoba.org\/index.php?rest_route=\/wp\/v2\/users\/7"}],"replies":[{"embeddable":true,"href":"https:\/\/atecordoba.org\/index.php?rest_route=%2Fwp%2Fv2%2Fcomments&post=31757"}],"version-history":[{"count":1,"href":"https:\/\/atecordoba.org\/index.php?rest_route=\/wp\/v2\/posts\/31757\/revisions"}],"predecessor-version":[{"id":31759,"href":"https:\/\/atecordoba.org\/index.php?rest_route=\/wp\/v2\/posts\/31757\/revisions\/31759"}],"wp:featuredmedia":[{"embeddable":true,"href":"https:\/\/atecordoba.org\/index.php?rest_route=\/wp\/v2\/media\/31758"}],"wp:attachment":[{"href":"https:\/\/atecordoba.org\/index.php?rest_route=%2Fwp%2Fv2%2Fmedia&parent=31757"}],"wp:term":[{"taxonomy":"category","embeddable":true,"href":"https:\/\/atecordoba.org\/index.php?rest_route=%2Fwp%2Fv2%2Fcategories&post=31757"},{"taxonomy":"post_tag","embeddable":true,"href":"https:\/\/atecordoba.org\/index.php?rest_route=%2Fwp%2Fv2%2Ftags&post=31757"}],"curies":[{"name":"wp","href":"https:\/\/api.w.org\/{rel}","templated":true}]}}