{"id":31745,"date":"2022-05-04T12:20:03","date_gmt":"2022-05-04T15:20:03","guid":{"rendered":"https:\/\/atecordoba.org\/?p=31745"},"modified":"2022-05-04T12:21:02","modified_gmt":"2022-05-04T15:21:02","slug":"enacom-y-desarrollo-social-eligieron-ayer-delegados-de-ate","status":"publish","type":"post","link":"https:\/\/atecordoba.org\/?p=31745","title":{"rendered":"Enacom y Desarrollo Social eligieron ayer delegados de ATE"},"content":{"rendered":"\n<div class=\"wp-block-image\"><figure class=\"aligncenter size-large is-resized\"><img loading=\"lazy\" decoding=\"async\" src=\"https:\/\/atecordoba.org\/wp-content\/uploads\/2022\/05\/WhatsApp-Image-2022-05-04-at-12.13.01-PM-1024x766.jpeg\" alt=\"\" class=\"wp-image-31746\" width=\"768\" height=\"575\" \/><\/figure><\/div>\n\n\n\n<p>En una jornada doble de elecciones en el \u00e1mbito del Consejo Directivo Provincial, trabajadoras y trabajadores del Ministerio de Desarrollo Social de la Naci\u00f3n y de Enacom participaron con grande afluencia para votar sus delegados por sector. <\/p>\n\n\n\n<p>En el caso de Desarrollo social, resultaron electos la compa\u00f1era Mar\u00eda Milagro Spaventa y el compa\u00f1ero Fabi\u00e1n Medina. <\/p>\n\n\n\n<figure class=\"wp-block-gallery has-nested-images columns-default is-cropped wp-block-gallery-1 is-layout-flex wp-block-gallery-is-layout-flex\">\n<figure class=\"wp-block-image size-large\"><a href=\"https:\/\/atecordoba.org\/wp-content\/uploads\/2022\/05\/DesarrolloSocialElecciones_3.jpg\"><img loading=\"lazy\" decoding=\"async\" width=\"768\" height=\"1024\" data-id=\"31747\" src=\"https:\/\/atecordoba.org\/wp-content\/uploads\/2022\/05\/DesarrolloSocialElecciones_3-768x1024.jpg\" alt=\"\" class=\"wp-image-31747\" srcset=\"https:\/\/atecordoba.org\/wp-content\/uploads\/2022\/05\/DesarrolloSocialElecciones_3-768x1024.jpg 768w, https:\/\/atecordoba.org\/wp-content\/uploads\/2022\/05\/DesarrolloSocialElecciones_3-225x300.jpg 225w, https:\/\/atecordoba.org\/wp-content\/uploads\/2022\/05\/DesarrolloSocialElecciones_3-750x1000.jpg 750w, https:\/\/atecordoba.org\/wp-content\/uploads\/2022\/05\/DesarrolloSocialElecciones_3.jpg 780w\" sizes=\"auto, (max-width: 768px) 100vw, 768px\" \/><\/a><\/figure>\n\n\n\n<figure class=\"wp-block-image size-large\"><a href=\"https:\/\/atecordoba.org\/wp-content\/uploads\/2022\/05\/DesarrolloSocialElecciones_4.jpg\"><img loading=\"lazy\" decoding=\"async\" width=\"770\" height=\"1024\" data-id=\"31749\" src=\"https:\/\/atecordoba.org\/wp-content\/uploads\/2022\/05\/DesarrolloSocialElecciones_4-770x1024.jpg\" alt=\"\" class=\"wp-image-31749\" srcset=\"https:\/\/atecordoba.org\/wp-content\/uploads\/2022\/05\/DesarrolloSocialElecciones_4-770x1024.jpg 770w, https:\/\/atecordoba.org\/wp-content\/uploads\/2022\/05\/DesarrolloSocialElecciones_4-226x300.jpg 226w, https:\/\/atecordoba.org\/wp-content\/uploads\/2022\/05\/DesarrolloSocialElecciones_4-768x1021.jpg 768w, https:\/\/atecordoba.org\/wp-content\/uploads\/2022\/05\/DesarrolloSocialElecciones_4-750x997.jpg 750w, https:\/\/atecordoba.org\/wp-content\/uploads\/2022\/05\/DesarrolloSocialElecciones_4.jpg 963w\" sizes=\"auto, (max-width: 770px) 100vw, 770px\" \/><\/a><\/figure>\n\n\n\n<figure class=\"wp-block-image size-large\"><a href=\"https:\/\/atecordoba.org\/wp-content\/uploads\/2022\/05\/DesarrolloSocialElecciones_14.jpg\"><img loading=\"lazy\" decoding=\"async\" width=\"1024\" height=\"768\" data-id=\"31748\" src=\"https:\/\/atecordoba.org\/wp-content\/uploads\/2022\/05\/DesarrolloSocialElecciones_14-1024x768.jpg\" alt=\"\" class=\"wp-image-31748\" srcset=\"https:\/\/atecordoba.org\/wp-content\/uploads\/2022\/05\/DesarrolloSocialElecciones_14-1024x768.jpg 1024w, https:\/\/atecordoba.org\/wp-content\/uploads\/2022\/05\/DesarrolloSocialElecciones_14-300x225.jpg 300w, https:\/\/atecordoba.org\/wp-content\/uploads\/2022\/05\/DesarrolloSocialElecciones_14-768x576.jpg 768w, https:\/\/atecordoba.org\/wp-content\/uploads\/2022\/05\/DesarrolloSocialElecciones_14-750x563.jpg 750w, https:\/\/atecordoba.org\/wp-content\/uploads\/2022\/05\/DesarrolloSocialElecciones_14.jpg 1040w\" sizes=\"auto, (max-width: 1024px) 100vw, 1024px\" \/><\/a><\/figure>\n<\/figure>\n\n\n\n<p>Previo a la elecci\u00f3n se desarroll\u00f3 en las dependencias de bv Chacabuco 329 una asamblea debido a que en la sede central del Ministerio y la Senaf Nacional iniciaron un plan de lucha por reivindicaciones puntuales por cierre de CDR (centro de referencia) por falta de pago de los alquileres en provincias como Jujuy, R\u00edo Negro o Chubut. Al mismo tiempo, solicitan en el CDR C\u00f3rdoba equipamiento inform\u00e1tico para poder funcionar porque el existente se encuentra obsoleto.<\/p>\n\n\n\n<p>&#8220;Se desarrolla una jornada de alerta y movilizaci\u00f3n en el edificio M.O.P., sede de la cartera de desarrollo social de avenida 9 de Julio&#8221;, explico Medina. <\/p>\n\n\n\n<figure class=\"wp-block-gallery has-nested-images columns-default is-cropped wp-block-gallery-2 is-layout-flex wp-block-gallery-is-layout-flex\">\n<figure class=\"wp-block-image size-large\"><img loading=\"lazy\" decoding=\"async\" width=\"576\" height=\"1024\" data-id=\"31750\" src=\"https:\/\/atecordoba.org\/wp-content\/uploads\/2022\/05\/DesarrolloSocialElecciones-576x1024.jpg\" alt=\"\" class=\"wp-image-31750\" srcset=\"https:\/\/atecordoba.org\/wp-content\/uploads\/2022\/05\/DesarrolloSocialElecciones-576x1024.jpg 576w, https:\/\/atecordoba.org\/wp-content\/uploads\/2022\/05\/DesarrolloSocialElecciones-169x300.jpg 169w, https:\/\/atecordoba.org\/wp-content\/uploads\/2022\/05\/DesarrolloSocialElecciones-768x1365.jpg 768w, https:\/\/atecordoba.org\/wp-content\/uploads\/2022\/05\/DesarrolloSocialElecciones-864x1536.jpg 864w, https:\/\/atecordoba.org\/wp-content\/uploads\/2022\/05\/DesarrolloSocialElecciones-750x1333.jpg 750w, https:\/\/atecordoba.org\/wp-content\/uploads\/2022\/05\/DesarrolloSocialElecciones.jpg 900w\" sizes=\"auto, (max-width: 576px) 100vw, 576px\" \/><\/figure>\n\n\n\n<figure class=\"wp-block-image size-large\"><img loading=\"lazy\" decoding=\"async\" width=\"576\" height=\"1024\" data-id=\"31755\" src=\"https:\/\/atecordoba.org\/wp-content\/uploads\/2022\/05\/DesarrolloSocialElecciones_2-576x1024.jpg\" alt=\"\" class=\"wp-image-31755\" srcset=\"https:\/\/atecordoba.org\/wp-content\/uploads\/2022\/05\/DesarrolloSocialElecciones_2-576x1024.jpg 576w, https:\/\/atecordoba.org\/wp-content\/uploads\/2022\/05\/DesarrolloSocialElecciones_2-169x300.jpg 169w, https:\/\/atecordoba.org\/wp-content\/uploads\/2022\/05\/DesarrolloSocialElecciones_2-768x1365.jpg 768w, https:\/\/atecordoba.org\/wp-content\/uploads\/2022\/05\/DesarrolloSocialElecciones_2-864x1536.jpg 864w, https:\/\/atecordoba.org\/wp-content\/uploads\/2022\/05\/DesarrolloSocialElecciones_2-750x1333.jpg 750w, https:\/\/atecordoba.org\/wp-content\/uploads\/2022\/05\/DesarrolloSocialElecciones_2.jpg 900w\" sizes=\"auto, (max-width: 576px) 100vw, 576px\" \/><\/figure>\n\n\n\n<figure class=\"wp-block-image size-large\"><img loading=\"lazy\" decoding=\"async\" width=\"576\" height=\"1024\" data-id=\"31751\" src=\"https:\/\/atecordoba.org\/wp-content\/uploads\/2022\/05\/DesarrolloSocialElecciones_11-576x1024.jpg\" alt=\"\" class=\"wp-image-31751\" srcset=\"https:\/\/atecordoba.org\/wp-content\/uploads\/2022\/05\/DesarrolloSocialElecciones_11-576x1024.jpg 576w, https:\/\/atecordoba.org\/wp-content\/uploads\/2022\/05\/DesarrolloSocialElecciones_11-169x300.jpg 169w, https:\/\/atecordoba.org\/wp-content\/uploads\/2022\/05\/DesarrolloSocialElecciones_11-768x1365.jpg 768w, https:\/\/atecordoba.org\/wp-content\/uploads\/2022\/05\/DesarrolloSocialElecciones_11-864x1536.jpg 864w, https:\/\/atecordoba.org\/wp-content\/uploads\/2022\/05\/DesarrolloSocialElecciones_11-750x1333.jpg 750w, https:\/\/atecordoba.org\/wp-content\/uploads\/2022\/05\/DesarrolloSocialElecciones_11.jpg 900w\" sizes=\"auto, (max-width: 576px) 100vw, 576px\" \/><\/figure>\n<\/figure>\n\n\n\n<p>&#8220;Nos solidarizamos con aquellos compa\u00f1eros y compa\u00f1eras que no tienen espacio donde trabajar y acompa\u00f1amos el reclamo por pase a planta permanente estabilidad laboral y pol\u00edticas sociales para un Estado presente&#8221;, agreg\u00f3 Spaventa.<\/p>\n\n\n\n<p><strong>Enacom<\/strong><\/p>\n\n\n\n<p>A su vez, el Ente Nacional de Comunicaciones (ENACOM) eligi\u00f3 ayer su delegado, resultado electo el compa\u00f1ero Mariano Silverman. <\/p>\n\n\n\n<div class=\"wp-block-image\"><figure class=\"alignright size-large is-resized\"><img loading=\"lazy\" decoding=\"async\" src=\"https:\/\/atecordoba.org\/wp-content\/uploads\/2022\/05\/Mesa-Elecciones-ENACOM-766x1024.jpeg\" alt=\"\" class=\"wp-image-31753\" width=\"192\" height=\"256\" srcset=\"https:\/\/atecordoba.org\/wp-content\/uploads\/2022\/05\/Mesa-Elecciones-ENACOM-766x1024.jpeg 766w, https:\/\/atecordoba.org\/wp-content\/uploads\/2022\/05\/Mesa-Elecciones-ENACOM-224x300.jpeg 224w, https:\/\/atecordoba.org\/wp-content\/uploads\/2022\/05\/Mesa-Elecciones-ENACOM-768x1027.jpeg 768w, https:\/\/atecordoba.org\/wp-content\/uploads\/2022\/05\/Mesa-Elecciones-ENACOM-1149x1536.jpeg 1149w, https:\/\/atecordoba.org\/wp-content\/uploads\/2022\/05\/Mesa-Elecciones-ENACOM-750x1003.jpeg 750w, https:\/\/atecordoba.org\/wp-content\/uploads\/2022\/05\/Mesa-Elecciones-ENACOM-1140x1524.jpeg 1140w, https:\/\/atecordoba.org\/wp-content\/uploads\/2022\/05\/Mesa-Elecciones-ENACOM.jpeg 1197w\" sizes=\"auto, (max-width: 192px) 100vw, 192px\" \/><\/figure><\/div>\n\n\n\n<p>El delegado explic\u00f3 que en el sector se maneja una agenda de reivindicaciones encabezada por la necesidad de &#8220;estructurar el r\u00e9gimen mixto de trabajo, con inclusi\u00f3n de los insumos del organismo para aquellos que realizan el sistema mixto de presencialidad y teletrabajo, que incluso se practica desde antes de la pandemia&#8221;.<\/p>\n\n\n\n<p>Otro reclamo en el sector es la participaci\u00f3n de delegados sindicales en el sistema de evaluaci\u00f3n particular que, seg\u00fan el puntaje que se asigne es el monto de un \u00edtem salarial extra llamado \u2018fondo de jerarquizaci\u00f3n\u2019, derivado de las tasas que cobra Enacom.<\/p>\n\n\n\n<p>&#8220;Hay que impulsar el convenio colectivo de trabajo propio. Hoy tenemos gente con dos modalidades de contrataci\u00f3n diferenciados. Tambi\u00e9n est\u00e1 presente el reclamo por el pago de adicionales por antig\u00fcedad&#8221;, concluy\u00f3 Silverman. &nbsp;<\/p>\n","protected":false},"excerpt":{"rendered":"<p>En una jornada doble de elecciones en el \u00e1mbito del Consejo Directivo Provincial, trabajadoras y trabajadores del Ministerio de Desarrollo Social de la Naci\u00f3n y de Enacom participaron con grande afluencia para votar sus delegados por sector. En el caso de Desarrollo social, resultaron electos la compa\u00f1era Mar\u00eda Milagro Spaventa y el compa\u00f1ero Fabi\u00e1n Medina. [&hellip;]<\/p>\n","protected":false},"author":7,"featured_media":31746,"comment_status":"open","ping_status":"open","sticky":false,"template":"","format":"standard","meta":{"_exactmetrics_skip_tracking":false,"_exactmetrics_sitenote_active":false,"_exactmetrics_sitenote_note":"","_exactmetrics_sitenote_category":0,"jnews-multi-image_gallery":[],"jnews_single_post":{"subtitle":"Ambos sectores impulsan reclamos espec\u00edficos.","format":"standard","video":"","gallery":"","source_name":"","source_url":"","via_name":"","via_url":"","override_template":"0","override":[{"template":"1","single_blog_custom":"","parallax":"1","fullscreen":"1","layout":"right-sidebar","sidebar":"default-sidebar","second_sidebar":"default-sidebar","sticky_sidebar":"1","share_position":"top","share_float_style":"share-monocrhome","show_share_counter":"1","show_view_counter":"1","show_featured":"1","show_post_meta":"1","show_post_author":"1","show_post_author_image":"1","show_post_date":"1","post_date_format":"default","post_date_format_custom":"Y\/m\/d","show_post_category":"1","show_post_reading_time":"0","post_reading_time_wpm":"300","show_zoom_button":"0","zoom_button_out_step":"2","zoom_button_in_step":"3","show_post_tag":"1","show_prev_next_post":"1","show_popup_post":"1","number_popup_post":"1","show_author_box":"0","show_post_related":"0","show_inline_post_related":"0"}],"override_image_size":"0","image_override":[{"single_post_thumbnail_size":"crop-500","single_post_gallery_size":"crop-500"}],"trending_post":"0","trending_post_position":"meta","trending_post_label":"Trending","sponsored_post":"0","sponsored_post_label":"Sponsored by","sponsored_post_name":"","sponsored_post_url":"","sponsored_post_logo_enable":"0","sponsored_post_logo":"","sponsored_post_desc":"","disable_ad":"0"},"jnews_primary_category":{"id":""},"jnews_social_meta":{"fb_title":"Nacionales: Enacom y Desarrollo Social eligieron ayer delegados de ATE","fb_description":"","fb_image":"","twitter_title":"","twitter_description":"","twitter_image":""},"jnews_review":[],"enable_review":"0","type":"percentage","name":"","summary":"","brand":"","sku":"","good":[{"good_text":""}],"bad":[{"bad_text":""}],"score_override":"","override_value":"","rating":[{"rating_text":"","rating_number":"10"}],"price":[{"shop":"","price":"","link":"","icon":""}],"jnews_override_counter":{"override_view_counter":"0","view_counter_number":"0","override_share_counter":"0","share_counter_number":"0","override_like_counter":"0","like_counter_number":"0","override_dislike_counter":"0","dislike_counter_number":"0"},"jnews_post_split":{"enable_post_split":"0","post_split":[{"template":"1","tag":"h2","numbering":"asc","mode":"normal","first":"0","enable_toc":"0","toc_type":"normal"}]},"footnotes":""},"categories":[18],"tags":[],"class_list":["post-31745","post","type-post","status-publish","format-standard","has-post-thumbnail","hentry","category-nacionales"],"jetpack_featured_media_url":"https:\/\/atecordoba.org\/wp-content\/uploads\/2022\/05\/WhatsApp-Image-2022-05-04-at-12.13.01-PM-e1651677548857.jpeg","_links":{"self":[{"href":"https:\/\/atecordoba.org\/index.php?rest_route=\/wp\/v2\/posts\/31745","targetHints":{"allow":["GET"]}}],"collection":[{"href":"https:\/\/atecordoba.org\/index.php?rest_route=\/wp\/v2\/posts"}],"about":[{"href":"https:\/\/atecordoba.org\/index.php?rest_route=\/wp\/v2\/types\/post"}],"author":[{"embeddable":true,"href":"https:\/\/atecordoba.org\/index.php?rest_route=\/wp\/v2\/users\/7"}],"replies":[{"embeddable":true,"href":"https:\/\/atecordoba.org\/index.php?rest_route=%2Fwp%2Fv2%2Fcomments&post=31745"}],"version-history":[{"count":2,"href":"https:\/\/atecordoba.org\/index.php?rest_route=\/wp\/v2\/posts\/31745\/revisions"}],"predecessor-version":[{"id":31756,"href":"https:\/\/atecordoba.org\/index.php?rest_route=\/wp\/v2\/posts\/31745\/revisions\/31756"}],"wp:featuredmedia":[{"embeddable":true,"href":"https:\/\/atecordoba.org\/index.php?rest_route=\/wp\/v2\/media\/31746"}],"wp:attachment":[{"href":"https:\/\/atecordoba.org\/index.php?rest_route=%2Fwp%2Fv2%2Fmedia&parent=31745"}],"wp:term":[{"taxonomy":"category","embeddable":true,"href":"https:\/\/atecordoba.org\/index.php?rest_route=%2Fwp%2Fv2%2Fcategories&post=31745"},{"taxonomy":"post_tag","embeddable":true,"href":"https:\/\/atecordoba.org\/index.php?rest_route=%2Fwp%2Fv2%2Ftags&post=31745"}],"curies":[{"name":"wp","href":"https:\/\/api.w.org\/{rel}","templated":true}]}}