{"id":3174,"date":"2013-09-02T18:52:50","date_gmt":"2013-09-02T21:52:50","guid":{"rendered":"http:\/\/www.atecordoba.org\/?p=3174"},"modified":"2013-09-02T18:52:50","modified_gmt":"2013-09-02T21:52:50","slug":"el-ministro-de-trabajo-convoco-a-ate-a-una-audiencia-y-se-levanto-la-protesta","status":"publish","type":"post","link":"https:\/\/atecordoba.org\/?p=3174","title":{"rendered":"El ministro de Trabajo convoc\u00f3 a ATE a una audiencia y se levant\u00f3 la protesta"},"content":{"rendered":"<p><em>Tras una larga jornada de protesta frente a la Secretaria de Trabajo de la provincia, en calle Rivadavia, el ministro de Trabajo Adri\u00e1n Brito convoc\u00f3 a ATE C\u00f3rdoba a una audiencia que se realizar\u00e1 el mi\u00e9rcoles pr\u00f3ximo a media\u00a0ma\u00f1ana.<\/em><\/p>\n<figure id=\"attachment_3175\" aria-describedby=\"caption-attachment-3175\" style=\"width: 686px\" class=\"wp-caption aligncenter\"><a href=\"http:\/\/www.atecordoba.org\/wp-content\/uploads\/2013\/09\/protesta-frente-min-trabajo.png\"><img loading=\"lazy\" decoding=\"async\" class=\" wp-image-3175 \" alt=\"protesta frente min trabajo\" src=\"http:\/\/www.atecordoba.org\/wp-content\/uploads\/2013\/09\/protesta-frente-min-trabajo.png\" width=\"686\" height=\"456\" \/><\/a><figcaption id=\"caption-attachment-3175\" class=\"wp-caption-text\">Mar\u00eda Teresa Romero, secretaria General de ATE C\u00f3rdoba, y Hugo &#8216;Cachorro&#8217; Godoy, secretario Adjunto de ATE Nacional, encabezando la movilizaci\u00f3n frente al Ministerio de Trabajo<\/figcaption><\/figure>\n<div>De esta forma, la cartera de Trabajo se avino a abrir el di\u00e1logo con nuestro gremio a los efectos de llevar a la pr\u00e1ctica el fallo judicial de la C\u00e1mara Nacional del Trabajo que confirm\u00f3 la personer\u00eda y el \u00e1mbito de representaci\u00f3n de ATE en el Estado provincial.<\/div>\n<div><\/div>\n<div>En consecuencia, ATE levant\u00f3 la protesta que se desarroll\u00f3 frente al organismo, donde compa\u00f1eros de C\u00f3rdoba Capital, junto a delegaciones de Villa\u00a0Mar\u00eda, R\u00edo Tercero y R\u00edo Cuarto, se manifestaron con una ruidosa movilizaci\u00f3n. Tambi\u00e9n contamos con la presencia del secretario General Adjunto de ATE Nacional, Hugo Godoy, para traer el apoyo de la conducci\u00f3n nacional de nuestro gremio.<\/div>\n<div><\/div>\n<div>Alrededor de las 16.30 horas, cuando los manifestantes hab\u00edan instalado carpas sobre la calle Rivadavia para extender la protesta hasta que se obtuviera una respuesta, un funcionario del Ministerio inform\u00f3 a nuestra secretaria General,\u00a0Mar\u00eda Teresa Romero, que el ministro Brito convocaba a la conducci\u00f3n de nuestra organizaci\u00f3n a una audiencia en Casa de Gobierno.<\/div>\n<div><\/div>\n<div>Vale se\u00f1alar que el\u00a0viernes\u00a0pasado, la C\u00e1mara Nacional del Trabajo le deneg\u00f3 al Sindicato de Empleados P\u00fablicos (SEP) el recurso extraordinario que interpusiera -con el fin de apelar a la Corte Suprema de Justicia de la Naci\u00f3n- ante la sentencia que el mismo tribunal emiti\u00f3 en su contra hace cinco meses. De esta forma, la sentencia emitida en abril pasado qued\u00f3 firme y debe aplicarse de forma inmediata.<\/div>\n<div><\/div>\n<div>Ahora, es el gobierno provincial quien debe cumplir con la sentencia judicial, para no continuar al margen de la ley, devolviendo el \u00e1mbito de plena jurisdicci\u00f3n y representaci\u00f3n gremial en el Estado provincial.<\/div>\n<div><\/div>\n<div>Todo esto es fruto del esfuerzo y la perseverancia militante de afiliados, militantes, delegados y la conducci\u00f3n de ATE que nunca cej\u00f3 en su reclamo, sabiendo que actu\u00e1bamos dentro de la legalidad, y contando con la legitimidad de la representaci\u00f3n genuina que nos otorgan los trabajadores de cada sector de trabajo.<\/div>\n<div><\/div>\n<div><a href=\"http:\/\/www.atecordoba.org\/wp-content\/uploads\/2013\/09\/bombo-villa-maria.png\"><img loading=\"lazy\" decoding=\"async\" class=\" wp-image-3176 aligncenter\" alt=\"bombo villa maria\" src=\"http:\/\/www.atecordoba.org\/wp-content\/uploads\/2013\/09\/bombo-villa-maria.png\" width=\"515\" height=\"342\" \/><\/a> <a href=\"http:\/\/www.atecordoba.org\/wp-content\/uploads\/2013\/09\/bombo-y-bandera.png\"><img loading=\"lazy\" decoding=\"async\" class=\" wp-image-3177 aligncenter\" alt=\"bombo y bandera\" src=\"http:\/\/www.atecordoba.org\/wp-content\/uploads\/2013\/09\/bombo-y-bandera.png\" width=\"342\" height=\"515\" \/><\/a> <a href=\"http:\/\/www.atecordoba.org\/wp-content\/uploads\/2013\/09\/caras.png\"><img loading=\"lazy\" decoding=\"async\" class=\" wp-image-3178 aligncenter\" alt=\"caras\" src=\"http:\/\/www.atecordoba.org\/wp-content\/uploads\/2013\/09\/caras.png\" width=\"515\" height=\"342\" \/><\/a> <a href=\"http:\/\/www.atecordoba.org\/wp-content\/uploads\/2013\/09\/cartel.png\"><img loading=\"lazy\" decoding=\"async\" class=\" wp-image-3179 aligncenter\" alt=\"cartel\" src=\"http:\/\/www.atecordoba.org\/wp-content\/uploads\/2013\/09\/cartel.png\" width=\"560\" height=\"420\" \/><\/a> <a href=\"http:\/\/www.atecordoba.org\/wp-content\/uploads\/2013\/09\/chicas.png\"><img loading=\"lazy\" decoding=\"async\" class=\" wp-image-3180 aligncenter\" alt=\"chicas\" src=\"http:\/\/www.atecordoba.org\/wp-content\/uploads\/2013\/09\/chicas.png\" width=\"601\" height=\"399\" \/><\/a> <a href=\"http:\/\/www.atecordoba.org\/wp-content\/uploads\/2013\/09\/dentro-min-trab.png\"><img loading=\"lazy\" decoding=\"async\" class=\" wp-image-3181 aligncenter\" alt=\"dentro min trab\" src=\"http:\/\/www.atecordoba.org\/wp-content\/uploads\/2013\/09\/dentro-min-trab.png\" width=\"560\" height=\"420\" \/><\/a> <a href=\"http:\/\/www.atecordoba.org\/wp-content\/uploads\/2013\/09\/banda.png\"><img loading=\"lazy\" decoding=\"async\" class=\" wp-image-3182 aligncenter\" alt=\"banda\" src=\"http:\/\/www.atecordoba.org\/wp-content\/uploads\/2013\/09\/banda.png\" width=\"601\" height=\"399\" \/><\/a> <a href=\"http:\/\/www.atecordoba.org\/wp-content\/uploads\/2013\/09\/batucada.png\"><img loading=\"lazy\" decoding=\"async\" class=\" wp-image-3183 aligncenter\" alt=\"batucada\" src=\"http:\/\/www.atecordoba.org\/wp-content\/uploads\/2013\/09\/batucada.png\" width=\"560\" height=\"420\" \/><\/a><\/div>\n","protected":false},"excerpt":{"rendered":"<p>Tras una larga jornada de protesta frente a la Secretaria de Trabajo de la provincia, en calle Rivadavia, el ministro de Trabajo Adri\u00e1n Brito convoc\u00f3 a ATE C\u00f3rdoba a una audiencia que se realizar\u00e1 el mi\u00e9rcoles pr\u00f3ximo a media\u00a0ma\u00f1ana. De esta forma, la cartera de Trabajo se avino a abrir el di\u00e1logo con nuestro gremio [&hellip;]<\/p>\n","protected":false},"author":1,"featured_media":19220,"comment_status":"open","ping_status":"open","sticky":false,"template":"","format":"standard","meta":{"_exactmetrics_skip_tracking":false,"_exactmetrics_sitenote_active":false,"_exactmetrics_sitenote_note":"","_exactmetrics_sitenote_category":0,"jnews-multi-image_gallery":[],"jnews_single_post":[],"jnews_primary_category":[],"jnews_social_meta":[],"jnews_review":[],"enable_review":"","type":"","name":"","summary":"","brand":"","sku":"","good":[],"bad":[],"score_override":"","override_value":"","rating":[],"price":[],"jnews_override_counter":[],"jnews_post_split":[],"footnotes":""},"categories":[90,53,8],"tags":[],"class_list":["post-3174","post","type-post","status-publish","format-standard","has-post-thumbnail","hentry","category-campana","category-comunicados-de-prensa","category-provinciales"],"jetpack_featured_media_url":"https:\/\/atecordoba.org\/wp-content\/uploads\/2020\/05\/logo-nuevochico-e1561581322808.png","_links":{"self":[{"href":"https:\/\/atecordoba.org\/index.php?rest_route=\/wp\/v2\/posts\/3174","targetHints":{"allow":["GET"]}}],"collection":[{"href":"https:\/\/atecordoba.org\/index.php?rest_route=\/wp\/v2\/posts"}],"about":[{"href":"https:\/\/atecordoba.org\/index.php?rest_route=\/wp\/v2\/types\/post"}],"author":[{"embeddable":true,"href":"https:\/\/atecordoba.org\/index.php?rest_route=\/wp\/v2\/users\/1"}],"replies":[{"embeddable":true,"href":"https:\/\/atecordoba.org\/index.php?rest_route=%2Fwp%2Fv2%2Fcomments&post=3174"}],"version-history":[{"count":0,"href":"https:\/\/atecordoba.org\/index.php?rest_route=\/wp\/v2\/posts\/3174\/revisions"}],"wp:featuredmedia":[{"embeddable":true,"href":"https:\/\/atecordoba.org\/index.php?rest_route=\/wp\/v2\/media\/19220"}],"wp:attachment":[{"href":"https:\/\/atecordoba.org\/index.php?rest_route=%2Fwp%2Fv2%2Fmedia&parent=3174"}],"wp:term":[{"taxonomy":"category","embeddable":true,"href":"https:\/\/atecordoba.org\/index.php?rest_route=%2Fwp%2Fv2%2Fcategories&post=3174"},{"taxonomy":"post_tag","embeddable":true,"href":"https:\/\/atecordoba.org\/index.php?rest_route=%2Fwp%2Fv2%2Ftags&post=3174"}],"curies":[{"name":"wp","href":"https:\/\/api.w.org\/{rel}","templated":true}]}}