{"id":31739,"date":"2022-05-04T11:31:01","date_gmt":"2022-05-04T14:31:01","guid":{"rendered":"https:\/\/atecordoba.org\/?p=31739"},"modified":"2022-05-04T11:31:05","modified_gmt":"2022-05-04T14:31:05","slug":"ministerio-de-trabajo-asamblea-en-la-previa-a-la-paritaria-nacional","status":"publish","type":"post","link":"https:\/\/atecordoba.org\/?p=31739","title":{"rendered":"Ministerio de Trabajo: asamblea en la previa a la paritaria nacional"},"content":{"rendered":"\n<div class=\"wp-block-image\"><figure class=\"aligncenter size-large is-resized\"><img loading=\"lazy\" decoding=\"async\" src=\"https:\/\/atecordoba.org\/wp-content\/uploads\/2022\/05\/03_05_Asamblea_Trabajo2-1024x768.jpg\" alt=\"\" class=\"wp-image-31740\" width=\"768\" height=\"576\" srcset=\"https:\/\/atecordoba.org\/wp-content\/uploads\/2022\/05\/03_05_Asamblea_Trabajo2-1024x768.jpg 1024w, https:\/\/atecordoba.org\/wp-content\/uploads\/2022\/05\/03_05_Asamblea_Trabajo2-300x225.jpg 300w, https:\/\/atecordoba.org\/wp-content\/uploads\/2022\/05\/03_05_Asamblea_Trabajo2-768x576.jpg 768w, https:\/\/atecordoba.org\/wp-content\/uploads\/2022\/05\/03_05_Asamblea_Trabajo2-1536x1152.jpg 1536w, https:\/\/atecordoba.org\/wp-content\/uploads\/2022\/05\/03_05_Asamblea_Trabajo2-750x563.jpg 750w, https:\/\/atecordoba.org\/wp-content\/uploads\/2022\/05\/03_05_Asamblea_Trabajo2-1140x855.jpg 1140w, https:\/\/atecordoba.org\/wp-content\/uploads\/2022\/05\/03_05_Asamblea_Trabajo2.jpg 1600w\" sizes=\"auto, (max-width: 768px) 100vw, 768px\" \/><\/figure><\/div>\n\n\n\n<p>El lunes pasado se llev\u00f3 a cabo en dependencias de la Agencia Territorial C\u00f3rdoba del Ministerio de Trabajo de la Naci\u00f3n una asamblea de trabajadores y trabajadoras para abordar distintas problem\u00e1ticas del sector y tratar la posici\u00f3n com\u00fan respecto a las paritarias nacionales 2022, que tendr\u00e1n apertura este mes de mayo. <\/p>\n\n\n\n<p>En ese sentido, el delegado Jorge Chalup explic\u00f3 que &#8220;convocamos a esta asamblea en concordancia con lo dispuesto por el confederal de ATE, que dispuso el estado de alerta y movilizaci\u00f3n ante la proximidad de la apertura de la negociaci\u00f3n paritaria nacional&#8221;.<\/p>\n\n\n\n<p>El delegado adelant\u00f3 que &#8220;se discuti\u00f3 el tema de las funciones espec\u00edficas, la implementaci\u00f3n de los nuevos concursos, la situaci\u00f3n de cada uno de los equipos de trabajo, tanto de la ex Gerencia como de la ex Secretaria de Trabajo as\u00ed como la discusi\u00f3n paritaria salarial, donde pedimos un fuerte incremento para compensar la escalada inflacionaria&#8221;. \u00a0\u00a0<\/p>\n\n\n\n<figure class=\"wp-block-gallery has-nested-images columns-default is-cropped wp-block-gallery-1 is-layout-flex wp-block-gallery-is-layout-flex\">\n<figure class=\"wp-block-image size-large\"><img loading=\"lazy\" decoding=\"async\" width=\"1024\" height=\"768\" data-id=\"31742\" src=\"https:\/\/atecordoba.org\/wp-content\/uploads\/2022\/05\/03_05_Asamblea_Trabajo3-1024x768.jpg\" alt=\"\" class=\"wp-image-31742\" srcset=\"https:\/\/atecordoba.org\/wp-content\/uploads\/2022\/05\/03_05_Asamblea_Trabajo3-1024x768.jpg 1024w, https:\/\/atecordoba.org\/wp-content\/uploads\/2022\/05\/03_05_Asamblea_Trabajo3-300x225.jpg 300w, https:\/\/atecordoba.org\/wp-content\/uploads\/2022\/05\/03_05_Asamblea_Trabajo3-768x576.jpg 768w, https:\/\/atecordoba.org\/wp-content\/uploads\/2022\/05\/03_05_Asamblea_Trabajo3-1536x1152.jpg 1536w, https:\/\/atecordoba.org\/wp-content\/uploads\/2022\/05\/03_05_Asamblea_Trabajo3-750x563.jpg 750w, https:\/\/atecordoba.org\/wp-content\/uploads\/2022\/05\/03_05_Asamblea_Trabajo3-1140x855.jpg 1140w, https:\/\/atecordoba.org\/wp-content\/uploads\/2022\/05\/03_05_Asamblea_Trabajo3.jpg 1600w\" sizes=\"auto, (max-width: 1024px) 100vw, 1024px\" \/><\/figure>\n\n\n\n<figure class=\"wp-block-image size-large\"><img loading=\"lazy\" decoding=\"async\" width=\"1024\" height=\"768\" data-id=\"31743\" src=\"https:\/\/atecordoba.org\/wp-content\/uploads\/2022\/05\/03_05_Asamblea_Trabajo-1024x768.jpg\" alt=\"\" class=\"wp-image-31743\" \/><\/figure>\n\n\n\n<figure class=\"wp-block-image size-large\"><img loading=\"lazy\" decoding=\"async\" width=\"1024\" height=\"768\" data-id=\"31741\" src=\"https:\/\/atecordoba.org\/wp-content\/uploads\/2022\/05\/03_05_Asamblea_Trabajo4-1024x768.jpg\" alt=\"\" class=\"wp-image-31741\" srcset=\"https:\/\/atecordoba.org\/wp-content\/uploads\/2022\/05\/03_05_Asamblea_Trabajo4-1024x768.jpg 1024w, https:\/\/atecordoba.org\/wp-content\/uploads\/2022\/05\/03_05_Asamblea_Trabajo4-300x225.jpg 300w, https:\/\/atecordoba.org\/wp-content\/uploads\/2022\/05\/03_05_Asamblea_Trabajo4-768x576.jpg 768w, https:\/\/atecordoba.org\/wp-content\/uploads\/2022\/05\/03_05_Asamblea_Trabajo4-1536x1152.jpg 1536w, https:\/\/atecordoba.org\/wp-content\/uploads\/2022\/05\/03_05_Asamblea_Trabajo4-750x563.jpg 750w, https:\/\/atecordoba.org\/wp-content\/uploads\/2022\/05\/03_05_Asamblea_Trabajo4-1140x855.jpg 1140w, https:\/\/atecordoba.org\/wp-content\/uploads\/2022\/05\/03_05_Asamblea_Trabajo4.jpg 1600w\" sizes=\"auto, (max-width: 1024px) 100vw, 1024px\" \/><\/figure>\n<\/figure>\n\n\n\n<p><\/p>\n","protected":false},"excerpt":{"rendered":"<p>El lunes pasado se llev\u00f3 a cabo en dependencias de la Agencia Territorial C\u00f3rdoba del Ministerio de Trabajo de la Naci\u00f3n una asamblea de trabajadores y trabajadoras para abordar distintas problem\u00e1ticas del sector y tratar la posici\u00f3n com\u00fan respecto a las paritarias nacionales 2022, que tendr\u00e1n apertura este mes de mayo. En ese sentido, el [&hellip;]<\/p>\n","protected":false},"author":7,"featured_media":31743,"comment_status":"open","ping_status":"open","sticky":false,"template":"","format":"standard","meta":{"_exactmetrics_skip_tracking":false,"_exactmetrics_sitenote_active":false,"_exactmetrics_sitenote_note":"","_exactmetrics_sitenote_category":0,"jnews-multi-image_gallery":[],"jnews_single_post":{"subtitle":"Tambi\u00e9n se abordaron problem\u00e1ticas propias del sector. ","format":"standard","video":"","gallery":"","source_name":"","source_url":"","via_name":"","via_url":"","override_template":"0","override":[{"template":"1","single_blog_custom":"","parallax":"1","fullscreen":"1","layout":"right-sidebar","sidebar":"default-sidebar","second_sidebar":"default-sidebar","sticky_sidebar":"1","share_position":"top","share_float_style":"share-monocrhome","show_share_counter":"1","show_view_counter":"1","show_featured":"1","show_post_meta":"1","show_post_author":"1","show_post_author_image":"1","show_post_date":"1","post_date_format":"default","post_date_format_custom":"Y\/m\/d","show_post_category":"1","show_post_reading_time":"0","post_reading_time_wpm":"300","show_zoom_button":"0","zoom_button_out_step":"2","zoom_button_in_step":"3","show_post_tag":"1","show_prev_next_post":"1","show_popup_post":"1","number_popup_post":"1","show_author_box":"0","show_post_related":"0","show_inline_post_related":"0"}],"override_image_size":"0","image_override":[{"single_post_thumbnail_size":"crop-500","single_post_gallery_size":"crop-500"}],"trending_post":"0","trending_post_position":"meta","trending_post_label":"Trending","sponsored_post":"0","sponsored_post_label":"Sponsored by","sponsored_post_name":"","sponsored_post_url":"","sponsored_post_logo_enable":"0","sponsored_post_logo":"","sponsored_post_desc":"","disable_ad":"0"},"jnews_primary_category":{"id":""},"jnews_social_meta":{"fb_title":"Ministerio de Trabajo: asamblea en la previa a la paritaria nacional","fb_description":"","fb_image":"","twitter_title":"","twitter_description":"","twitter_image":""},"jnews_review":[],"enable_review":"0","type":"percentage","name":"","summary":"","brand":"","sku":"","good":[{"good_text":""}],"bad":[{"bad_text":""}],"score_override":"","override_value":"","rating":[{"rating_text":"","rating_number":"10"}],"price":[{"shop":"","price":"","link":"","icon":""}],"jnews_override_counter":{"override_view_counter":"0","view_counter_number":"0","override_share_counter":"0","share_counter_number":"0","override_like_counter":"0","like_counter_number":"0","override_dislike_counter":"0","dislike_counter_number":"0"},"jnews_post_split":{"enable_post_split":"0","post_split":[{"template":"1","tag":"h2","numbering":"asc","mode":"normal","first":"0","enable_toc":"0","toc_type":"normal"}]},"footnotes":""},"categories":[18],"tags":[],"class_list":["post-31739","post","type-post","status-publish","format-standard","has-post-thumbnail","hentry","category-nacionales"],"jetpack_featured_media_url":"https:\/\/atecordoba.org\/wp-content\/uploads\/2022\/05\/03_05_Asamblea_Trabajo-e1651674600213.jpg","_links":{"self":[{"href":"https:\/\/atecordoba.org\/index.php?rest_route=\/wp\/v2\/posts\/31739","targetHints":{"allow":["GET"]}}],"collection":[{"href":"https:\/\/atecordoba.org\/index.php?rest_route=\/wp\/v2\/posts"}],"about":[{"href":"https:\/\/atecordoba.org\/index.php?rest_route=\/wp\/v2\/types\/post"}],"author":[{"embeddable":true,"href":"https:\/\/atecordoba.org\/index.php?rest_route=\/wp\/v2\/users\/7"}],"replies":[{"embeddable":true,"href":"https:\/\/atecordoba.org\/index.php?rest_route=%2Fwp%2Fv2%2Fcomments&post=31739"}],"version-history":[{"count":1,"href":"https:\/\/atecordoba.org\/index.php?rest_route=\/wp\/v2\/posts\/31739\/revisions"}],"predecessor-version":[{"id":31744,"href":"https:\/\/atecordoba.org\/index.php?rest_route=\/wp\/v2\/posts\/31739\/revisions\/31744"}],"wp:featuredmedia":[{"embeddable":true,"href":"https:\/\/atecordoba.org\/index.php?rest_route=\/wp\/v2\/media\/31743"}],"wp:attachment":[{"href":"https:\/\/atecordoba.org\/index.php?rest_route=%2Fwp%2Fv2%2Fmedia&parent=31739"}],"wp:term":[{"taxonomy":"category","embeddable":true,"href":"https:\/\/atecordoba.org\/index.php?rest_route=%2Fwp%2Fv2%2Fcategories&post=31739"},{"taxonomy":"post_tag","embeddable":true,"href":"https:\/\/atecordoba.org\/index.php?rest_route=%2Fwp%2Fv2%2Ftags&post=31739"}],"curies":[{"name":"wp","href":"https:\/\/api.w.org\/{rel}","templated":true}]}}