{"id":31732,"date":"2022-05-04T10:43:56","date_gmt":"2022-05-04T13:43:56","guid":{"rendered":"https:\/\/atecordoba.org\/?p=31732"},"modified":"2022-05-04T10:51:46","modified_gmt":"2022-05-04T13:51:46","slug":"salud-mental-expectativa-ante-anuncios-del-gobierno-nacional-y-diagnostico-de-una-realidad-desbordada","status":"publish","type":"post","link":"https:\/\/atecordoba.org\/?p=31732","title":{"rendered":"Salud Mental: expectativa ante anuncios del gobierno nacional y diagn\u00f3stico de una realidad desbordada"},"content":{"rendered":"\n<div class=\"wp-block-image\"><figure class=\"aligncenter size-full\"><img decoding=\"async\" src=\"https:\/\/atecordoba.org\/wp-content\/uploads\/2022\/05\/salud-mental.jpg\" alt=\"\" class=\"wp-image-31733\" \/><\/figure><\/div>\n\n\n\n<p>Frente a los anuncios llevados a cabo por el Presidente Alberto Fern\u00e1ndez, referido a un impulso al sistema de atenci\u00f3n de salud mental del Estado nacional, se expres\u00f3 la delegada de ATE R\u00edo Cuarto, Andrea Ferreyra, que se desempe\u00f1a en el \u00e1rea de Salud Mental del Nuevo Hospital de R\u00edo Cuarto.<\/p>\n\n\n\n<p>El gobierno argentino decidi\u00f3 dar apoyo al sistema que est\u00e1 regulado por una normativa actualizada pero que hasta el momento no cont\u00f3 con las partidas presupuestarias suficientes para llevar a cabo las pol\u00edticas declaradas. Ahora Fern\u00e1ndez dice que se invertir\u00e1n 4 mil millones de pesos m\u00e1s que lo previsto par a este a\u00f1o, conformando un total de 7660 millones para la atenci\u00f3n de la salud mental en 2022.<\/p>\n\n\n\n<p>En ese marco, Ferreyra critic\u00f3 el estado del sistema provincial y donde se atienden la mayor\u00eda de los usuarios de C\u00f3rdoba la tiempo que dijo moderar sus expectativas respecto a los anuncios nacionales hasta que se concreten. <\/p>\n\n\n\n<div class=\"wp-block-image\"><figure class=\"alignright size-full is-resized\"><img loading=\"lazy\" decoding=\"async\" src=\"https:\/\/atecordoba.org\/wp-content\/uploads\/2022\/05\/andrea-ferreyra.jpeg\" alt=\"\" class=\"wp-image-31736\" width=\"501\" height=\"280\" srcset=\"https:\/\/atecordoba.org\/wp-content\/uploads\/2022\/05\/andrea-ferreyra.jpeg 1002w, https:\/\/atecordoba.org\/wp-content\/uploads\/2022\/05\/andrea-ferreyra-300x167.jpeg 300w, https:\/\/atecordoba.org\/wp-content\/uploads\/2022\/05\/andrea-ferreyra-768x428.jpeg 768w, https:\/\/atecordoba.org\/wp-content\/uploads\/2022\/05\/andrea-ferreyra-750x418.jpeg 750w\" sizes=\"auto, (max-width: 501px) 100vw, 501px\" \/><figcaption>La delegada Andrea Ferreyra.<\/figcaption><\/figure><\/div>\n\n\n\n<p>&#8220;En el \u00e1mbito de la salud provincial la realidad es sumamente compleja&#8221;, afirm\u00f3 Ferreyra. &#8220;Desconozco el manejo de los efectores que dependen de Naci\u00f3n en los territorios, pero s\u00e9 que tenemos una ley de salud mental nacional aprobada hace m\u00e1s de 10 a\u00f1os que todav\u00eda no se implementa porque no aparecen los recursos necesarios y suficientes para que se ponga en pr\u00e1ctica todas las medidas que esta ley contempla, y que son de avanzada realmente. Tanto la ley nacional como la provincial son maravillosas, pero despu\u00e9s no aparece un solo peso para los recursos humanos y no humanos necesarios como \u2018casas de medio camino\u2019, acompa\u00f1antes terap\u00e9uticos, dispositivos en comunidad, todo lo que plantea la ley&#8221;.<\/p>\n\n\n\n<p>La psic\u00f3loga apunto que &#8220;la falta de aplicaci\u00f3n de la ley genera cuellos de botella porque quedan usuarios del sistema de salud mental sin encontrar respuestas espec\u00edficas para sus problem\u00e1ticas, bollando entre un sistema institucional que por ley no puede alojarlos por m\u00e1s de una determinada cantidad de tiempo, debido a que las internaciones son breves, pero ese usuario no encuentra despu\u00e9s espacios intermedios donde estar contenido porque muchas veces no hay familia, o la familia no puede asistirlo porque hay cuadros que son complejos para el acompa\u00f1amiento que la familia puede brindarle. Ah\u00ed es donde deber\u00edan estar las casas de medio camino y no est\u00e1n. Por eso quedan sin respuesta y con sus derechos vulnerados porque no se garantizan los que la ley ha dispuesto&#8221;.<\/p>\n\n\n\n<div class=\"wp-block-image\"><figure class=\"alignleft size-full is-resized\"><img loading=\"lazy\" decoding=\"async\" src=\"https:\/\/atecordoba.org\/wp-content\/uploads\/2022\/05\/andrea-ferreyra2.jpeg\" alt=\"\" class=\"wp-image-31737\" width=\"432\" height=\"243\" srcset=\"https:\/\/atecordoba.org\/wp-content\/uploads\/2022\/05\/andrea-ferreyra2.jpeg 863w, https:\/\/atecordoba.org\/wp-content\/uploads\/2022\/05\/andrea-ferreyra2-300x169.jpeg 300w, https:\/\/atecordoba.org\/wp-content\/uploads\/2022\/05\/andrea-ferreyra2-768x433.jpeg 768w, https:\/\/atecordoba.org\/wp-content\/uploads\/2022\/05\/andrea-ferreyra2-750x422.jpeg 750w\" sizes=\"auto, (max-width: 432px) 100vw, 432px\" \/><figcaption>Ferreyra, junto a dos trabajadoras del Nuevo Hospital R\u00edo Cuarto.<\/figcaption><\/figure><\/div>\n\n\n\n<p>Adem\u00e1s Ferreyra se\u00f1al\u00f3 que &#8220;en el servicio de salud mental de la provincia tenemos una demanda muy incrementada respecto a la prepandemia, ac\u00e1 estuvimos dos a\u00f1os sin hacer atenci\u00f3n ambulatoria y eso no pasa sin consecuencias. Se dej\u00f3 de trabajar con el hospital de d\u00eda porque el espacio f\u00edsico se resign\u00f3 para atenci\u00f3n de Covid, porque las horas de personal tambi\u00e9n se afectaron a la pandemia. Muchos cambios que dan como resultado una demanda incrementada, vemos reagudizaciones de pacientes que ven\u00edan con cuadros estables y hoy los tenemos nuevamente internados&#8221;. &nbsp;&nbsp;&nbsp;<\/p>\n\n\n\n<p>Por \u00faltimo, la delegada dijo que &#8220;los anuncios son importantes y hablan de que alguien est\u00e1 pudiendo mirar o pensar en torno a la salud mental que hist\u00f3ricamente est\u00e1 muy postergada. De todas formas, la experiencia nos ense\u00f1a a no esperanzarnos mucho hasta no ver concretadas algunas acciones&#8221;.<\/p>\n","protected":false},"excerpt":{"rendered":"<p>Frente a los anuncios llevados a cabo por el Presidente Alberto Fern\u00e1ndez, referido a un impulso al sistema de atenci\u00f3n de salud mental del Estado nacional, se expres\u00f3 la delegada de ATE R\u00edo Cuarto, Andrea Ferreyra, que se desempe\u00f1a en el \u00e1rea de Salud Mental del Nuevo Hospital de R\u00edo Cuarto. El gobierno argentino decidi\u00f3 [&hellip;]<\/p>\n","protected":false},"author":7,"featured_media":31733,"comment_status":"open","ping_status":"open","sticky":false,"template":"","format":"standard","meta":{"_exactmetrics_skip_tracking":false,"_exactmetrics_sitenote_active":false,"_exactmetrics_sitenote_note":"","_exactmetrics_sitenote_category":0,"jnews-multi-image_gallery":[],"jnews_single_post":{"subtitle":"La delegada el Hospital Rio Cuarto, Andrea Ferreyra, analiz\u00f3 el estado del sistema tras los anuncios del Presidente Alberto Fern\u00e1ndez.","format":"standard","video":"","gallery":"","source_name":"","source_url":"","via_name":"","via_url":"","override_template":"0","override":[{"template":"1","single_blog_custom":"","parallax":"1","fullscreen":"1","layout":"right-sidebar","sidebar":"default-sidebar","second_sidebar":"default-sidebar","sticky_sidebar":"1","share_position":"top","share_float_style":"share-monocrhome","show_share_counter":"1","show_view_counter":"1","show_featured":"1","show_post_meta":"1","show_post_author":"1","show_post_author_image":"1","show_post_date":"1","post_date_format":"default","post_date_format_custom":"Y\/m\/d","show_post_category":"1","show_post_reading_time":"0","post_reading_time_wpm":"300","show_zoom_button":"0","zoom_button_out_step":"2","zoom_button_in_step":"3","show_post_tag":"1","show_prev_next_post":"1","show_popup_post":"1","number_popup_post":"1","show_author_box":"0","show_post_related":"0","show_inline_post_related":"0"}],"override_image_size":"0","image_override":[{"single_post_thumbnail_size":"crop-500","single_post_gallery_size":"crop-500"}],"trending_post":"0","trending_post_position":"meta","trending_post_label":"Trending","sponsored_post":"0","sponsored_post_label":"Sponsored by","sponsored_post_name":"","sponsored_post_url":"","sponsored_post_logo_enable":"0","sponsored_post_logo":"","sponsored_post_desc":"","disable_ad":"0"},"jnews_primary_category":{"id":""},"jnews_social_meta":{"fb_title":"","fb_description":"","fb_image":"","twitter_title":"","twitter_description":"","twitter_image":""},"jnews_review":[],"enable_review":"0","type":"percentage","name":"","summary":"","brand":"","sku":"","good":[{"good_text":""}],"bad":[{"bad_text":""}],"score_override":"","override_value":"","rating":[{"rating_text":"","rating_number":"10"}],"price":[{"shop":"","price":"","link":"","icon":""}],"jnews_override_counter":{"override_view_counter":"0","view_counter_number":"0","override_share_counter":"0","share_counter_number":"0","override_like_counter":"0","like_counter_number":"0","override_dislike_counter":"0","dislike_counter_number":"0"},"jnews_post_split":{"enable_post_split":"0","post_split":[{"template":"1","tag":"h2","numbering":"asc","mode":"normal","first":"0","enable_toc":"0","toc_type":"normal"}]},"footnotes":""},"categories":[957],"tags":[154,435],"class_list":["post-31732","post","type-post","status-publish","format-standard","has-post-thumbnail","hentry","category-salud","tag-cordoba","tag-salud-mental"],"jetpack_featured_media_url":"https:\/\/atecordoba.org\/wp-content\/uploads\/2022\/05\/salud-mental-e1651671813536.jpg","_links":{"self":[{"href":"https:\/\/atecordoba.org\/index.php?rest_route=\/wp\/v2\/posts\/31732","targetHints":{"allow":["GET"]}}],"collection":[{"href":"https:\/\/atecordoba.org\/index.php?rest_route=\/wp\/v2\/posts"}],"about":[{"href":"https:\/\/atecordoba.org\/index.php?rest_route=\/wp\/v2\/types\/post"}],"author":[{"embeddable":true,"href":"https:\/\/atecordoba.org\/index.php?rest_route=\/wp\/v2\/users\/7"}],"replies":[{"embeddable":true,"href":"https:\/\/atecordoba.org\/index.php?rest_route=%2Fwp%2Fv2%2Fcomments&post=31732"}],"version-history":[{"count":2,"href":"https:\/\/atecordoba.org\/index.php?rest_route=\/wp\/v2\/posts\/31732\/revisions"}],"predecessor-version":[{"id":31738,"href":"https:\/\/atecordoba.org\/index.php?rest_route=\/wp\/v2\/posts\/31732\/revisions\/31738"}],"wp:featuredmedia":[{"embeddable":true,"href":"https:\/\/atecordoba.org\/index.php?rest_route=\/wp\/v2\/media\/31733"}],"wp:attachment":[{"href":"https:\/\/atecordoba.org\/index.php?rest_route=%2Fwp%2Fv2%2Fmedia&parent=31732"}],"wp:term":[{"taxonomy":"category","embeddable":true,"href":"https:\/\/atecordoba.org\/index.php?rest_route=%2Fwp%2Fv2%2Fcategories&post=31732"},{"taxonomy":"post_tag","embeddable":true,"href":"https:\/\/atecordoba.org\/index.php?rest_route=%2Fwp%2Fv2%2Ftags&post=31732"}],"curies":[{"name":"wp","href":"https:\/\/api.w.org\/{rel}","templated":true}]}}