{"id":31727,"date":"2022-05-03T15:23:56","date_gmt":"2022-05-03T18:23:56","guid":{"rendered":"https:\/\/atecordoba.org\/?p=31727"},"modified":"2022-05-03T15:24:09","modified_gmt":"2022-05-03T18:24:09","slug":"carlos-del-frade-y-miriam-lewin-presentaran-sus-libros-de-investigacion-en-ate-cordoba","status":"publish","type":"post","link":"https:\/\/atecordoba.org\/?p=31727","title":{"rendered":"Carlos del Frade y Miriam Lewin presentar\u00e1n sus libros de investigaci\u00f3n en ATE C\u00f3rdoba"},"content":{"rendered":"\n<p><\/p>\n\n\n\n<figure class=\"wp-block-gallery has-nested-images columns-default is-cropped wp-block-gallery-1 is-layout-flex wp-block-gallery-is-layout-flex\">\n<figure class=\"wp-block-image size-large\"><img loading=\"lazy\" decoding=\"async\" width=\"1024\" height=\"1024\" data-id=\"31728\" src=\"https:\/\/atecordoba.org\/wp-content\/uploads\/2022\/05\/05-04-Presentacion-Libro-Del-Frade-1024x1024.jpg\" alt=\"\" class=\"wp-image-31728\" \/><\/figure>\n\n\n\n<figure class=\"wp-block-image size-large\"><img loading=\"lazy\" decoding=\"async\" width=\"1024\" height=\"1024\" data-id=\"31729\" src=\"https:\/\/atecordoba.org\/wp-content\/uploads\/2022\/05\/9-y-10-06-Lewin-1024x1024.jpg\" alt=\"\" class=\"wp-image-31729\" srcset=\"https:\/\/atecordoba.org\/wp-content\/uploads\/2022\/05\/9-y-10-06-Lewin-1024x1024.jpg 1024w, https:\/\/atecordoba.org\/wp-content\/uploads\/2022\/05\/9-y-10-06-Lewin-300x300.jpg 300w, https:\/\/atecordoba.org\/wp-content\/uploads\/2022\/05\/9-y-10-06-Lewin-150x150.jpg 150w, https:\/\/atecordoba.org\/wp-content\/uploads\/2022\/05\/9-y-10-06-Lewin-768x768.jpg 768w, https:\/\/atecordoba.org\/wp-content\/uploads\/2022\/05\/9-y-10-06-Lewin-560x560.jpg 560w, https:\/\/atecordoba.org\/wp-content\/uploads\/2022\/05\/9-y-10-06-Lewin-75x75.jpg 75w, https:\/\/atecordoba.org\/wp-content\/uploads\/2022\/05\/9-y-10-06-Lewin-350x350.jpg 350w, https:\/\/atecordoba.org\/wp-content\/uploads\/2022\/05\/9-y-10-06-Lewin-750x750.jpg 750w, https:\/\/atecordoba.org\/wp-content\/uploads\/2022\/05\/9-y-10-06-Lewin.jpg 1080w\" sizes=\"auto, (max-width: 1024px) 100vw, 1024px\" \/><\/figure>\n<\/figure>\n\n\n\n<p>Las investigaciones period\u00edsticas comprometidas con las causas populares y de indudable calidad tiene un espacio para la presentaci\u00f3n y el debate en ATE C\u00f3rdoba.<\/p>\n\n\n\n<p>El Departamento de Culturas del Consejo Directivo Provincial convoca a la presentaci\u00f3n de la \u00faltima obra de investigaci\u00f3n del compa\u00f1ero Carlos Del Frade, periodista, militante de la CTA y legislador santafecino, titulada MALVINAS 40 A\u00d1OS DESPU\u00c9S: &#8220;El Imperio, Galtieri y las Guerras&#8221;. <\/p>\n\n\n\n<p>&#8220;Malvinas se actualiza a partir del respeto para con aquellos sobrevivientes de una guerra enancada en una causa hist\u00f3rica y popular pero utilizada por quienes liquidaron la soberan\u00eda popular y quintuplicaron la deuda externa a fuerza de secuestros, torturas, tumbas clandestinas, picana, usurpaci\u00f3n de viviendas, apropiaci\u00f3n de beb\u00e9s. Esta investigaci\u00f3n period\u00edstica pone el acento en una breve historia del imperio ingl\u00e9s y sus intereses permanentes&#8221;, afirma del Frade al comienzo del libro.<\/p>\n\n\n\n<p>Carlos del Frade es autor de una numerosa y variada cantidad de t\u00edtulos de investigaci\u00f3n period\u00edstica que van desde el texto hist\u00f3rico, pasando por la historia del movimiento obrero, la problem\u00e1tica narco, la cr\u00f3nica y el abordaje de la realidad pol\u00edtica nacional. <\/p>\n\n\n\n<p>La presentaci\u00f3n se llevar\u00e1 a cabo el mi\u00e9rcoles 11 de mayo, a las 18 horas, en sede de ATE, Entre R\u00edos 450.<\/p>\n\n\n\n<p><strong>Lewin<\/strong><\/p>\n\n\n\n<p>Por su parte, visitar\u00e1 nuestro gremio la periodista y funcionaria del Gobierno Nacional Miriam Lewin, de larga trayectoria en la actividad period\u00edstica y compromiso militante que la llev\u00f3 a atravesar las oscuras mazmorras de la ESMA y, despu\u00e9s de sobrevivir a ese calvario, brindar con valent\u00eda su testimonio en el hist\u00f3rico Juicio a las Juntas de la d\u00e9cada del &#8217;80. <\/p>\n\n\n\n<p>Ahora, Lewin presentar\u00e1 en sede de ATE C\u00f3rdoba, Entre R\u00edos 450, su libro &#8220;Skyvan, Aviones, Pilotos y Archivos Secretos&#8221;, el martes 31 de mayo a las 18 horas. En tanto, el mi\u00e9rcoles 1 de junio, a las 18 horas, la cita en la seccional ATE R\u00edo Cuarto, San Mart\u00edn 374.<\/p>\n\n\n\n<p>Se trata de &#8220;una investigaci\u00f3n \u00fanica sobre los pilotos y los aviones que arrojaron desaparecidos al R\u00edo de la Plata por una de las sobrevivientes de los centros clandestinos y la ESMA. Decidida a conocer qu\u00e9 aviones y pilotos arrojaron al mar a detenidos-desaparecidos por la Dictadura, Miriam Lewin -con el fot\u00f3grafo italiano Giancarlo Ceraudo- identific\u00f3 a los responsables de esos vuelos, ahora procesados&#8221;, adelanta la sinopsis editorial .<\/p>\n\n\n\n<p>&#8220;Skyvan cuenta c\u00f3mo ambos localizan las naves desperdigadas por el mundo y reconstruyen sus historias: una estuvo a punto de convertirse en confiter\u00eda, otra se usa para filmar rallies. En un Skyvan estacionado en Fort Lauderdale, Florida, se encontr\u00f3 documentaci\u00f3n que, una vez descifrada, ilumin\u00f3 la pesquisa y lleg\u00f3 a los Tribunales&#8221;, afirman.<\/p>\n\n\n\n<p>&#8220;A\u00f1os de investigaciones e intimidades permiten a la autora revisar su pasado juvenil -el que la llev\u00f3 a la ESMA- y a su socio narrar su antifascismo. Relato tambi\u00e9n de una profunda amistad nacida de la b\u00fasqueda pertinaz de justicia, el apasionante libro de Miriam Lewin puede ser le\u00eddo como un thriller, aqu\u00ed subg\u00e9nero de la mejor non-fiction&#8221;, concluye el adelanto.<\/p>\n","protected":false},"excerpt":{"rendered":"<p>Las investigaciones period\u00edsticas comprometidas con las causas populares y de indudable calidad tiene un espacio para la presentaci\u00f3n y el debate en ATE C\u00f3rdoba. El Departamento de Culturas del Consejo Directivo Provincial convoca a la presentaci\u00f3n de la \u00faltima obra de investigaci\u00f3n del compa\u00f1ero Carlos Del Frade, periodista, militante de la CTA y legislador santafecino, [&hellip;]<\/p>\n","protected":false},"author":7,"featured_media":31728,"comment_status":"open","ping_status":"open","sticky":false,"template":"","format":"standard","meta":{"_exactmetrics_skip_tracking":false,"_exactmetrics_sitenote_active":false,"_exactmetrics_sitenote_note":"","_exactmetrics_sitenote_category":0,"jnews-multi-image_gallery":[],"jnews_single_post":{"subtitle":"Se trata de un autor y una autora de larga trayectoria y prestigio en el periodismo argentino, as\u00ed como de probado compromiso con las causas populares. ","format":"standard","video":"","gallery":"","source_name":"","source_url":"","via_name":"","via_url":"","override_template":"0","override":[{"template":"1","single_blog_custom":"","parallax":"1","fullscreen":"1","layout":"right-sidebar","sidebar":"default-sidebar","second_sidebar":"default-sidebar","sticky_sidebar":"1","share_position":"top","share_float_style":"share-monocrhome","show_share_counter":"1","show_view_counter":"1","show_featured":"1","show_post_meta":"1","show_post_author":"1","show_post_author_image":"1","show_post_date":"1","post_date_format":"default","post_date_format_custom":"Y\/m\/d","show_post_category":"1","show_post_reading_time":"0","post_reading_time_wpm":"300","show_zoom_button":"0","zoom_button_out_step":"2","zoom_button_in_step":"3","show_post_tag":"1","show_prev_next_post":"1","show_popup_post":"1","number_popup_post":"1","show_author_box":"0","show_post_related":"0","show_inline_post_related":"0"}],"override_image_size":"0","image_override":[{"single_post_thumbnail_size":"crop-500","single_post_gallery_size":"crop-500"}],"trending_post":"0","trending_post_position":"meta","trending_post_label":"Trending","sponsored_post":"0","sponsored_post_label":"Sponsored by","sponsored_post_name":"","sponsored_post_url":"","sponsored_post_logo_enable":"0","sponsored_post_logo":"","sponsored_post_desc":"","disable_ad":"0"},"jnews_primary_category":{"id":""},"jnews_social_meta":{"fb_title":"","fb_description":"","fb_image":"","twitter_title":"","twitter_description":"","twitter_image":""},"jnews_review":[],"enable_review":"0","type":"percentage","name":"","summary":"","brand":"","sku":"","good":[{"good_text":""}],"bad":[{"bad_text":""}],"score_override":"","override_value":"","rating":[{"rating_text":"","rating_number":"10"}],"price":[{"shop":"","price":"","link":"","icon":""}],"jnews_override_counter":{"override_view_counter":"0","view_counter_number":"0","override_share_counter":"0","share_counter_number":"0","override_like_counter":"0","like_counter_number":"0","override_dislike_counter":"0","dislike_counter_number":"0"},"jnews_post_split":{"enable_post_split":"0","post_split":[{"template":"1","tag":"h2","numbering":"asc","mode":"normal","first":"0","enable_toc":"0","toc_type":"normal"}]},"footnotes":""},"categories":[972],"tags":[1105,1107],"class_list":["post-31727","post","type-post","status-publish","format-standard","has-post-thumbnail","hentry","category-culturas","tag-carlos-del-frade","tag-miriam-lewin"],"jetpack_featured_media_url":"https:\/\/atecordoba.org\/wp-content\/uploads\/2022\/05\/05-04-Presentacion-Libro-Del-Frade-e1651602172105.jpg","_links":{"self":[{"href":"https:\/\/atecordoba.org\/index.php?rest_route=\/wp\/v2\/posts\/31727","targetHints":{"allow":["GET"]}}],"collection":[{"href":"https:\/\/atecordoba.org\/index.php?rest_route=\/wp\/v2\/posts"}],"about":[{"href":"https:\/\/atecordoba.org\/index.php?rest_route=\/wp\/v2\/types\/post"}],"author":[{"embeddable":true,"href":"https:\/\/atecordoba.org\/index.php?rest_route=\/wp\/v2\/users\/7"}],"replies":[{"embeddable":true,"href":"https:\/\/atecordoba.org\/index.php?rest_route=%2Fwp%2Fv2%2Fcomments&post=31727"}],"version-history":[{"count":1,"href":"https:\/\/atecordoba.org\/index.php?rest_route=\/wp\/v2\/posts\/31727\/revisions"}],"predecessor-version":[{"id":31730,"href":"https:\/\/atecordoba.org\/index.php?rest_route=\/wp\/v2\/posts\/31727\/revisions\/31730"}],"wp:featuredmedia":[{"embeddable":true,"href":"https:\/\/atecordoba.org\/index.php?rest_route=\/wp\/v2\/media\/31728"}],"wp:attachment":[{"href":"https:\/\/atecordoba.org\/index.php?rest_route=%2Fwp%2Fv2%2Fmedia&parent=31727"}],"wp:term":[{"taxonomy":"category","embeddable":true,"href":"https:\/\/atecordoba.org\/index.php?rest_route=%2Fwp%2Fv2%2Fcategories&post=31727"},{"taxonomy":"post_tag","embeddable":true,"href":"https:\/\/atecordoba.org\/index.php?rest_route=%2Fwp%2Fv2%2Ftags&post=31727"}],"curies":[{"name":"wp","href":"https:\/\/api.w.org\/{rel}","templated":true}]}}