{"id":31721,"date":"2022-05-03T14:29:07","date_gmt":"2022-05-03T17:29:07","guid":{"rendered":"https:\/\/atecordoba.org\/?p=31721"},"modified":"2022-05-03T14:52:32","modified_gmt":"2022-05-03T17:52:32","slug":"mayo-comienza-con-dos-las-iniciativas-de-formacion-del-departamento-de-generos-y-diversidades%ef%bf%bc","status":"publish","type":"post","link":"https:\/\/atecordoba.org\/?p=31721","title":{"rendered":"Mayo comienza con dos iniciativas de formaci\u00f3n del Departamento de G\u00e9neros y Diversidades"},"content":{"rendered":"\n<div class=\"wp-block-image\"><figure class=\"aligncenter size-large is-resized\"><img loading=\"lazy\" decoding=\"async\" src=\"https:\/\/atecordoba.org\/wp-content\/uploads\/2022\/05\/10-05-Informe-Feminismo-y-Sindicalismo-1024x1024.jpg\" alt=\"\" class=\"wp-image-31723\" width=\"768\" height=\"768\"\/><\/figure><\/div>\n\n\n\n<p>En el marco de la pol\u00edtica de formaci\u00f3n y capacitaci\u00f3n de dirigentes, afiliados y afiliadas de ATE C\u00f3rdoba en materia de G\u00e9neros y Diversidades, el Departamento a cargo de la compa\u00f1era Gabriela Alcoba presenta  dos iniciativas para comenzar el mes de mayo que se llevar\u00e1n a cabo los d\u00edas martes 10 y mi\u00e9rcoles 11 del corriente.<\/p>\n\n\n\n<p>En primer t\u00e9rmino, se trata de la presentaci\u00f3n del informe &#8220;Feminismo y Sindicalismo&#8221;, estrategias y mecanismos de participaci\u00f3n gremial de las trabajadoras. Es importante un trabajo realizado por la Intersindical de Mujeres C\u00f3rdoba y se llevar\u00e1 a cabo el martes10 de mayo a las 18 horas, en sede de ATE C\u00f3rdoba, Entre R\u00edos 450. ATE aport\u00f3 a la elaboraci\u00f3n de dicho informe en l\u00ednea con el compromiso que asumi\u00f3 esta conducci\u00f3n de dar espacio a las iniciativas de reconocimiento de derechos para mujeres y diversidades en nuestra organizaci\u00f3n. La entrada es libre. <\/p>\n\n\n\n<p>&#8220;El objetivo del proyecto es visibilizar cu\u00e1les son los obst\u00e1culos que enfrentan las trabajadoras para participar en la vida gremial pero tambi\u00e9n las diferentes estrategias y acciones que despliegan para fomentar la participaci\u00f3n de otras compa\u00f1eras. Del resultado de 22 entrevistas a m\u00e1s de 40 dirigentes, delegadas y trabajadoras de distintos sindicatos tanto del \u00e1mbito p\u00fablico como del privado, se identificaron como principales obst\u00e1culos: el cupo\/ingreso a determinados puestos y\/o sectores de trabajo, la gesti\u00f3n de los cuidados y la violencia en el trabajo y en las propias organizaciones. Algunas de las acciones para contrarrestar estos impedimentos son: licencia por cuidados y por situaciones de violencias; protocolos, comisiones de mujeres; campa\u00f1as de difusi\u00f3n; articulaci\u00f3n con otras organizaciones; formaciones; cr\u00e9ditos horarios; delegadas de g\u00e9neros, etc&#8221;, anticipan las organizadoras.<\/p>\n\n\n\n<p>En tanto, al d\u00eda siguiente, el mi\u00e9rcoles 11 de mayo se realizar\u00e1 un taller de formaci\u00f3n en Relaciones Laborales y G\u00e9neros, que se extender\u00e1 desde las 9 a 17 horas, tambi\u00e9n en sede de ATE. La actividad requiere inscripci\u00f3n previa y est\u00e1 a cargo de las compa\u00f1eras Jimena Frankel, Julia Campos y Mariana Campos, Observatorio del Derecho Social de la CTA Aut\u00f3noma.  Habr\u00e1 dos mesas de trabajo compuestas por los temas &#8220;Doble Jornada: trabajo en el hogar y jornada laboral&#8221; y &#8220;Violencia y Acoso en el Mundo del Trabajo&#8221;. Las y los interesados en inscribirse deben ingresar <a href=\"https:\/\/docs.google.com\/forms\/d\/1shf5YYYVk0Tt1ByygB9BR302tJma3zgfKIdGH7fxZhM\/edit?fbclid=IwAR2pOMv6n9U6fCq46mIr2pnbbyIxzSm627I7eBGwefpIWxPR48diYCbqqxk\">aqu\u00ed<\/a>. <\/p>\n\n\n\n<div class=\"wp-block-image\"><figure class=\"aligncenter size-large is-resized\"><img loading=\"lazy\" decoding=\"async\" src=\"https:\/\/atecordoba.org\/wp-content\/uploads\/2022\/05\/11-05-Relaciones-Laborales-y-Generos-1024x1024.jpg\" alt=\"\" class=\"wp-image-31722\" width=\"768\" height=\"768\" srcset=\"https:\/\/atecordoba.org\/wp-content\/uploads\/2022\/05\/11-05-Relaciones-Laborales-y-Generos-1024x1024.jpg 1024w, https:\/\/atecordoba.org\/wp-content\/uploads\/2022\/05\/11-05-Relaciones-Laborales-y-Generos-300x300.jpg 300w, https:\/\/atecordoba.org\/wp-content\/uploads\/2022\/05\/11-05-Relaciones-Laborales-y-Generos-150x150.jpg 150w, https:\/\/atecordoba.org\/wp-content\/uploads\/2022\/05\/11-05-Relaciones-Laborales-y-Generos-768x768.jpg 768w, https:\/\/atecordoba.org\/wp-content\/uploads\/2022\/05\/11-05-Relaciones-Laborales-y-Generos-560x560.jpg 560w, https:\/\/atecordoba.org\/wp-content\/uploads\/2022\/05\/11-05-Relaciones-Laborales-y-Generos-75x75.jpg 75w, https:\/\/atecordoba.org\/wp-content\/uploads\/2022\/05\/11-05-Relaciones-Laborales-y-Generos-350x350.jpg 350w, https:\/\/atecordoba.org\/wp-content\/uploads\/2022\/05\/11-05-Relaciones-Laborales-y-Generos-750x750.jpg 750w, https:\/\/atecordoba.org\/wp-content\/uploads\/2022\/05\/11-05-Relaciones-Laborales-y-Generos.jpg 1080w\" sizes=\"auto, (max-width: 768px) 100vw, 768px\" \/><\/figure><\/div>\n","protected":false},"excerpt":{"rendered":"<p>En el marco de la pol\u00edtica de formaci\u00f3n y capacitaci\u00f3n de dirigentes, afiliados y afiliadas de ATE C\u00f3rdoba en materia de G\u00e9neros y Diversidades, el Departamento a cargo de la compa\u00f1era Gabriela Alcoba presenta dos iniciativas para comenzar el mes de mayo que se llevar\u00e1n a cabo los d\u00edas martes 10 y mi\u00e9rcoles 11 del [&hellip;]<\/p>\n","protected":false},"author":7,"featured_media":31723,"comment_status":"open","ping_status":"open","sticky":false,"template":"","format":"standard","meta":{"_exactmetrics_skip_tracking":false,"_exactmetrics_sitenote_active":false,"_exactmetrics_sitenote_note":"","_exactmetrics_sitenote_category":0,"jnews-multi-image_gallery":[],"jnews_single_post":{"subtitle":"Son dos iniciativas que se llevar\u00e1n a cabo los d\u00edas 10 y 11 de mayo en la sede de ATE C\u00f3rdoba. ","format":"standard","video":"","gallery":"","source_name":"","source_url":"","via_name":"","via_url":"","override_template":"0","override":[{"template":"1","single_blog_custom":"","parallax":"1","fullscreen":"1","layout":"right-sidebar","sidebar":"default-sidebar","second_sidebar":"default-sidebar","sticky_sidebar":"1","share_position":"top","share_float_style":"share-monocrhome","show_share_counter":"1","show_view_counter":"1","show_featured":"1","show_post_meta":"1","show_post_author":"1","show_post_author_image":"1","show_post_date":"1","post_date_format":"default","post_date_format_custom":"Y\/m\/d","show_post_category":"1","show_post_reading_time":"0","post_reading_time_wpm":"300","show_zoom_button":"0","zoom_button_out_step":"2","zoom_button_in_step":"3","show_post_tag":"1","show_prev_next_post":"1","show_popup_post":"1","number_popup_post":"1","show_author_box":"0","show_post_related":"0","show_inline_post_related":"0"}],"override_image_size":"0","image_override":[{"single_post_thumbnail_size":"crop-500","single_post_gallery_size":"crop-500"}],"trending_post":"0","trending_post_position":"meta","trending_post_label":"Trending","sponsored_post":"0","sponsored_post_label":"Sponsored by","sponsored_post_name":"","sponsored_post_url":"","sponsored_post_logo_enable":"0","sponsored_post_logo":"","sponsored_post_desc":"","disable_ad":"0"},"jnews_primary_category":{"id":""},"jnews_social_meta":{"fb_title":"","fb_description":"","fb_image":"","twitter_title":"","twitter_description":"","twitter_image":""},"jnews_review":[],"enable_review":"0","type":"percentage","name":"","summary":"","brand":"","sku":"","good":[{"good_text":""}],"bad":[{"bad_text":""}],"score_override":"","override_value":"","rating":[{"rating_text":"","rating_number":"10"}],"price":[{"shop":"","price":"","link":"","icon":""}],"jnews_override_counter":{"override_view_counter":"0","view_counter_number":"0","override_share_counter":"0","share_counter_number":"0","override_like_counter":"0","like_counter_number":"0","override_dislike_counter":"0","dislike_counter_number":"0"},"jnews_post_split":{"enable_post_split":"0","post_split":[{"template":"1","tag":"h2","numbering":"asc","mode":"normal","first":"0","enable_toc":"0","toc_type":"normal"}]},"footnotes":""},"categories":[325],"tags":[1102,430,1104,1103],"class_list":["post-31721","post","type-post","status-publish","format-standard","has-post-thumbnail","hentry","category-generos-y-diversidades","tag-doble-jornada","tag-formacion","tag-sindicalismo-y-feminismo","tag-violencia-y-acoso-en-el-trabajo"],"jetpack_featured_media_url":"https:\/\/atecordoba.org\/wp-content\/uploads\/2022\/05\/10-05-Informe-Feminismo-y-Sindicalismo-e1651598884113.jpg","_links":{"self":[{"href":"https:\/\/atecordoba.org\/index.php?rest_route=\/wp\/v2\/posts\/31721","targetHints":{"allow":["GET"]}}],"collection":[{"href":"https:\/\/atecordoba.org\/index.php?rest_route=\/wp\/v2\/posts"}],"about":[{"href":"https:\/\/atecordoba.org\/index.php?rest_route=\/wp\/v2\/types\/post"}],"author":[{"embeddable":true,"href":"https:\/\/atecordoba.org\/index.php?rest_route=\/wp\/v2\/users\/7"}],"replies":[{"embeddable":true,"href":"https:\/\/atecordoba.org\/index.php?rest_route=%2Fwp%2Fv2%2Fcomments&post=31721"}],"version-history":[{"count":3,"href":"https:\/\/atecordoba.org\/index.php?rest_route=\/wp\/v2\/posts\/31721\/revisions"}],"predecessor-version":[{"id":31726,"href":"https:\/\/atecordoba.org\/index.php?rest_route=\/wp\/v2\/posts\/31721\/revisions\/31726"}],"wp:featuredmedia":[{"embeddable":true,"href":"https:\/\/atecordoba.org\/index.php?rest_route=\/wp\/v2\/media\/31723"}],"wp:attachment":[{"href":"https:\/\/atecordoba.org\/index.php?rest_route=%2Fwp%2Fv2%2Fmedia&parent=31721"}],"wp:term":[{"taxonomy":"category","embeddable":true,"href":"https:\/\/atecordoba.org\/index.php?rest_route=%2Fwp%2Fv2%2Fcategories&post=31721"},{"taxonomy":"post_tag","embeddable":true,"href":"https:\/\/atecordoba.org\/index.php?rest_route=%2Fwp%2Fv2%2Ftags&post=31721"}],"curies":[{"name":"wp","href":"https:\/\/api.w.org\/{rel}","templated":true}]}}