{"id":3172,"date":"2013-09-02T09:59:30","date_gmt":"2013-09-02T12:59:30","guid":{"rendered":"http:\/\/www.atecordoba.org\/?p=3172"},"modified":"2013-09-02T09:59:30","modified_gmt":"2013-09-02T12:59:30","slug":"ate-se-moviliza-al-ministerio-de-trabajo-de-la-provincia","status":"publish","type":"post","link":"https:\/\/atecordoba.org\/?p=3172","title":{"rendered":"ATE se moviliza al Ministerio de Trabajo de la Provincia"},"content":{"rendered":"<p>&nbsp;<\/p>\n<p>&nbsp;<\/p>\n<p>&nbsp;<\/p>\n<p>&nbsp;<\/p>\n<p>&nbsp;<\/p>\n<p>&nbsp;<\/p>\n<p>&nbsp;<\/p>\n<p style=\"text-align: left;\"><em>Ante la falta de respuestas de las autoridades de la cartera laboral a los reclamos de ATE por el reconocimiento en la provincia, la Conducci\u00f3n de nuestro gremio -junto a delegados, activistas y dirigentes de las seccionales Villa\u00a0Mar\u00eda, R\u00edo Tercero y R\u00edo Cuarto- se encuentran en este momento repudiando la actitud del gobierno provincial y reclamando ser atendida por el ministro del \u00e1rea Adri\u00e1n Brito.<\/em><\/p>\n<div><a href=\"http:\/\/www.atecordoba.org\/wp-content\/uploads\/2013\/05\/foto-52.jpg\"><img loading=\"lazy\" decoding=\"async\" class=\" wp-image-2779 aligncenter\" alt=\"foto 5\" src=\"http:\/\/www.atecordoba.org\/wp-content\/uploads\/2013\/05\/foto-52.jpg\" width=\"640\" height=\"480\" \/><\/a><\/div>\n<div><\/div>\n<p>Los manifestantes ingresaron al sal\u00f3n de planta baja del Ministerio de Trabajo, en calle Rivadavia 646, donde tienen previsto permanecer hasta obtener una respuesta concreta al reclamo.<\/p>\n<p>Vale se\u00f1alar que hace dos meses un fallo de la C\u00e1mara Nacional del Trabajo confirm\u00f3 la legalidad de ATE, por personer\u00eda gremial y \u00e1mbito de representaci\u00f3n, para actuar en el Estado provincial y en los municipios de C\u00f3rdoba. La sentencia no tiene car\u00e1cter suspensivo y es de aplicaci\u00f3n inmediata, pero el gobierno provincial no la acat\u00f3 hasta el momento. Adem\u00e1s, el\u00a0viernes\u00a0pasado, el mismo tribunal neg\u00f3 al SEP una apelaci\u00f3n ante la Corte Suprema de Justicia, por lo que s\u00f3lo le queda a ese gremio la posibilidad de elevar un recurso de queja ante ese tribunal.<\/p>\n<p>&#8220;Est\u00e1n agotados todos los pasos administrativos y judiciales. Tomamos medidas de acci\u00f3n directa ante la falta de un espacio de di\u00e1logo. La irracionalidad del gobierno lo lleva a no cumplir con un fallo judicial vigente. Mandamos decenas de notas, sin ninguna respuesta&#8221;, dijo hace instantes la secretaria General de ATE,\u00a0Mar\u00eda Teresa Romero.<\/p>\n<p>&nbsp;<\/p>\n<p>&nbsp;<\/p>\n","protected":false},"excerpt":{"rendered":"<p>&nbsp; &nbsp; &nbsp; &nbsp; &nbsp; &nbsp; &nbsp; Ante la falta de respuestas de las autoridades de la cartera laboral a los reclamos de ATE por el reconocimiento en la provincia, la Conducci\u00f3n de nuestro gremio -junto a delegados, activistas y dirigentes de las seccionales Villa\u00a0Mar\u00eda, R\u00edo Tercero y R\u00edo Cuarto- se encuentran en este momento [&hellip;]<\/p>\n","protected":false},"author":1,"featured_media":19220,"comment_status":"open","ping_status":"open","sticky":false,"template":"","format":"standard","meta":{"_exactmetrics_skip_tracking":false,"_exactmetrics_sitenote_active":false,"_exactmetrics_sitenote_note":"","_exactmetrics_sitenote_category":0,"jnews-multi-image_gallery":[],"jnews_single_post":[],"jnews_primary_category":[],"jnews_social_meta":[],"jnews_review":[],"enable_review":"","type":"","name":"","summary":"","brand":"","sku":"","good":[],"bad":[],"score_override":"","override_value":"","rating":[],"price":[],"jnews_override_counter":[],"jnews_post_split":[],"footnotes":""},"categories":[90,8],"tags":[],"class_list":["post-3172","post","type-post","status-publish","format-standard","has-post-thumbnail","hentry","category-campana","category-provinciales"],"jetpack_featured_media_url":"https:\/\/atecordoba.org\/wp-content\/uploads\/2020\/05\/logo-nuevochico-e1561581322808.png","_links":{"self":[{"href":"https:\/\/atecordoba.org\/index.php?rest_route=\/wp\/v2\/posts\/3172","targetHints":{"allow":["GET"]}}],"collection":[{"href":"https:\/\/atecordoba.org\/index.php?rest_route=\/wp\/v2\/posts"}],"about":[{"href":"https:\/\/atecordoba.org\/index.php?rest_route=\/wp\/v2\/types\/post"}],"author":[{"embeddable":true,"href":"https:\/\/atecordoba.org\/index.php?rest_route=\/wp\/v2\/users\/1"}],"replies":[{"embeddable":true,"href":"https:\/\/atecordoba.org\/index.php?rest_route=%2Fwp%2Fv2%2Fcomments&post=3172"}],"version-history":[{"count":0,"href":"https:\/\/atecordoba.org\/index.php?rest_route=\/wp\/v2\/posts\/3172\/revisions"}],"wp:featuredmedia":[{"embeddable":true,"href":"https:\/\/atecordoba.org\/index.php?rest_route=\/wp\/v2\/media\/19220"}],"wp:attachment":[{"href":"https:\/\/atecordoba.org\/index.php?rest_route=%2Fwp%2Fv2%2Fmedia&parent=3172"}],"wp:term":[{"taxonomy":"category","embeddable":true,"href":"https:\/\/atecordoba.org\/index.php?rest_route=%2Fwp%2Fv2%2Fcategories&post=3172"},{"taxonomy":"post_tag","embeddable":true,"href":"https:\/\/atecordoba.org\/index.php?rest_route=%2Fwp%2Fv2%2Ftags&post=3172"}],"curies":[{"name":"wp","href":"https:\/\/api.w.org\/{rel}","templated":true}]}}