{"id":31700,"date":"2022-04-29T14:00:26","date_gmt":"2022-04-29T17:00:26","guid":{"rendered":"https:\/\/atecordoba.org\/?p=31700"},"modified":"2022-04-29T14:00:31","modified_gmt":"2022-04-29T17:00:31","slug":"comenzo-el-xxiv-congreso-provincial-de-ate-cordoba-en-san-francisco","status":"publish","type":"post","link":"https:\/\/atecordoba.org\/?p=31700","title":{"rendered":"Comenz\u00f3 el XXIV Congreso Provincial de ATE C\u00f3rdoba en San Francisco"},"content":{"rendered":"\n<div class=\"wp-block-image\"><figure class=\"aligncenter size-large is-resized\"><img loading=\"lazy\" decoding=\"async\" src=\"https:\/\/atecordoba.org\/wp-content\/uploads\/2022\/04\/WhatsApp-Image-2022-04-29-at-1.06.01-PM-2-1024x460.jpeg\" alt=\"\" class=\"wp-image-31701\" width=\"768\" height=\"345\" srcset=\"https:\/\/atecordoba.org\/wp-content\/uploads\/2022\/04\/WhatsApp-Image-2022-04-29-at-1.06.01-PM-2-1024x460.jpeg 1024w, https:\/\/atecordoba.org\/wp-content\/uploads\/2022\/04\/WhatsApp-Image-2022-04-29-at-1.06.01-PM-2-300x135.jpeg 300w, https:\/\/atecordoba.org\/wp-content\/uploads\/2022\/04\/WhatsApp-Image-2022-04-29-at-1.06.01-PM-2-768x345.jpeg 768w, https:\/\/atecordoba.org\/wp-content\/uploads\/2022\/04\/WhatsApp-Image-2022-04-29-at-1.06.01-PM-2-750x337.jpeg 750w, https:\/\/atecordoba.org\/wp-content\/uploads\/2022\/04\/WhatsApp-Image-2022-04-29-at-1.06.01-PM-2-1140x512.jpeg 1140w, https:\/\/atecordoba.org\/wp-content\/uploads\/2022\/04\/WhatsApp-Image-2022-04-29-at-1.06.01-PM-2.jpeg 1280w\" sizes=\"auto, (max-width: 768px) 100vw, 768px\" \/><\/figure><\/div>\n\n\n\n<p>Despu\u00e9s de dos a\u00f1os de pandemia de Covid19 que disidi\u00f3 al Ministerio de Trabajo de la Naci\u00f3n a interrumpir la realizaci\u00f3n de congresos de todas las organizaciones sindicales, hoy dio comienzo el XXIV Congreso Provincial Ordinario y Extraordinario de ATE C\u00f3rdoba, en la ciudad de San Francisco.<\/p>\n\n\n\n<p>En la ocasi\u00f3n, 149 congresales provinciales se acreditaron a partir de las 10 hora y, una vez concluida la totalidad de las acreditaciones, el secretario General de ATE C\u00f3rdoba, Federico Giuliani, dio comienzo al Congreso Provincial, contando con la presencia de la secretaria de Finanzas del Consejo Directivo Nacional (CDN), Esterea Rodr\u00edguez. <\/p>\n\n\n\n<div class=\"wp-block-image\"><figure class=\"aligncenter size-large is-resized\"><img loading=\"lazy\" decoding=\"async\" src=\"https:\/\/atecordoba.org\/wp-content\/uploads\/2022\/04\/WhatsApp-Image-2022-04-29-at-1.06.07-PM-1-1024x683.jpeg\" alt=\"\" class=\"wp-image-31702\" width=\"768\" height=\"512\" srcset=\"https:\/\/atecordoba.org\/wp-content\/uploads\/2022\/04\/WhatsApp-Image-2022-04-29-at-1.06.07-PM-1-1024x683.jpeg 1024w, https:\/\/atecordoba.org\/wp-content\/uploads\/2022\/04\/WhatsApp-Image-2022-04-29-at-1.06.07-PM-1-300x200.jpeg 300w, https:\/\/atecordoba.org\/wp-content\/uploads\/2022\/04\/WhatsApp-Image-2022-04-29-at-1.06.07-PM-1-768x512.jpeg 768w, https:\/\/atecordoba.org\/wp-content\/uploads\/2022\/04\/WhatsApp-Image-2022-04-29-at-1.06.07-PM-1-750x500.jpeg 750w, https:\/\/atecordoba.org\/wp-content\/uploads\/2022\/04\/WhatsApp-Image-2022-04-29-at-1.06.07-PM-1-1140x761.jpeg 1140w, https:\/\/atecordoba.org\/wp-content\/uploads\/2022\/04\/WhatsApp-Image-2022-04-29-at-1.06.07-PM-1.jpeg 1280w\" sizes=\"auto, (max-width: 768px) 100vw, 768px\" \/><\/figure><\/div>\n\n\n\n<p>Mientras se desarrolla el debate del congreso ordinario, cabe destacar que en el inicio del Congreso se realizaron sendos homenajes a la compa\u00f1era Gladys Medina, primera delegada normalizadora de la seccional ATE San Justo, Carlos Lito Carranza, ex secretario General de la seccional ATE Santa Mar\u00eda de Punilla que sufri\u00f3 el secuestro, tortura, c\u00e1rcel y cesant\u00eda de la dictadura c\u00edvico-militar, y Oscar Cacho Mengarelli, vicepresidente del Centro Nacional de Jubilados y Pensionados de ATE Nacional  y ex secretario General de ATE C\u00f3rdoba y CTA C\u00f3rdoba. Estas y estos referentes de ATE recibieron la ovaci\u00f3n de los congresales e invitados presentes, mientras Giuliani les entregaba a cada uno una medalla de reconocimiento por sus trayectorias.<\/p>\n\n\n\n<div class=\"wp-block-image\"><figure class=\"aligncenter size-full is-resized\"><img loading=\"lazy\" decoding=\"async\" src=\"https:\/\/atecordoba.org\/wp-content\/uploads\/2022\/04\/WhatsApp-Image-2022-04-29-at-1.07.01-PM.jpeg\" alt=\"\" class=\"wp-image-31715\" width=\"601\" height=\"751\" srcset=\"https:\/\/atecordoba.org\/wp-content\/uploads\/2022\/04\/WhatsApp-Image-2022-04-29-at-1.07.01-PM.jpeg 801w, https:\/\/atecordoba.org\/wp-content\/uploads\/2022\/04\/WhatsApp-Image-2022-04-29-at-1.07.01-PM-240x300.jpeg 240w, https:\/\/atecordoba.org\/wp-content\/uploads\/2022\/04\/WhatsApp-Image-2022-04-29-at-1.07.01-PM-768x960.jpeg 768w, https:\/\/atecordoba.org\/wp-content\/uploads\/2022\/04\/WhatsApp-Image-2022-04-29-at-1.07.01-PM-750x937.jpeg 750w\" sizes=\"auto, (max-width: 601px) 100vw, 601px\" \/><\/figure><\/div>\n\n\n\n<p><strong>Testimonios<\/strong><\/p>\n\n\n\n<p><strong>Fernando Mercado \u2013 secretario General ATE Villa Mar\u00eda<\/strong>: despu\u00e9s de tres a\u00f1os de no podernos juntar con&nbsp; los compa\u00f1eros de C\u00f3rdoba y de las seccionales producto de la pandemia, esperamos poder tener un amplio debate para analizar de d\u00f3nde venimos y a d\u00f3nde queremos ir. Es bueno&nbsp;<\/p>\n\n\n\n<div class=\"wp-block-image\"><figure class=\"alignleft size-large is-resized\"><img loading=\"lazy\" decoding=\"async\" src=\"https:\/\/atecordoba.org\/wp-content\/uploads\/2022\/04\/WhatsApp-Image-2022-04-29-at-1.06.05-PM-2-1024x683.jpeg\" alt=\"\" class=\"wp-image-31703\" width=\"512\" height=\"342\" srcset=\"https:\/\/atecordoba.org\/wp-content\/uploads\/2022\/04\/WhatsApp-Image-2022-04-29-at-1.06.05-PM-2-1024x683.jpeg 1024w, https:\/\/atecordoba.org\/wp-content\/uploads\/2022\/04\/WhatsApp-Image-2022-04-29-at-1.06.05-PM-2-300x200.jpeg 300w, https:\/\/atecordoba.org\/wp-content\/uploads\/2022\/04\/WhatsApp-Image-2022-04-29-at-1.06.05-PM-2-768x512.jpeg 768w, https:\/\/atecordoba.org\/wp-content\/uploads\/2022\/04\/WhatsApp-Image-2022-04-29-at-1.06.05-PM-2-750x500.jpeg 750w, https:\/\/atecordoba.org\/wp-content\/uploads\/2022\/04\/WhatsApp-Image-2022-04-29-at-1.06.05-PM-2-1140x761.jpeg 1140w, https:\/\/atecordoba.org\/wp-content\/uploads\/2022\/04\/WhatsApp-Image-2022-04-29-at-1.06.05-PM-2.jpeg 1280w\" sizes=\"auto, (max-width: 512px) 100vw, 512px\" \/><\/figure><\/div>\n\n\n\n<p>Es bueno poder vernos la cara, discutir de pol\u00edtica y celebramos una vez m\u00e1s, como lo hicimos&nbsp; a lo largo de la historia, que democr\u00e1ticamente podamos debatir cada uno de nuestros puntos de vista en un congreso donde la conducci\u00f3n somos todos.<\/p>\n\n\n\n<p><strong>Carlos Lito Carranza (invitado especial):<\/strong> el ex secretario General de ATE Santa Mar\u00eda de Punilla relata su historia personal y colectiva de la CD d ela seccional secuestrada y desaparecida por la dictadura c\u00edvico militar para posteriormente ser \u2018blanqueados\u2019 o \u2018legalizados\u2019 y derivados a la Penitenciaria de San Mart\u00edn. &nbsp;A ra\u00edz de esa persecuci\u00f3n, por ejercer como dirigente sindical y trabajador comprometido con la salud mental en el Hospital Psiqui\u00e1trico Colonia Santa Mar\u00eda, supuso que lo cesantearan como trabajador del Estado nacional, sin que nunca m\u00e1s retornara a su puesto de trabajo.<\/p>\n\n\n\n<p>En recordatorio de los tr\u00e1gicos acontecimientos del 26 de mayo de1976, cuando una avanzada de la Fuerza A\u00e9rea con tanques y helic\u00f3pteros ingreso al hospital para secuestrar y torturar en el lugar a las y los trabajadores, en 2021 la Comisi\u00f3n de DDHH de Cosqu\u00edn y ATE realizamos un homenaje a Lito Carranza en reconocimiento a su trayectoria y compromiso con la clase trabajadora y la salud p\u00fablica.<\/p>\n\n\n\n<p>\u201cMe siento muy ligado a ATE C\u00f3rdoba y cuando veo a estos j\u00f3venes que hoy conducen el gremio me retrotrae a cuando yo era secretario General. Los veo muy activos y comprometidos, no solo con el \u00e1mbito sindical sino tambi\u00e9n con el campo social y pol\u00edtico, lo que alienta que en alg\u00fan momento vuelvan los tiempos nuestros. Verlos a Federico (Giuliani) y a C\u00e9sar (Theaux) es volver a ver los colores, los s\u00edmbolos, los olores y hasta los sabores de la infancia\u201d.<\/p>\n\n\n\n<p><strong>Daniel Allende \u2013 secretario General de ATE Cruz del Eje y el noroeste cordob\u00e9s<\/strong>: ansioso por iniciar mi primer congreso provincial de ATE, ahora que el fin de la pandemia nos permite reunirnos. Celebramos tambi\u00e9n en San Francisco la creaci\u00f3n de la seccional ATE San Justo, que significa un crecimiento para nuestro sindicato y una herramienta para todos los trabajadores y trabajadoras del Estado para mejorar las condiciones de trabajo y las condiciones de vida de la clase trabajadora en la regi\u00f3n.<\/p>\n\n\n\n<div class=\"wp-block-image\"><figure class=\"alignright size-large is-resized\"><img loading=\"lazy\" decoding=\"async\" src=\"https:\/\/atecordoba.org\/wp-content\/uploads\/2022\/04\/WhatsApp-Image-2022-04-29-at-1.06.06-PM-2-1024x683.jpeg\" alt=\"\" class=\"wp-image-31704\" width=\"512\" height=\"342\" srcset=\"https:\/\/atecordoba.org\/wp-content\/uploads\/2022\/04\/WhatsApp-Image-2022-04-29-at-1.06.06-PM-2-1024x683.jpeg 1024w, https:\/\/atecordoba.org\/wp-content\/uploads\/2022\/04\/WhatsApp-Image-2022-04-29-at-1.06.06-PM-2-300x200.jpeg 300w, https:\/\/atecordoba.org\/wp-content\/uploads\/2022\/04\/WhatsApp-Image-2022-04-29-at-1.06.06-PM-2-768x512.jpeg 768w, https:\/\/atecordoba.org\/wp-content\/uploads\/2022\/04\/WhatsApp-Image-2022-04-29-at-1.06.06-PM-2-750x500.jpeg 750w, https:\/\/atecordoba.org\/wp-content\/uploads\/2022\/04\/WhatsApp-Image-2022-04-29-at-1.06.06-PM-2-1140x761.jpeg 1140w, https:\/\/atecordoba.org\/wp-content\/uploads\/2022\/04\/WhatsApp-Image-2022-04-29-at-1.06.06-PM-2.jpeg 1280w\" sizes=\"auto, (max-width: 512px) 100vw, 512px\" \/><\/figure><\/div>\n\n\n\n<p><strong>Dar\u00edo Paredes \u2013 secretario General de ATE San Justo<\/strong>: Hoy estamos celebrando una jornada m\u00e1s de alegr\u00eda, el 23 de febrero tuvimos el acto eleccionario que normaliz\u00f3 la seccional San Justo y contar ahora con este acontecimiento en nuestra ciudad nos da muchas m\u00e1s fuerzas para seguir construyendo organizaci\u00f3n. Agradecemos a todos los compa\u00f1eros, a la Comisi\u00f3n Directiva que siempre nos acompa\u00f1a y remarcar que es un hecho hist\u00f3rico porque es la primera vez que ATE realiza su Congreso Provincial en San Francisco.<\/p>\n\n\n\n<p><strong>Florencia Lucero \u2013 secretaria General Adjunta de ATE San Justo<\/strong>: muy contenta por recibir ac\u00e1 a todas las seccionales de la provincia y orgullosa de poder ser una mujer representante de los trabajadores estatales.<\/p>\n\n\n\n<p><strong>Marcela Ch\u00e1vez \u2013 vocal del CDP y trabajadora del IOSFA<\/strong>: estoy orgullosa de participar de mi cuarto Congreso Provincial junto a todo mi sectorial.<\/p>\n\n\n\n<p><strong>Lizette Acosta \u2013 vocal del CDP y trabajadora del Personal Civil de las FFAA<\/strong>: en mi primer congreso, con mucha expectativa por participar de la m\u00edstica que genera esta instancia.<\/p>\n\n\n\n<p><strong>Claudia Ortega \u2013 congresal de Traslasierra y delegada del Hospital Villa Dolores<\/strong>: muy contenta de vivir esta experiencia de mi primer congreso.<\/p>\n\n\n\n<p><strong>Oscar Cacho Mengarelli \u2013 vicepresidente del Centro Nacional de Jubilados y Pensionados de \u00a0ATE<\/strong>: fui en mi vida laboral activa secretario General de ATE C\u00f3rdoba y de la CTA C\u00f3rdoba. Es la primera vez que concurro a un Congreso en calidad de jubilado y en representaci\u00f3n del centro de Jubilados. Mi aspiraci\u00f3n es pasar la posta para que los j\u00f3venes puedan llevar a ATE al lugar hist\u00f3rico que siempre tuvo: prestigio \u00e9tico, combatividad. ATE es un gremio democr\u00e1tico y representante de la clase trabajadora, somos aut\u00f3nomos de los patrones, el Estado y los partidos pol\u00edticos.<\/p>\n\n\n\n<figure class=\"wp-block-gallery has-nested-images columns-default is-cropped wp-block-gallery-1 is-layout-flex wp-block-gallery-is-layout-flex\">\n<figure class=\"wp-block-image size-large\"><img loading=\"lazy\" decoding=\"async\" width=\"1024\" height=\"683\" data-id=\"31708\" src=\"https:\/\/atecordoba.org\/wp-content\/uploads\/2022\/04\/WhatsApp-Image-2022-04-29-at-1.06.09-PM-1024x683.jpeg\" alt=\"\" class=\"wp-image-31708\" srcset=\"https:\/\/atecordoba.org\/wp-content\/uploads\/2022\/04\/WhatsApp-Image-2022-04-29-at-1.06.09-PM-1024x683.jpeg 1024w, https:\/\/atecordoba.org\/wp-content\/uploads\/2022\/04\/WhatsApp-Image-2022-04-29-at-1.06.09-PM-300x200.jpeg 300w, https:\/\/atecordoba.org\/wp-content\/uploads\/2022\/04\/WhatsApp-Image-2022-04-29-at-1.06.09-PM-768x512.jpeg 768w, https:\/\/atecordoba.org\/wp-content\/uploads\/2022\/04\/WhatsApp-Image-2022-04-29-at-1.06.09-PM-750x500.jpeg 750w, https:\/\/atecordoba.org\/wp-content\/uploads\/2022\/04\/WhatsApp-Image-2022-04-29-at-1.06.09-PM-1140x761.jpeg 1140w, https:\/\/atecordoba.org\/wp-content\/uploads\/2022\/04\/WhatsApp-Image-2022-04-29-at-1.06.09-PM.jpeg 1280w\" sizes=\"auto, (max-width: 1024px) 100vw, 1024px\" \/><\/figure>\n\n\n\n<figure class=\"wp-block-image size-large\"><img loading=\"lazy\" decoding=\"async\" width=\"1024\" height=\"683\" data-id=\"31709\" src=\"https:\/\/atecordoba.org\/wp-content\/uploads\/2022\/04\/WhatsApp-Image-2022-04-29-at-1.06.10-PM-1-1024x683.jpeg\" alt=\"\" class=\"wp-image-31709\" srcset=\"https:\/\/atecordoba.org\/wp-content\/uploads\/2022\/04\/WhatsApp-Image-2022-04-29-at-1.06.10-PM-1-1024x683.jpeg 1024w, https:\/\/atecordoba.org\/wp-content\/uploads\/2022\/04\/WhatsApp-Image-2022-04-29-at-1.06.10-PM-1-300x200.jpeg 300w, https:\/\/atecordoba.org\/wp-content\/uploads\/2022\/04\/WhatsApp-Image-2022-04-29-at-1.06.10-PM-1-768x512.jpeg 768w, https:\/\/atecordoba.org\/wp-content\/uploads\/2022\/04\/WhatsApp-Image-2022-04-29-at-1.06.10-PM-1-750x500.jpeg 750w, https:\/\/atecordoba.org\/wp-content\/uploads\/2022\/04\/WhatsApp-Image-2022-04-29-at-1.06.10-PM-1-1140x761.jpeg 1140w, https:\/\/atecordoba.org\/wp-content\/uploads\/2022\/04\/WhatsApp-Image-2022-04-29-at-1.06.10-PM-1.jpeg 1280w\" sizes=\"auto, (max-width: 1024px) 100vw, 1024px\" \/><\/figure>\n\n\n\n<figure class=\"wp-block-image size-large\"><img loading=\"lazy\" decoding=\"async\" width=\"1024\" height=\"683\" data-id=\"31706\" src=\"https:\/\/atecordoba.org\/wp-content\/uploads\/2022\/04\/WhatsApp-Image-2022-04-29-at-1.06.10-PM-2-1024x683.jpeg\" alt=\"\" class=\"wp-image-31706\" srcset=\"https:\/\/atecordoba.org\/wp-content\/uploads\/2022\/04\/WhatsApp-Image-2022-04-29-at-1.06.10-PM-2-1024x683.jpeg 1024w, https:\/\/atecordoba.org\/wp-content\/uploads\/2022\/04\/WhatsApp-Image-2022-04-29-at-1.06.10-PM-2-300x200.jpeg 300w, https:\/\/atecordoba.org\/wp-content\/uploads\/2022\/04\/WhatsApp-Image-2022-04-29-at-1.06.10-PM-2-768x512.jpeg 768w, https:\/\/atecordoba.org\/wp-content\/uploads\/2022\/04\/WhatsApp-Image-2022-04-29-at-1.06.10-PM-2-750x500.jpeg 750w, https:\/\/atecordoba.org\/wp-content\/uploads\/2022\/04\/WhatsApp-Image-2022-04-29-at-1.06.10-PM-2-1140x761.jpeg 1140w, https:\/\/atecordoba.org\/wp-content\/uploads\/2022\/04\/WhatsApp-Image-2022-04-29-at-1.06.10-PM-2.jpeg 1280w\" sizes=\"auto, (max-width: 1024px) 100vw, 1024px\" \/><\/figure>\n\n\n\n<figure class=\"wp-block-image size-large\"><img loading=\"lazy\" decoding=\"async\" width=\"1024\" height=\"683\" data-id=\"31711\" src=\"https:\/\/atecordoba.org\/wp-content\/uploads\/2022\/04\/WhatsApp-Image-2022-04-29-at-1.06.10-PM-1024x683.jpeg\" alt=\"\" class=\"wp-image-31711\" srcset=\"https:\/\/atecordoba.org\/wp-content\/uploads\/2022\/04\/WhatsApp-Image-2022-04-29-at-1.06.10-PM-1024x683.jpeg 1024w, https:\/\/atecordoba.org\/wp-content\/uploads\/2022\/04\/WhatsApp-Image-2022-04-29-at-1.06.10-PM-300x200.jpeg 300w, https:\/\/atecordoba.org\/wp-content\/uploads\/2022\/04\/WhatsApp-Image-2022-04-29-at-1.06.10-PM-768x512.jpeg 768w, https:\/\/atecordoba.org\/wp-content\/uploads\/2022\/04\/WhatsApp-Image-2022-04-29-at-1.06.10-PM-750x500.jpeg 750w, https:\/\/atecordoba.org\/wp-content\/uploads\/2022\/04\/WhatsApp-Image-2022-04-29-at-1.06.10-PM-1140x761.jpeg 1140w, https:\/\/atecordoba.org\/wp-content\/uploads\/2022\/04\/WhatsApp-Image-2022-04-29-at-1.06.10-PM.jpeg 1280w\" sizes=\"auto, (max-width: 1024px) 100vw, 1024px\" \/><\/figure>\n\n\n\n<figure class=\"wp-block-image size-large\"><img loading=\"lazy\" decoding=\"async\" width=\"1024\" height=\"683\" data-id=\"31714\" src=\"https:\/\/atecordoba.org\/wp-content\/uploads\/2022\/04\/WhatsApp-Image-2022-04-29-at-1.06.05-PM-1-1024x683.jpeg\" alt=\"\" class=\"wp-image-31714\" srcset=\"https:\/\/atecordoba.org\/wp-content\/uploads\/2022\/04\/WhatsApp-Image-2022-04-29-at-1.06.05-PM-1-1024x683.jpeg 1024w, https:\/\/atecordoba.org\/wp-content\/uploads\/2022\/04\/WhatsApp-Image-2022-04-29-at-1.06.05-PM-1-300x200.jpeg 300w, https:\/\/atecordoba.org\/wp-content\/uploads\/2022\/04\/WhatsApp-Image-2022-04-29-at-1.06.05-PM-1-768x512.jpeg 768w, https:\/\/atecordoba.org\/wp-content\/uploads\/2022\/04\/WhatsApp-Image-2022-04-29-at-1.06.05-PM-1-750x500.jpeg 750w, https:\/\/atecordoba.org\/wp-content\/uploads\/2022\/04\/WhatsApp-Image-2022-04-29-at-1.06.05-PM-1-1140x761.jpeg 1140w, https:\/\/atecordoba.org\/wp-content\/uploads\/2022\/04\/WhatsApp-Image-2022-04-29-at-1.06.05-PM-1.jpeg 1280w\" sizes=\"auto, (max-width: 1024px) 100vw, 1024px\" \/><\/figure>\n\n\n\n<figure class=\"wp-block-image size-large\"><img loading=\"lazy\" decoding=\"async\" width=\"1024\" height=\"683\" data-id=\"31710\" src=\"https:\/\/atecordoba.org\/wp-content\/uploads\/2022\/04\/WhatsApp-Image-2022-04-29-at-1.06.06-PM-1024x683.jpeg\" alt=\"\" class=\"wp-image-31710\" srcset=\"https:\/\/atecordoba.org\/wp-content\/uploads\/2022\/04\/WhatsApp-Image-2022-04-29-at-1.06.06-PM-1024x683.jpeg 1024w, https:\/\/atecordoba.org\/wp-content\/uploads\/2022\/04\/WhatsApp-Image-2022-04-29-at-1.06.06-PM-300x200.jpeg 300w, https:\/\/atecordoba.org\/wp-content\/uploads\/2022\/04\/WhatsApp-Image-2022-04-29-at-1.06.06-PM-768x512.jpeg 768w, https:\/\/atecordoba.org\/wp-content\/uploads\/2022\/04\/WhatsApp-Image-2022-04-29-at-1.06.06-PM-750x500.jpeg 750w, https:\/\/atecordoba.org\/wp-content\/uploads\/2022\/04\/WhatsApp-Image-2022-04-29-at-1.06.06-PM-1140x761.jpeg 1140w, https:\/\/atecordoba.org\/wp-content\/uploads\/2022\/04\/WhatsApp-Image-2022-04-29-at-1.06.06-PM.jpeg 1280w\" sizes=\"auto, (max-width: 1024px) 100vw, 1024px\" \/><\/figure>\n\n\n\n<figure class=\"wp-block-image size-large\"><img loading=\"lazy\" decoding=\"async\" width=\"1024\" height=\"683\" data-id=\"31707\" src=\"https:\/\/atecordoba.org\/wp-content\/uploads\/2022\/04\/WhatsApp-Image-2022-04-29-at-1.06.08-PM-1-1024x683.jpeg\" alt=\"\" class=\"wp-image-31707\" srcset=\"https:\/\/atecordoba.org\/wp-content\/uploads\/2022\/04\/WhatsApp-Image-2022-04-29-at-1.06.08-PM-1-1024x683.jpeg 1024w, https:\/\/atecordoba.org\/wp-content\/uploads\/2022\/04\/WhatsApp-Image-2022-04-29-at-1.06.08-PM-1-300x200.jpeg 300w, https:\/\/atecordoba.org\/wp-content\/uploads\/2022\/04\/WhatsApp-Image-2022-04-29-at-1.06.08-PM-1-768x512.jpeg 768w, https:\/\/atecordoba.org\/wp-content\/uploads\/2022\/04\/WhatsApp-Image-2022-04-29-at-1.06.08-PM-1-750x500.jpeg 750w, https:\/\/atecordoba.org\/wp-content\/uploads\/2022\/04\/WhatsApp-Image-2022-04-29-at-1.06.08-PM-1-1140x761.jpeg 1140w, https:\/\/atecordoba.org\/wp-content\/uploads\/2022\/04\/WhatsApp-Image-2022-04-29-at-1.06.08-PM-1.jpeg 1280w\" sizes=\"auto, (max-width: 1024px) 100vw, 1024px\" \/><\/figure>\n\n\n\n<figure class=\"wp-block-image size-large\"><img loading=\"lazy\" decoding=\"async\" width=\"1024\" height=\"683\" data-id=\"31712\" src=\"https:\/\/atecordoba.org\/wp-content\/uploads\/2022\/04\/WhatsApp-Image-2022-04-29-at-1.06.08-PM-2-1024x683.jpeg\" alt=\"\" class=\"wp-image-31712\" srcset=\"https:\/\/atecordoba.org\/wp-content\/uploads\/2022\/04\/WhatsApp-Image-2022-04-29-at-1.06.08-PM-2-1024x683.jpeg 1024w, https:\/\/atecordoba.org\/wp-content\/uploads\/2022\/04\/WhatsApp-Image-2022-04-29-at-1.06.08-PM-2-300x200.jpeg 300w, https:\/\/atecordoba.org\/wp-content\/uploads\/2022\/04\/WhatsApp-Image-2022-04-29-at-1.06.08-PM-2-768x512.jpeg 768w, https:\/\/atecordoba.org\/wp-content\/uploads\/2022\/04\/WhatsApp-Image-2022-04-29-at-1.06.08-PM-2-750x500.jpeg 750w, https:\/\/atecordoba.org\/wp-content\/uploads\/2022\/04\/WhatsApp-Image-2022-04-29-at-1.06.08-PM-2-1140x761.jpeg 1140w, https:\/\/atecordoba.org\/wp-content\/uploads\/2022\/04\/WhatsApp-Image-2022-04-29-at-1.06.08-PM-2.jpeg 1280w\" sizes=\"auto, (max-width: 1024px) 100vw, 1024px\" \/><\/figure>\n\n\n\n<figure class=\"wp-block-image size-large\"><img loading=\"lazy\" decoding=\"async\" width=\"1024\" height=\"683\" data-id=\"31713\" src=\"https:\/\/atecordoba.org\/wp-content\/uploads\/2022\/04\/WhatsApp-Image-2022-04-29-at-1.06.08-PM-1024x683.jpeg\" alt=\"\" class=\"wp-image-31713\" \/><\/figure>\n<\/figure>\n\n\n\n<figure class=\"wp-block-gallery has-nested-images columns-default is-cropped wp-block-gallery-2 is-layout-flex wp-block-gallery-is-layout-flex\"><\/figure>\n","protected":false},"excerpt":{"rendered":"<p>Despu\u00e9s de dos a\u00f1os de pandemia de Covid19 que disidi\u00f3 al Ministerio de Trabajo de la Naci\u00f3n a interrumpir la realizaci\u00f3n de congresos de todas las organizaciones sindicales, hoy dio comienzo el XXIV Congreso Provincial Ordinario y Extraordinario de ATE C\u00f3rdoba, en la ciudad de San Francisco. En la ocasi\u00f3n, 149 congresales provinciales se acreditaron [&hellip;]<\/p>\n","protected":false},"author":7,"featured_media":31713,"comment_status":"open","ping_status":"open","sticky":false,"template":"","format":"standard","meta":{"_exactmetrics_skip_tracking":false,"_exactmetrics_sitenote_active":false,"_exactmetrics_sitenote_note":"","_exactmetrics_sitenote_category":0,"jnews-multi-image_gallery":[],"jnews_single_post":{"subtitle":"El secretario General Federico Giuliani preside el conclave donde, en primer t\u00e9rmino, se debate la aprobaci\u00f3n de la Memoria y Balance lo actuado en los periodos 2019,2020 y 2021.","format":"standard","video":"","gallery":"","source_name":"","source_url":"","via_name":"","via_url":"","override_template":"0","override":[{"template":"1","single_blog_custom":"","parallax":"1","fullscreen":"1","layout":"right-sidebar","sidebar":"default-sidebar","second_sidebar":"default-sidebar","sticky_sidebar":"1","share_position":"top","share_float_style":"share-monocrhome","show_share_counter":"1","show_view_counter":"1","show_featured":"1","show_post_meta":"1","show_post_author":"1","show_post_author_image":"1","show_post_date":"1","post_date_format":"default","post_date_format_custom":"Y\/m\/d","show_post_category":"1","show_post_reading_time":"0","post_reading_time_wpm":"300","show_zoom_button":"0","zoom_button_out_step":"2","zoom_button_in_step":"3","show_post_tag":"1","show_prev_next_post":"1","show_popup_post":"1","number_popup_post":"1","show_author_box":"0","show_post_related":"0","show_inline_post_related":"0"}],"override_image_size":"0","image_override":[{"single_post_thumbnail_size":"crop-500","single_post_gallery_size":"crop-500"}],"trending_post":"0","trending_post_position":"meta","trending_post_label":"Trending","sponsored_post":"0","sponsored_post_label":"Sponsored by","sponsored_post_name":"","sponsored_post_url":"","sponsored_post_logo_enable":"0","sponsored_post_logo":"","sponsored_post_desc":"","disable_ad":"0"},"jnews_primary_category":{"id":""},"jnews_social_meta":{"fb_title":"","fb_description":"","fb_image":"","twitter_title":"","twitter_description":"","twitter_image":""},"jnews_review":[],"enable_review":"0","type":"percentage","name":"","summary":"","brand":"","sku":"","good":[{"good_text":""}],"bad":[{"bad_text":""}],"score_override":"","override_value":"","rating":[{"rating_text":"","rating_number":"10"}],"price":[{"shop":"","price":"","link":"","icon":""}],"jnews_override_counter":{"override_view_counter":"0","view_counter_number":"0","override_share_counter":"0","share_counter_number":"0","override_like_counter":"0","like_counter_number":"0","override_dislike_counter":"0","dislike_counter_number":"0"},"jnews_post_split":{"enable_post_split":"0","post_split":[{"template":"1","tag":"h2","numbering":"asc","mode":"normal","first":"0","enable_toc":"0","toc_type":"normal"}]},"footnotes":""},"categories":[341],"tags":[1101],"class_list":["post-31700","post","type-post","status-publish","format-standard","has-post-thumbnail","hentry","category-cdp","tag-xxiv-congreso-provincial-san-francisco"],"jetpack_featured_media_url":"https:\/\/atecordoba.org\/wp-content\/uploads\/2022\/04\/WhatsApp-Image-2022-04-29-at-1.06.08-PM-e1651251290993.jpeg","_links":{"self":[{"href":"https:\/\/atecordoba.org\/index.php?rest_route=\/wp\/v2\/posts\/31700","targetHints":{"allow":["GET"]}}],"collection":[{"href":"https:\/\/atecordoba.org\/index.php?rest_route=\/wp\/v2\/posts"}],"about":[{"href":"https:\/\/atecordoba.org\/index.php?rest_route=\/wp\/v2\/types\/post"}],"author":[{"embeddable":true,"href":"https:\/\/atecordoba.org\/index.php?rest_route=\/wp\/v2\/users\/7"}],"replies":[{"embeddable":true,"href":"https:\/\/atecordoba.org\/index.php?rest_route=%2Fwp%2Fv2%2Fcomments&post=31700"}],"version-history":[{"count":1,"href":"https:\/\/atecordoba.org\/index.php?rest_route=\/wp\/v2\/posts\/31700\/revisions"}],"predecessor-version":[{"id":31716,"href":"https:\/\/atecordoba.org\/index.php?rest_route=\/wp\/v2\/posts\/31700\/revisions\/31716"}],"wp:featuredmedia":[{"embeddable":true,"href":"https:\/\/atecordoba.org\/index.php?rest_route=\/wp\/v2\/media\/31713"}],"wp:attachment":[{"href":"https:\/\/atecordoba.org\/index.php?rest_route=%2Fwp%2Fv2%2Fmedia&parent=31700"}],"wp:term":[{"taxonomy":"category","embeddable":true,"href":"https:\/\/atecordoba.org\/index.php?rest_route=%2Fwp%2Fv2%2Fcategories&post=31700"},{"taxonomy":"post_tag","embeddable":true,"href":"https:\/\/atecordoba.org\/index.php?rest_route=%2Fwp%2Fv2%2Ftags&post=31700"}],"curies":[{"name":"wp","href":"https:\/\/api.w.org\/{rel}","templated":true}]}}