{"id":31685,"date":"2022-04-28T14:42:15","date_gmt":"2022-04-28T17:42:15","guid":{"rendered":"https:\/\/atecordoba.org\/?p=31685"},"modified":"2022-04-28T14:42:31","modified_gmt":"2022-04-28T17:42:31","slug":"asamblea-repudia-el-cierre-del-ipad","status":"publish","type":"post","link":"https:\/\/atecordoba.org\/?p=31685","title":{"rendered":"Asamblea repudia el cierre del IPAD"},"content":{"rendered":"\n<div class=\"wp-block-image\"><figure class=\"aligncenter size-large is-resized\"><img loading=\"lazy\" decoding=\"async\" src=\"https:\/\/atecordoba.org\/wp-content\/uploads\/2022\/04\/20220428_104113-1024x576.jpg\" alt=\"\" class=\"wp-image-31686\" width=\"768\" height=\"432\" \/><\/figure><\/div>\n\n\n\n<p>Esta ma\u00f1ana se llev\u00f3 a cabo una asamblea frente al ingreso del Instituto Provincial de Alcoholismo y Drogadicci\u00f3n (IPAD) ante el cierre del organismo ordenado por el Gobierno de la Provincia de manera abrupta y sin explicaci\u00f3n alguna.<\/p>\n\n\n\n<p>Frente a la supuesta ejecuci\u00f3n de obras de refacci\u00f3n que aduce el Ministerio de Salud, desde ATE C\u00f3rdoba, UTS, la CTAA y organizaciones barriales se puse la voz de alerta, temiendo el posible cierre definitivo de la dependencia y la convocatoria a una asamblea en el lugar. <\/p>\n\n\n\n<p>Posteriormente, las y los compa\u00f1eros presentes intentaron hacer llegar la protesta hasta las puertas de la Casa de Gobierno, pero el ingreso a las adyacencias de El Panal estuvo bloqueado por la Polic\u00eda de la Provincia en el Puente de calle Rosario de Santa Fe. <\/p>\n\n\n\n<figure class=\"wp-block-embed alignleft is-type-rich is-provider-twitter wp-block-embed-twitter\"><div class=\"wp-block-embed__wrapper\">\n<blockquote class=\"twitter-tweet\" data-width=\"500\" data-dnt=\"true\"><p lang=\"es\" dir=\"ltr\"><a href=\"https:\/\/twitter.com\/hashtag\/Ahora?src=hash&amp;ref_src=twsrc%5Etfw\">#Ahora<\/a> | ATE C\u00f3rdoba dice \u00a1NO AL CIERRE DEL <a href=\"https:\/\/twitter.com\/hashtag\/IPAD?src=hash&amp;ref_src=twsrc%5Etfw\">#IPAD<\/a>!\u00a1La Salud Mental se defiende!<br>La Asamblea decidi\u00f3 movilizarse hasta el Panal pero la Polic\u00eda de C\u00f3rdoba no lo permite.<br>Mi\u00e9rcoles 4, nueva movilizaci\u00f3n frente a IPAD.<a href=\"https:\/\/twitter.com\/hashtag\/NoAlCierreIPAD?src=hash&amp;ref_src=twsrc%5Etfw\">#NoAlCierreIPAD<\/a> <a href=\"https:\/\/twitter.com\/minsaludcba?ref_src=twsrc%5Etfw\">@minsaludcba<\/a> <a href=\"https:\/\/twitter.com\/msalnacion?ref_src=twsrc%5Etfw\">@msalnacion<\/a> <a href=\"https:\/\/t.co\/IXyqHDSI9J\">pic.twitter.com\/IXyqHDSI9J<\/a><\/p>&mdash; ATE C\u00f3rdoba (@ATECordoba) <a href=\"https:\/\/twitter.com\/ATECordoba\/status\/1519685737964130304?ref_src=twsrc%5Etfw\">April 28, 2022<\/a><\/blockquote><script async src=\"https:\/\/platform.twitter.com\/widgets.js\" charset=\"utf-8\"><\/script>\n<\/div><\/figure>\n\n\n\n<p>El IPAD es el \u00fanico instituto de sus caracter\u00edstica con que cuenta el Estado provincial para el tratamiento espec\u00edfico de las adicciones y es destino de las derivaciones judiciales de personas con problemas de drogadependiencia, as\u00ed como el lugar a donde se atienden las y los pacientes vulnerados, integrantes de las familias m\u00e1s pobres de la ciudad de C\u00f3rdoba. <\/p>\n\n\n\n<p>La sospecha permanente que ronda el IPAD, as\u00ed como el Hospital Neuropsiqui\u00e1trico y el resto de las dependencias de asistencia psiqui\u00e1trica del sector, es el que proyecto un emprendimiento inmobiliario para esa manzana, ubicada en un sector estrat\u00e9gico y apetecible para los desarrollistas que tiene el ojo puesto en terrenos fiscales para la especulaci\u00f3n inmobiliaria.<\/p>\n\n\n\n<p><strong>Pol\u00edtica de desguace<\/strong><\/p>\n\n\n\n<p>En la oportunidad, el secretario General de ATE C\u00f3rdoba, Federico Giuliani, denunci\u00f3 que &#8220;este cierre del IPAD tiene que ver con una pol\u00edtica de desguace del gobierno Provincial. Hoy hablamos de la salud, pero tambi\u00e9n pasa en la Educaci\u00f3n, en la Atenci\u00f3n Comunitaria en las barriadas. Para este gobierno provincial todo lo que tiene que ver con lo p\u00fablico es objeto de negocio, pero para nosotros y nosotras es un derecho. Las excusas que ponen es un \u2018<em>modus operandi\u2019<\/em> cl\u00e1sico: cerrado por mejoras. \u00bfD\u00f3nde vamos a ver despu\u00e9s las mejoras? Sabemos que es un cierre encubierto y afecta a los pibes y las pibas, a los compa\u00f1eros y compa\u00f1eras de los barrios populares, que no solo sufren las pol\u00edticas de ajuste de este gobierno, sino que tambi\u00e9n viven el avance de los narcos, de la narcopolic\u00eda, de la represi\u00f3n policial, del gatillo f\u00e1cil, que son v\u00edctimas de las adicciones, precisamente, para que no se puedan organizar para cambiar y dar vuelta esta historia&#8221;.<\/p>\n\n\n\n<p>El dirigente alent\u00f3 a no quedarse en la denuncia. &#8220;Hay que actuar, celebramos la convocatoria y tenemos que seguir ampliando la cancha, con un llamado abierto y plural para tratar de organizar y planificar la pelea. Nos solidarizamos con las y los trabajadores del IPAD. Sabemos que el gobierno estuvo apretando para que no vengan a este acto. Creemos que la salida es colectiva y no tenemos que dejar que esta instituci\u00f3n cierre&#8221;.<\/p>\n\n\n\n<p>Y record\u00f3 cuando el Gobierno Provincial <a href=\"https:\/\/atecordoba.org\/?p=21984\">desmantel\u00f3 el Equipo de Atenci\u00f3n Comunitaria de Villa Libertador<\/a>. \u201cHay una pol\u00edtica perversa de avance sobre lo p\u00fablico y orientada contra la salud mental, incluso en plena pandemia\u201d, cerr\u00f3 Giuliani y record\u00f3 a la referente de Abuelas de Plaza de Mayo, Sonia Torres, que recibi\u00f3 un homenaje en ATE durante el Mes de la Memoria: &#8220;Sonia nos dijo, con 92 a\u00f1os, que la \u00fanica lucha que se pierde es la que se abandona. Por eso, a seguir luchando en la unidad en acci\u00f3n para dar vuelta la tortilla&#8221;.<\/p>\n\n\n\n<p><strong>Elecci\u00f3n de nueva delegada de ATE en Casa del Joven<\/strong><\/p>\n\n\n\n<div class=\"wp-block-image\"><figure class=\"aligncenter size-large is-resized\"><img loading=\"lazy\" decoding=\"async\" src=\"https:\/\/atecordoba.org\/wp-content\/uploads\/2022\/04\/delegada-casa-del-joven-1024x768.jpeg\" alt=\"\" class=\"wp-image-31688\" width=\"512\" height=\"384\" srcset=\"https:\/\/atecordoba.org\/wp-content\/uploads\/2022\/04\/delegada-casa-del-joven-1024x768.jpeg 1024w, https:\/\/atecordoba.org\/wp-content\/uploads\/2022\/04\/delegada-casa-del-joven-300x225.jpeg 300w, https:\/\/atecordoba.org\/wp-content\/uploads\/2022\/04\/delegada-casa-del-joven-768x576.jpeg 768w, https:\/\/atecordoba.org\/wp-content\/uploads\/2022\/04\/delegada-casa-del-joven-750x563.jpeg 750w, https:\/\/atecordoba.org\/wp-content\/uploads\/2022\/04\/delegada-casa-del-joven-1140x855.jpeg 1140w, https:\/\/atecordoba.org\/wp-content\/uploads\/2022\/04\/delegada-casa-del-joven.jpeg 1280w\" sizes=\"auto, (max-width: 512px) 100vw, 512px\" \/><\/figure><\/div>\n\n\n\n<p>Al mismo tiempo que se desarrollaba la asamblea, en la Casa del Joven, organismo que integra el complejo de atenci\u00f3n psiqui\u00e1trica en el sector, se llev\u00f3 a cabo la elecci\u00f3n representantes gremiales de ATE. <\/p>\n\n\n\n<p>Con gran afluencia de compa\u00f1eros y compa\u00f1eros que fueron a votar, result\u00f3 electa la delegada Laura Rosales, que ejercer\u00e1 mandato por los pr\u00f3ximos dos a\u00f1os en el sector. <\/p>\n\n\n\n<figure class=\"wp-block-gallery has-nested-images columns-default is-cropped wp-block-gallery-1 is-layout-flex wp-block-gallery-is-layout-flex\">\n<figure class=\"wp-block-image size-large\"><img loading=\"lazy\" decoding=\"async\" width=\"1024\" height=\"576\" data-id=\"31697\" src=\"https:\/\/atecordoba.org\/wp-content\/uploads\/2022\/04\/20220428_102248-1024x576.jpg\" alt=\"\" class=\"wp-image-31697\" srcset=\"https:\/\/atecordoba.org\/wp-content\/uploads\/2022\/04\/20220428_102248-1024x576.jpg 1024w, https:\/\/atecordoba.org\/wp-content\/uploads\/2022\/04\/20220428_102248-300x169.jpg 300w, https:\/\/atecordoba.org\/wp-content\/uploads\/2022\/04\/20220428_102248-768x432.jpg 768w, https:\/\/atecordoba.org\/wp-content\/uploads\/2022\/04\/20220428_102248-1536x864.jpg 1536w, https:\/\/atecordoba.org\/wp-content\/uploads\/2022\/04\/20220428_102248-2048x1152.jpg 2048w, https:\/\/atecordoba.org\/wp-content\/uploads\/2022\/04\/20220428_102248-750x422.jpg 750w, https:\/\/atecordoba.org\/wp-content\/uploads\/2022\/04\/20220428_102248-1140x641.jpg 1140w\" sizes=\"auto, (max-width: 1024px) 100vw, 1024px\" \/><\/figure>\n\n\n\n<figure class=\"wp-block-image size-large\"><img loading=\"lazy\" decoding=\"async\" width=\"1024\" height=\"576\" data-id=\"31692\" src=\"https:\/\/atecordoba.org\/wp-content\/uploads\/2022\/04\/20220428_103214-1024x576.jpg\" alt=\"\" class=\"wp-image-31692\" srcset=\"https:\/\/atecordoba.org\/wp-content\/uploads\/2022\/04\/20220428_103214-1024x576.jpg 1024w, https:\/\/atecordoba.org\/wp-content\/uploads\/2022\/04\/20220428_103214-300x169.jpg 300w, https:\/\/atecordoba.org\/wp-content\/uploads\/2022\/04\/20220428_103214-768x432.jpg 768w, https:\/\/atecordoba.org\/wp-content\/uploads\/2022\/04\/20220428_103214-1536x864.jpg 1536w, https:\/\/atecordoba.org\/wp-content\/uploads\/2022\/04\/20220428_103214-2048x1152.jpg 2048w, https:\/\/atecordoba.org\/wp-content\/uploads\/2022\/04\/20220428_103214-750x422.jpg 750w, https:\/\/atecordoba.org\/wp-content\/uploads\/2022\/04\/20220428_103214-1140x641.jpg 1140w\" sizes=\"auto, (max-width: 1024px) 100vw, 1024px\" \/><\/figure>\n\n\n\n<figure class=\"wp-block-image size-large\"><img loading=\"lazy\" decoding=\"async\" width=\"1024\" height=\"576\" data-id=\"31696\" src=\"https:\/\/atecordoba.org\/wp-content\/uploads\/2022\/04\/20220428_103730-1-1024x576.jpg\" alt=\"\" class=\"wp-image-31696\" srcset=\"https:\/\/atecordoba.org\/wp-content\/uploads\/2022\/04\/20220428_103730-1-1024x576.jpg 1024w, https:\/\/atecordoba.org\/wp-content\/uploads\/2022\/04\/20220428_103730-1-300x169.jpg 300w, https:\/\/atecordoba.org\/wp-content\/uploads\/2022\/04\/20220428_103730-1-768x432.jpg 768w, https:\/\/atecordoba.org\/wp-content\/uploads\/2022\/04\/20220428_103730-1-1536x864.jpg 1536w, https:\/\/atecordoba.org\/wp-content\/uploads\/2022\/04\/20220428_103730-1-2048x1152.jpg 2048w, https:\/\/atecordoba.org\/wp-content\/uploads\/2022\/04\/20220428_103730-1-750x422.jpg 750w, https:\/\/atecordoba.org\/wp-content\/uploads\/2022\/04\/20220428_103730-1-1140x641.jpg 1140w\" sizes=\"auto, (max-width: 1024px) 100vw, 1024px\" \/><\/figure>\n\n\n\n<figure class=\"wp-block-image size-large\"><img loading=\"lazy\" decoding=\"async\" width=\"1024\" height=\"576\" data-id=\"31695\" src=\"https:\/\/atecordoba.org\/wp-content\/uploads\/2022\/04\/20220428_103759-1024x576.jpg\" alt=\"\" class=\"wp-image-31695\" srcset=\"https:\/\/atecordoba.org\/wp-content\/uploads\/2022\/04\/20220428_103759-1024x576.jpg 1024w, https:\/\/atecordoba.org\/wp-content\/uploads\/2022\/04\/20220428_103759-300x169.jpg 300w, https:\/\/atecordoba.org\/wp-content\/uploads\/2022\/04\/20220428_103759-768x432.jpg 768w, https:\/\/atecordoba.org\/wp-content\/uploads\/2022\/04\/20220428_103759-1536x864.jpg 1536w, https:\/\/atecordoba.org\/wp-content\/uploads\/2022\/04\/20220428_103759-2048x1152.jpg 2048w, https:\/\/atecordoba.org\/wp-content\/uploads\/2022\/04\/20220428_103759-750x422.jpg 750w, https:\/\/atecordoba.org\/wp-content\/uploads\/2022\/04\/20220428_103759-1140x641.jpg 1140w\" sizes=\"auto, (max-width: 1024px) 100vw, 1024px\" \/><\/figure>\n\n\n\n<figure class=\"wp-block-image size-large\"><img loading=\"lazy\" decoding=\"async\" width=\"1024\" height=\"576\" data-id=\"31694\" src=\"https:\/\/atecordoba.org\/wp-content\/uploads\/2022\/04\/20220428_103808-1024x576.jpg\" alt=\"\" class=\"wp-image-31694\" srcset=\"https:\/\/atecordoba.org\/wp-content\/uploads\/2022\/04\/20220428_103808-1024x576.jpg 1024w, https:\/\/atecordoba.org\/wp-content\/uploads\/2022\/04\/20220428_103808-300x169.jpg 300w, https:\/\/atecordoba.org\/wp-content\/uploads\/2022\/04\/20220428_103808-768x432.jpg 768w, https:\/\/atecordoba.org\/wp-content\/uploads\/2022\/04\/20220428_103808-1536x864.jpg 1536w, https:\/\/atecordoba.org\/wp-content\/uploads\/2022\/04\/20220428_103808-2048x1152.jpg 2048w, https:\/\/atecordoba.org\/wp-content\/uploads\/2022\/04\/20220428_103808-750x422.jpg 750w, https:\/\/atecordoba.org\/wp-content\/uploads\/2022\/04\/20220428_103808-1140x641.jpg 1140w\" sizes=\"auto, (max-width: 1024px) 100vw, 1024px\" \/><\/figure>\n\n\n\n<figure class=\"wp-block-image size-large\"><img loading=\"lazy\" decoding=\"async\" width=\"1024\" height=\"576\" data-id=\"31698\" src=\"https:\/\/atecordoba.org\/wp-content\/uploads\/2022\/04\/20220428_103853-1024x576.jpg\" alt=\"\" class=\"wp-image-31698\" srcset=\"https:\/\/atecordoba.org\/wp-content\/uploads\/2022\/04\/20220428_103853-1024x576.jpg 1024w, https:\/\/atecordoba.org\/wp-content\/uploads\/2022\/04\/20220428_103853-300x169.jpg 300w, https:\/\/atecordoba.org\/wp-content\/uploads\/2022\/04\/20220428_103853-768x432.jpg 768w, https:\/\/atecordoba.org\/wp-content\/uploads\/2022\/04\/20220428_103853-1536x864.jpg 1536w, https:\/\/atecordoba.org\/wp-content\/uploads\/2022\/04\/20220428_103853-2048x1152.jpg 2048w, https:\/\/atecordoba.org\/wp-content\/uploads\/2022\/04\/20220428_103853-750x422.jpg 750w, https:\/\/atecordoba.org\/wp-content\/uploads\/2022\/04\/20220428_103853-1140x641.jpg 1140w\" sizes=\"auto, (max-width: 1024px) 100vw, 1024px\" \/><\/figure>\n\n\n\n<figure class=\"wp-block-image size-large\"><img loading=\"lazy\" decoding=\"async\" width=\"1024\" height=\"576\" data-id=\"31689\" src=\"https:\/\/atecordoba.org\/wp-content\/uploads\/2022\/04\/WhatsApp-Image-2022-04-28-at-11.21.18-AM-1-1024x576.jpeg\" alt=\"\" class=\"wp-image-31689\" srcset=\"https:\/\/atecordoba.org\/wp-content\/uploads\/2022\/04\/WhatsApp-Image-2022-04-28-at-11.21.18-AM-1-1024x576.jpeg 1024w, https:\/\/atecordoba.org\/wp-content\/uploads\/2022\/04\/WhatsApp-Image-2022-04-28-at-11.21.18-AM-1-300x169.jpeg 300w, https:\/\/atecordoba.org\/wp-content\/uploads\/2022\/04\/WhatsApp-Image-2022-04-28-at-11.21.18-AM-1-768x432.jpeg 768w, https:\/\/atecordoba.org\/wp-content\/uploads\/2022\/04\/WhatsApp-Image-2022-04-28-at-11.21.18-AM-1-750x422.jpeg 750w, https:\/\/atecordoba.org\/wp-content\/uploads\/2022\/04\/WhatsApp-Image-2022-04-28-at-11.21.18-AM-1.jpeg 1032w\" sizes=\"auto, (max-width: 1024px) 100vw, 1024px\" \/><\/figure>\n\n\n\n<figure class=\"wp-block-image size-large\"><img loading=\"lazy\" decoding=\"async\" width=\"1024\" height=\"576\" data-id=\"31690\" src=\"https:\/\/atecordoba.org\/wp-content\/uploads\/2022\/04\/WhatsApp-Image-2022-04-28-at-11.21.18-AM-2-1024x576.jpeg\" alt=\"\" class=\"wp-image-31690\" srcset=\"https:\/\/atecordoba.org\/wp-content\/uploads\/2022\/04\/WhatsApp-Image-2022-04-28-at-11.21.18-AM-2-1024x576.jpeg 1024w, https:\/\/atecordoba.org\/wp-content\/uploads\/2022\/04\/WhatsApp-Image-2022-04-28-at-11.21.18-AM-2-300x169.jpeg 300w, https:\/\/atecordoba.org\/wp-content\/uploads\/2022\/04\/WhatsApp-Image-2022-04-28-at-11.21.18-AM-2-768x432.jpeg 768w, https:\/\/atecordoba.org\/wp-content\/uploads\/2022\/04\/WhatsApp-Image-2022-04-28-at-11.21.18-AM-2-750x422.jpeg 750w, https:\/\/atecordoba.org\/wp-content\/uploads\/2022\/04\/WhatsApp-Image-2022-04-28-at-11.21.18-AM-2.jpeg 1032w\" sizes=\"auto, (max-width: 1024px) 100vw, 1024px\" \/><\/figure>\n\n\n\n<figure class=\"wp-block-image size-large\"><img loading=\"lazy\" decoding=\"async\" width=\"1024\" height=\"846\" data-id=\"31691\" src=\"https:\/\/atecordoba.org\/wp-content\/uploads\/2022\/04\/WhatsApp-Image-2022-04-28-at-11.21.18-AM-1024x846.jpeg\" alt=\"\" class=\"wp-image-31691\" srcset=\"https:\/\/atecordoba.org\/wp-content\/uploads\/2022\/04\/WhatsApp-Image-2022-04-28-at-11.21.18-AM-1024x846.jpeg 1024w, https:\/\/atecordoba.org\/wp-content\/uploads\/2022\/04\/WhatsApp-Image-2022-04-28-at-11.21.18-AM-300x248.jpeg 300w, https:\/\/atecordoba.org\/wp-content\/uploads\/2022\/04\/WhatsApp-Image-2022-04-28-at-11.21.18-AM-768x634.jpeg 768w, https:\/\/atecordoba.org\/wp-content\/uploads\/2022\/04\/WhatsApp-Image-2022-04-28-at-11.21.18-AM-750x619.jpeg 750w, https:\/\/atecordoba.org\/wp-content\/uploads\/2022\/04\/WhatsApp-Image-2022-04-28-at-11.21.18-AM-1140x941.jpeg 1140w, https:\/\/atecordoba.org\/wp-content\/uploads\/2022\/04\/WhatsApp-Image-2022-04-28-at-11.21.18-AM.jpeg 1280w\" sizes=\"auto, (max-width: 1024px) 100vw, 1024px\" \/><\/figure>\n<\/figure>\n\n\n\n<p><\/p>\n\n\n\n<p><\/p>\n","protected":false},"excerpt":{"rendered":"<p>Esta ma\u00f1ana se llev\u00f3 a cabo una asamblea frente al ingreso del Instituto Provincial de Alcoholismo y Drogadicci\u00f3n (IPAD) ante el cierre del organismo ordenado por el Gobierno de la Provincia de manera abrupta y sin explicaci\u00f3n alguna. Frente a la supuesta ejecuci\u00f3n de obras de refacci\u00f3n que aduce el Ministerio de Salud, desde ATE [&hellip;]<\/p>\n","protected":false},"author":7,"featured_media":31686,"comment_status":"open","ping_status":"open","sticky":false,"template":"","format":"standard","meta":{"_exactmetrics_skip_tracking":false,"_exactmetrics_sitenote_active":false,"_exactmetrics_sitenote_note":"","_exactmetrics_sitenote_category":0,"jnews-multi-image_gallery":[],"jnews_single_post":{"subtitle":"El secretario General de ATE C\u00f3rdoba, Federico Giuliani, dijo que la medida forma parte de una pol\u00edtica de desguace del Estado que lleva adelante el gobierno de Schiaretti.","format":"standard","video":"","gallery":"","source_name":"","source_url":"","via_name":"","via_url":"","override_template":"0","override":[{"template":"1","single_blog_custom":"","parallax":"1","fullscreen":"1","layout":"right-sidebar","sidebar":"default-sidebar","second_sidebar":"default-sidebar","sticky_sidebar":"1","share_position":"top","share_float_style":"share-monocrhome","show_share_counter":"1","show_view_counter":"1","show_featured":"1","show_post_meta":"1","show_post_author":"1","show_post_author_image":"1","show_post_date":"1","post_date_format":"default","post_date_format_custom":"Y\/m\/d","show_post_category":"1","show_post_reading_time":"0","post_reading_time_wpm":"300","show_zoom_button":"0","zoom_button_out_step":"2","zoom_button_in_step":"3","show_post_tag":"1","show_prev_next_post":"1","show_popup_post":"1","number_popup_post":"1","show_author_box":"0","show_post_related":"0","show_inline_post_related":"0"}],"override_image_size":"0","image_override":[{"single_post_thumbnail_size":"crop-500","single_post_gallery_size":"crop-500"}],"trending_post":"0","trending_post_position":"meta","trending_post_label":"Trending","sponsored_post":"0","sponsored_post_label":"Sponsored by","sponsored_post_name":"","sponsored_post_url":"","sponsored_post_logo_enable":"0","sponsored_post_logo":"","sponsored_post_desc":"","disable_ad":"0"},"jnews_primary_category":{"id":""},"jnews_social_meta":{"fb_title":"Provinciales: asamblea repudia el cierre del IPAD","fb_description":"","fb_image":"","twitter_title":"","twitter_description":"","twitter_image":""},"jnews_review":[],"enable_review":"0","type":"percentage","name":"","summary":"","brand":"","sku":"","good":[{"good_text":""}],"bad":[{"bad_text":""}],"score_override":"","override_value":"","rating":[{"rating_text":"","rating_number":"10"}],"price":[{"shop":"","price":"","link":"","icon":""}],"jnews_override_counter":{"override_view_counter":"0","view_counter_number":"0","override_share_counter":"0","share_counter_number":"0","override_like_counter":"0","like_counter_number":"0","override_dislike_counter":"0","dislike_counter_number":"0"},"jnews_post_split":{"enable_post_split":"0","post_split":[{"template":"1","tag":"h2","numbering":"asc","mode":"normal","first":"0","enable_toc":"0","toc_type":"normal"}]},"footnotes":""},"categories":[8],"tags":[1100],"class_list":["post-31685","post","type-post","status-publish","format-standard","has-post-thumbnail","hentry","category-provinciales","tag-ipad"],"jetpack_featured_media_url":"https:\/\/atecordoba.org\/wp-content\/uploads\/2022\/04\/20220428_104113-scaled-e1651167718846.jpg","_links":{"self":[{"href":"https:\/\/atecordoba.org\/index.php?rest_route=\/wp\/v2\/posts\/31685","targetHints":{"allow":["GET"]}}],"collection":[{"href":"https:\/\/atecordoba.org\/index.php?rest_route=\/wp\/v2\/posts"}],"about":[{"href":"https:\/\/atecordoba.org\/index.php?rest_route=\/wp\/v2\/types\/post"}],"author":[{"embeddable":true,"href":"https:\/\/atecordoba.org\/index.php?rest_route=\/wp\/v2\/users\/7"}],"replies":[{"embeddable":true,"href":"https:\/\/atecordoba.org\/index.php?rest_route=%2Fwp%2Fv2%2Fcomments&post=31685"}],"version-history":[{"count":1,"href":"https:\/\/atecordoba.org\/index.php?rest_route=\/wp\/v2\/posts\/31685\/revisions"}],"predecessor-version":[{"id":31699,"href":"https:\/\/atecordoba.org\/index.php?rest_route=\/wp\/v2\/posts\/31685\/revisions\/31699"}],"wp:featuredmedia":[{"embeddable":true,"href":"https:\/\/atecordoba.org\/index.php?rest_route=\/wp\/v2\/media\/31686"}],"wp:attachment":[{"href":"https:\/\/atecordoba.org\/index.php?rest_route=%2Fwp%2Fv2%2Fmedia&parent=31685"}],"wp:term":[{"taxonomy":"category","embeddable":true,"href":"https:\/\/atecordoba.org\/index.php?rest_route=%2Fwp%2Fv2%2Fcategories&post=31685"},{"taxonomy":"post_tag","embeddable":true,"href":"https:\/\/atecordoba.org\/index.php?rest_route=%2Fwp%2Fv2%2Ftags&post=31685"}],"curies":[{"name":"wp","href":"https:\/\/api.w.org\/{rel}","templated":true}]}}