{"id":31680,"date":"2022-04-28T13:12:01","date_gmt":"2022-04-28T16:12:01","guid":{"rendered":"https:\/\/atecordoba.org\/?p=31680"},"modified":"2022-04-28T13:12:05","modified_gmt":"2022-04-28T16:12:05","slug":"anac-piden-inspeccion-del-departamento-de-salud-laboral-en-el-aeropuerto-cordoba","status":"publish","type":"post","link":"https:\/\/atecordoba.org\/?p=31680","title":{"rendered":"ANAC: piden inspecci\u00f3n del Departamento de Salud Laboral en el Aeropuerto C\u00f3rdoba"},"content":{"rendered":"\n<div class=\"wp-block-image\"><figure class=\"aligncenter size-full is-resized\"><img loading=\"lazy\" decoding=\"async\" src=\"https:\/\/atecordoba.org\/wp-content\/uploads\/2022\/04\/anac-cordoba.png\" alt=\"\" class=\"wp-image-31681\" width=\"746\" height=\"384\" \/><\/figure><\/div>\n\n\n\n<p>En el D\u00eda Mundial de la Seguridad y la Salud en el Trabajo, que se conmemora hoy 28 de abril, fue una fecha establecida por la OIT para promover la prevenci\u00f3n de accidentes y enfermedades en el \u00e1mbito de trabajo y concientizar sobre la importancia de trabajar en un espacio saludable y seguro.<\/p>\n\n\n\n<p>En ese marco, cabe se\u00f1alar que el lunes pasado el cuerpo de delegados de ATE del Aeropuerto C\u00f3rdoba present\u00f3 pronto despacho para que se realice la inspecci\u00f3n del Departamento de Salud Laboral a los servicios de Sanidad Aeron\u00e1utica, Control Terrestre y Servicio de Salvamento y Extinci\u00f3n de Incendios de la Administraci\u00f3n Nacional de Aviaci\u00f3n Civil (ANAC). \u201cNuestro \u00danico Inter\u00e9s es la Defensa de los Derechos de las y los Trabajadores del organismo\u201d, afirmaron.<\/p>\n\n\n\n<p>Y remarcaron que para ATE, la preservaci\u00f3n de la Salud y la Seguridad de las y los trabajadores es fundamental, destacando a las y los trabajadores de la ANAC que siguen dando batalla al Covid 19 desde el transporte a\u00e9reo, garantizando el ingreso y traslado de vacunas , as\u00ed como equipamiento sanitario, equipos m\u00e9dicos y el traslado de \u00f3rganos cumpliendo los est\u00e1ndares de seguridad operacional en los aeropuertos de todo el pa\u00eds. <\/p>\n\n\n\n<p>&#8220;Fuimos pioneros en la detecci\u00f3n y asistencia de los primeros casos Covid 19 que ingresaron a nuestro pa\u00eds. Contar con el acceso a los equipos de protecci\u00f3n personal necesarias, calzado, para desempe\u00f1ar nuestra labor, como tambi\u00e9n la garant\u00eda de condiciones dignas de trabajo, es un derecho de cada trabajador\/a de ANAC argentina, el cual debemos hacer cumplir&#8221;, concluyen desde ATE ANAC.<\/p>\n","protected":false},"excerpt":{"rendered":"<p>En el D\u00eda Mundial de la Seguridad y la Salud en el Trabajo, que se conmemora hoy 28 de abril, fue una fecha establecida por la OIT para promover la prevenci\u00f3n de accidentes y enfermedades en el \u00e1mbito de trabajo y concientizar sobre la importancia de trabajar en un espacio saludable y seguro. En ese [&hellip;]<\/p>\n","protected":false},"author":7,"featured_media":31681,"comment_status":"open","ping_status":"open","sticky":false,"template":"","format":"standard","meta":{"_exactmetrics_skip_tracking":false,"_exactmetrics_sitenote_active":false,"_exactmetrics_sitenote_note":"","_exactmetrics_sitenote_category":0,"jnews-multi-image_gallery":[],"jnews_single_post":{"subtitle":"\"Contar con el acceso a los equipos de protecci\u00f3n personal necesarias, calzado, para desempe\u00f1ar nuestra labor, como tambi\u00e9n la garant\u00eda de condiciones dignas de trabajo, es un derecho de cada trabajador\/a de ANAC argentina, el cual debemos hacer cumplir\", afirma el cuerpo de delegados de ATE en el organismo. ","format":"standard","video":"","gallery":"","source_name":"","source_url":"","via_name":"","via_url":"","override_template":"0","override":[{"template":"1","single_blog_custom":"","parallax":"1","fullscreen":"1","layout":"right-sidebar","sidebar":"default-sidebar","second_sidebar":"default-sidebar","sticky_sidebar":"1","share_position":"top","share_float_style":"share-monocrhome","show_share_counter":"1","show_view_counter":"1","show_featured":"1","show_post_meta":"1","show_post_author":"1","show_post_author_image":"1","show_post_date":"1","post_date_format":"default","post_date_format_custom":"Y\/m\/d","show_post_category":"1","show_post_reading_time":"0","post_reading_time_wpm":"300","show_zoom_button":"0","zoom_button_out_step":"2","zoom_button_in_step":"3","show_post_tag":"1","show_prev_next_post":"1","show_popup_post":"1","number_popup_post":"1","show_author_box":"0","show_post_related":"0","show_inline_post_related":"0"}],"override_image_size":"0","image_override":[{"single_post_thumbnail_size":"crop-500","single_post_gallery_size":"crop-500"}],"trending_post":"0","trending_post_position":"meta","trending_post_label":"Trending","sponsored_post":"0","sponsored_post_label":"Sponsored by","sponsored_post_name":"","sponsored_post_url":"","sponsored_post_logo_enable":"0","sponsored_post_logo":"","sponsored_post_desc":"","disable_ad":"0"},"jnews_primary_category":{"id":""},"jnews_social_meta":{"fb_title":"","fb_description":"","fb_image":"","twitter_title":"","twitter_description":"","twitter_image":""},"jnews_review":[],"enable_review":"0","type":"percentage","name":"","summary":"","brand":"","sku":"","good":[{"good_text":""}],"bad":[{"bad_text":""}],"score_override":"","override_value":"","rating":[{"rating_text":"","rating_number":"10"}],"price":[{"shop":"","price":"","link":"","icon":""}],"jnews_override_counter":{"override_view_counter":"0","view_counter_number":"0","override_share_counter":"0","share_counter_number":"0","override_like_counter":"0","like_counter_number":"0","override_dislike_counter":"0","dislike_counter_number":"0"},"jnews_post_split":{"enable_post_split":"0","post_split":[{"template":"1","tag":"h2","numbering":"asc","mode":"normal","first":"0","enable_toc":"0","toc_type":"normal"}]},"footnotes":""},"categories":[18],"tags":[33],"class_list":["post-31680","post","type-post","status-publish","format-standard","has-post-thumbnail","hentry","category-nacionales","tag-anac"],"jetpack_featured_media_url":"https:\/\/atecordoba.org\/wp-content\/uploads\/2022\/04\/anac-cordoba-e1651162266181.png","_links":{"self":[{"href":"https:\/\/atecordoba.org\/index.php?rest_route=\/wp\/v2\/posts\/31680","targetHints":{"allow":["GET"]}}],"collection":[{"href":"https:\/\/atecordoba.org\/index.php?rest_route=\/wp\/v2\/posts"}],"about":[{"href":"https:\/\/atecordoba.org\/index.php?rest_route=\/wp\/v2\/types\/post"}],"author":[{"embeddable":true,"href":"https:\/\/atecordoba.org\/index.php?rest_route=\/wp\/v2\/users\/7"}],"replies":[{"embeddable":true,"href":"https:\/\/atecordoba.org\/index.php?rest_route=%2Fwp%2Fv2%2Fcomments&post=31680"}],"version-history":[{"count":1,"href":"https:\/\/atecordoba.org\/index.php?rest_route=\/wp\/v2\/posts\/31680\/revisions"}],"predecessor-version":[{"id":31682,"href":"https:\/\/atecordoba.org\/index.php?rest_route=\/wp\/v2\/posts\/31680\/revisions\/31682"}],"wp:featuredmedia":[{"embeddable":true,"href":"https:\/\/atecordoba.org\/index.php?rest_route=\/wp\/v2\/media\/31681"}],"wp:attachment":[{"href":"https:\/\/atecordoba.org\/index.php?rest_route=%2Fwp%2Fv2%2Fmedia&parent=31680"}],"wp:term":[{"taxonomy":"category","embeddable":true,"href":"https:\/\/atecordoba.org\/index.php?rest_route=%2Fwp%2Fv2%2Fcategories&post=31680"},{"taxonomy":"post_tag","embeddable":true,"href":"https:\/\/atecordoba.org\/index.php?rest_route=%2Fwp%2Fv2%2Ftags&post=31680"}],"curies":[{"name":"wp","href":"https:\/\/api.w.org\/{rel}","templated":true}]}}