{"id":31675,"date":"2022-04-28T12:50:34","date_gmt":"2022-04-28T15:50:34","guid":{"rendered":"https:\/\/atecordoba.org\/?p=31675"},"modified":"2022-04-28T13:19:09","modified_gmt":"2022-04-28T16:19:09","slug":"premian-documental-sobre-trabajadores-de-fadea","status":"publish","type":"post","link":"https:\/\/atecordoba.org\/?p=31675","title":{"rendered":"Premian documental sobre trabajadores de FAdeA"},"content":{"rendered":"\n<figure class=\"wp-block-video\"><video controls src=\"https:\/\/atecordoba.org\/wp-content\/uploads\/2022\/04\/VID-20220428-WA0009.mp4\"><\/video><\/figure>\n\n\n\n\n\n\n\n<p>En 2019 un documental que testimonia el papel de las y los trabajadores de FAdeA result\u00f3 ganador del Premio PLATA en la categor\u00eda &#8220;Gran Organizaci\u00f3n&#8221; del Premio Nacional 5S 2019.<\/p>\n\n\n\n<p>El env\u00edo destaca la labor que cumplen las y los trabajadores, formados y capacitados en la empresa estatal se\u00f1era en la actividad de construir aviones en Latinoam\u00e9rica.<\/p>\n\n\n\n<p>Entre los testimonios recogidos se destaca el del compa\u00f1ero Franco Rojas, afiliado de ATE y parte de la lucha para la reincorporaci\u00f3n de las y los despedidos del macrismo de la firma estatal. <\/p>\n\n\n\n<p>Por otro lado, el \u201cPremio Nacional 5\u2019S\u201d surge de la necesidad de estimular las pr\u00e1cticas de organizaci\u00f3n y productividad utilizadas por las empresas japonesas con probada efectividad, para incorporarlas en las peque\u00f1as y medianas empresas argentinas.\u200b<\/p>\n\n\n\n<p>Desde ATE felicitamos a los compa\u00f1eros y compa\u00f1eras que intervinieron en este <a href=\"https:\/\/www.linkedin.com\/feed\/update\/urn:li:activity:6607416262085664768\/\">gran logro<\/a>. <\/p>\n","protected":false},"excerpt":{"rendered":"<p>En 2019 un documental que testimonia el papel de las y los trabajadores de FAdeA result\u00f3 ganador del Premio PLATA en la categor\u00eda &#8220;Gran Organizaci\u00f3n&#8221; del Premio Nacional 5S 2019. El env\u00edo destaca la labor que cumplen las y los trabajadores, formados y capacitados en la empresa estatal se\u00f1era en la actividad de construir aviones [&hellip;]<\/p>\n","protected":false},"author":7,"featured_media":31677,"comment_status":"open","ping_status":"open","sticky":false,"template":"","format":"standard","meta":{"_exactmetrics_skip_tracking":false,"_exactmetrics_sitenote_active":false,"_exactmetrics_sitenote_note":"","_exactmetrics_sitenote_category":0,"jnews-multi-image_gallery":[],"jnews_single_post":{"subtitle":"Se trata de un reconocimiento a la labor que el personal cumple en la f\u00e1brica de aviones.","format":"standard","video":"","gallery":"","source_name":"","source_url":"","via_name":"","via_url":"","override_template":"0","override":[{"template":"1","single_blog_custom":"","parallax":"1","fullscreen":"1","layout":"right-sidebar","sidebar":"default-sidebar","second_sidebar":"default-sidebar","sticky_sidebar":"1","share_position":"top","share_float_style":"share-monocrhome","show_share_counter":"1","show_view_counter":"1","show_featured":"1","show_post_meta":"1","show_post_author":"1","show_post_author_image":"1","show_post_date":"1","post_date_format":"default","post_date_format_custom":"Y\/m\/d","show_post_category":"1","show_post_reading_time":"0","post_reading_time_wpm":"300","show_zoom_button":"0","zoom_button_out_step":"2","zoom_button_in_step":"3","show_post_tag":"1","show_prev_next_post":"1","show_popup_post":"1","number_popup_post":"1","show_author_box":"0","show_post_related":"0","show_inline_post_related":"0"}],"override_image_size":"0","image_override":[{"single_post_thumbnail_size":"crop-500","single_post_gallery_size":"crop-500"}],"trending_post":"0","trending_post_position":"meta","trending_post_label":"Trending","sponsored_post":"0","sponsored_post_label":"Sponsored by","sponsored_post_name":"","sponsored_post_url":"","sponsored_post_logo_enable":"0","sponsored_post_logo":"","sponsored_post_desc":"","disable_ad":"0"},"jnews_primary_category":{"id":""},"jnews_social_meta":{"fb_title":"","fb_description":"","fb_image":"","twitter_title":"","twitter_description":"","twitter_image":""},"jnews_review":[],"enable_review":"0","type":"percentage","name":"","summary":"","brand":"","sku":"","good":[{"good_text":""}],"bad":[{"bad_text":""}],"score_override":"","override_value":"","rating":[{"rating_text":"","rating_number":"10"}],"price":[{"shop":"","price":"","link":"","icon":""}],"jnews_override_counter":{"override_view_counter":"0","view_counter_number":"0","override_share_counter":"0","share_counter_number":"0","override_like_counter":"0","like_counter_number":"0","override_dislike_counter":"0","dislike_counter_number":"0"},"jnews_post_split":{"enable_post_split":"0","post_split":[{"template":"1","tag":"h2","numbering":"asc","mode":"normal","first":"0","enable_toc":"0","toc_type":"normal"}]},"footnotes":""},"categories":[10],"tags":[165],"class_list":["post-31675","post","type-post","status-publish","format-standard","has-post-thumbnail","hentry","category-accion-politica","tag-fadea"],"jetpack_featured_media_url":"https:\/\/atecordoba.org\/wp-content\/uploads\/2022\/04\/fadea-e1651161013951.jpeg","_links":{"self":[{"href":"https:\/\/atecordoba.org\/index.php?rest_route=\/wp\/v2\/posts\/31675","targetHints":{"allow":["GET"]}}],"collection":[{"href":"https:\/\/atecordoba.org\/index.php?rest_route=\/wp\/v2\/posts"}],"about":[{"href":"https:\/\/atecordoba.org\/index.php?rest_route=\/wp\/v2\/types\/post"}],"author":[{"embeddable":true,"href":"https:\/\/atecordoba.org\/index.php?rest_route=\/wp\/v2\/users\/7"}],"replies":[{"embeddable":true,"href":"https:\/\/atecordoba.org\/index.php?rest_route=%2Fwp%2Fv2%2Fcomments&post=31675"}],"version-history":[{"count":4,"href":"https:\/\/atecordoba.org\/index.php?rest_route=\/wp\/v2\/posts\/31675\/revisions"}],"predecessor-version":[{"id":31684,"href":"https:\/\/atecordoba.org\/index.php?rest_route=\/wp\/v2\/posts\/31675\/revisions\/31684"}],"wp:featuredmedia":[{"embeddable":true,"href":"https:\/\/atecordoba.org\/index.php?rest_route=\/wp\/v2\/media\/31677"}],"wp:attachment":[{"href":"https:\/\/atecordoba.org\/index.php?rest_route=%2Fwp%2Fv2%2Fmedia&parent=31675"}],"wp:term":[{"taxonomy":"category","embeddable":true,"href":"https:\/\/atecordoba.org\/index.php?rest_route=%2Fwp%2Fv2%2Fcategories&post=31675"},{"taxonomy":"post_tag","embeddable":true,"href":"https:\/\/atecordoba.org\/index.php?rest_route=%2Fwp%2Fv2%2Ftags&post=31675"}],"curies":[{"name":"wp","href":"https:\/\/api.w.org\/{rel}","templated":true}]}}