{"id":31668,"date":"2022-04-27T13:58:24","date_gmt":"2022-04-27T16:58:24","guid":{"rendered":"https:\/\/atecordoba.org\/?p=31668"},"modified":"2022-04-27T22:10:51","modified_gmt":"2022-04-28T01:10:51","slug":"este-viernes-se-realizara-el-xxiv-congreso-provincial-en-san-francisco","status":"publish","type":"post","link":"https:\/\/atecordoba.org\/?p=31668","title":{"rendered":"Este viernes se realizar\u00e1 el XXIV Congreso Provincial en San Francisco"},"content":{"rendered":"\n<div class=\"wp-block-image\"><figure class=\"aligncenter size-large is-resized\"><img loading=\"lazy\" decoding=\"async\" src=\"https:\/\/atecordoba.org\/wp-content\/uploads\/2022\/04\/Flyer-Congreso-CDP-2022-San-Francisco-1024x1024.jpg\" alt=\"\" class=\"wp-image-31669\" width=\"768\" height=\"768\" \/><\/figure><\/div>\n\n\n\n<p>Como estaba anunciado, este viernes se desarrollar\u00e1 en la ciudad de San Francisco el XXIV Congreso Provincial Ordinario y Extraordinario de ATE C\u00f3rdoba. <\/p>\n\n\n\n<p>Est\u00e1 previsto que participen 149 congresales de toda la provincia, electos de manera directa en las seis asambleas previas realizadas en las seccionales R\u00edo Tercero, Villa Mar\u00eda, R\u00edo Cuarto,. Adelia Mar\u00eda, Cruz del Eje y en C\u00f3rdoba Capital para el territorio comprendido por el Consejo Directivo Provincial (CDP). <\/p>\n\n\n\n<div class=\"wp-block-image\"><figure class=\"alignright size-full is-resized\"><img loading=\"lazy\" decoding=\"async\" src=\"https:\/\/atecordoba.org\/wp-content\/uploads\/2022\/04\/orden-del-dia.jpeg\" alt=\"\" class=\"wp-image-31670\" width=\"401\" height=\"501\" srcset=\"https:\/\/atecordoba.org\/wp-content\/uploads\/2022\/04\/orden-del-dia.jpeg 801w, https:\/\/atecordoba.org\/wp-content\/uploads\/2022\/04\/orden-del-dia-240x300.jpeg 240w, https:\/\/atecordoba.org\/wp-content\/uploads\/2022\/04\/orden-del-dia-768x960.jpeg 768w, https:\/\/atecordoba.org\/wp-content\/uploads\/2022\/04\/orden-del-dia-750x937.jpeg 750w\" sizes=\"auto, (max-width: 401px) 100vw, 401px\" \/><\/figure><\/div>\n\n\n\n<p>Seg\u00fan el orden del d\u00eda previsto, el congreso ordinario comenzar\u00e1 a sesionar a las 10 horas, por lo que las acreditaciones se realizar\u00e1n a partir de las 9 horas. En esa instancia se podr\u00e1n a consideraci\u00f3n de las y los congresales la memoria y balance de los actuado por ATE C\u00f3rdoba durante el periodo de la actual conducci\u00f3n desde 2019 a 2021, atento a la excepcionalidad que la pandemia impidi\u00f3 realizar los congresos de las periodos 2019 y 2020. <\/p>\n\n\n\n<p>En tanto el Congreso Extraordinario debatir\u00e1 y dar\u00e1 aprobaci\u00f3n a la planificaci\u00f3n de la acci\u00f3n de ATE C\u00f3rdoba en todos los planos para el corriente a\u00f1o. <\/p>\n\n\n\n<p>Los congresales del CDP deben estar presentes a las 5.30 en sede de ATE, Entre R\u00edos 450, para tomar el colectivo que los llevar\u00e1 a San Francisco.<\/p>\n\n\n\n<p>Se trata, adem\u00e1s, de un hecho de gran trascendencia para la historia de ATE porque por primera vez se realiza un congreso provincial en San Francisco, territorio donde ATE acaba de normalizar la seccional San Justo, despu\u00e9s de 26 a\u00f1os que hab\u00eda sido dada de baja.<\/p>\n\n\n\n<p>Al finalizar el Congreso se llevar\u00e1 a cabo la obra de teatro &#8216;La Perra Castro, el olvidado&#8217;, con una puesta <a href=\"https:\/\/atecordoba.org\/?p=31305\">especialmente pensada para la oportunidad<\/a>.<\/p>\n\n\n\n<p>En ese marco, el secretario General de ATE C\u00f3rdoba, Federico Giuliani, dijo que &#8220;estamos muy contentos de hacer este primer Congreso Provincial de ATE C\u00f3rdoba de esta conducci\u00f3n. Tomamos la decisi\u00f3n pol\u00edtica de hacer por primera vez en la historia de nuestro gremio en la ciudad de San Francisco, un territorio del este cordob\u00e9s muy importante para el desarrollo pol\u00edtico de nuestra organizaci\u00f3n sindical. M\u00e1s aun porque acabamos de normalizar el 23 de febrero la seccional ATE San Justo, un proceso organizativo interno donde conformados la seccional despu\u00e9s de 26 a\u00f1os&#8221;<\/p>\n\n\n\n<p>El dirigente remarc\u00f3 que &#8220;va a ser un congreso importante, con el desaf\u00edo de votar la memoria de actividades, construida por el conjunto en cada rinc\u00f3n cordob\u00e9s y en la capital, donde hubo desarrollo de conflictos en los \u00e1mbitos nacionales, provinciales y municipales, pero tambi\u00e9n de mucho debate. As\u00ed surgieron los departamentos de G\u00e9nero, Discapacidad, DDHH, Culturas y Salud Laboral&#8221;.<\/p>\n\n\n\n<p>Y valor\u00f3 que durante su conducci\u00f3n &#8220;tambi\u00e9n generamos muchas actividades para que se pueda debatir no solo el rol del dirigente sindical y el salario ni tambi\u00e9n el rol del Estado. Fue as\u00ed que entre los a\u00f1os 19, 20 y principalmente 21 nos hemos reinventado, no solo tomamos la virtualidad como una forma de reencuentro y debate para planificar la acci\u00f3n, sino que este sindicato nunca bajo la persiana. Estuvimos siempre en la trinchera, en las asambleas, los cortes de calle, las movilizaciones, en cada conflicto y reuni\u00f3n institucional&#8221;.<\/p>\n\n\n\n<div class=\"wp-block-image\"><figure class=\"alignleft size-large is-resized\"><img loading=\"lazy\" decoding=\"async\" src=\"https:\/\/atecordoba.org\/wp-content\/uploads\/2022\/04\/Nos-vamos-en-colectivo-1024x1024.jpg\" alt=\"\" class=\"wp-image-31671\" width=\"403\" height=\"403\" srcset=\"https:\/\/atecordoba.org\/wp-content\/uploads\/2022\/04\/Nos-vamos-en-colectivo-1024x1024.jpg 1024w, https:\/\/atecordoba.org\/wp-content\/uploads\/2022\/04\/Nos-vamos-en-colectivo-300x300.jpg 300w, https:\/\/atecordoba.org\/wp-content\/uploads\/2022\/04\/Nos-vamos-en-colectivo-150x150.jpg 150w, https:\/\/atecordoba.org\/wp-content\/uploads\/2022\/04\/Nos-vamos-en-colectivo-768x768.jpg 768w, https:\/\/atecordoba.org\/wp-content\/uploads\/2022\/04\/Nos-vamos-en-colectivo-560x560.jpg 560w, https:\/\/atecordoba.org\/wp-content\/uploads\/2022\/04\/Nos-vamos-en-colectivo-75x75.jpg 75w, https:\/\/atecordoba.org\/wp-content\/uploads\/2022\/04\/Nos-vamos-en-colectivo-350x350.jpg 350w, https:\/\/atecordoba.org\/wp-content\/uploads\/2022\/04\/Nos-vamos-en-colectivo-750x750.jpg 750w, https:\/\/atecordoba.org\/wp-content\/uploads\/2022\/04\/Nos-vamos-en-colectivo.jpg 1081w\" sizes=\"auto, (max-width: 403px) 100vw, 403px\" \/><\/figure><\/div>\n\n\n\n<p>Giuliani dijo que &#8220;esta memoria tiene que ver con la praxis y la acci\u00f3n concreta. No es solo una memoria escrita solamente, sino que refleja todo lo que hicimos en estos dos a\u00f1os y medio&#8221;. &nbsp;<\/p>\n\n\n\n<p><strong>Balance<\/strong><\/p>\n\n\n\n<p>De la misma forma, el secretario General destac\u00f3 que &#8220;no debemos olvidar la importancia que un sindicato rinda cuentas de en qu\u00e9 se gasta la plata sus afiliadas y afiliados. El balance es fundamental y destacamos que este proceso de transparencia se da en pocos sindicatos de la Argentina, donde hay una falta de perspectiva y democracia sindical muy evidente&#8221;.<\/p>\n\n\n\n<p><strong>Gigante despierto<\/strong><\/p>\n\n\n\n<p>En esa l\u00ednea, Giuliani record\u00f3 que &#8220;dec\u00edamos que vinimos a despertar un gigante dormido y lo estamos haciendo. No solo con la presencia en los conflictos, sino con la presencia en territorios donde antes no est\u00e1bamos, como Traslasierra, Punilla, San Justo. Adem\u00e1s, crecimos en Capital, sacando delegados y delegadas y desde lo cualitativo, con una fuerte mejora para la organizaci\u00f3n a pesar de la pandemia y eso nos llena de orgullo&#8221;.<\/p>\n\n\n\n<p>&#8220;En ese sentido, entendemos que adem\u00e1s de la asamblea de memoria y balance, que forman parte del Congreso Ordinario, tambi\u00e9n se va a llevar adelante un Congreso Extraordinario, para discutir la coyuntura pol\u00edtica, el debate necesario para poner en agenda el problema de las trabajadoras y los trabajadores del Estado en sus tres niveles: nacional, provincial y municipal&#8221;, respecto a la planificaci\u00f3n del 2022.<\/p>\n\n\n\n<p>Y concluy\u00f3 asegurando que &#8220;vamos a poder discutir las elecciones que se viene en nuestra querida CTA Aut\u00f3noma y el protagonismo que necesitamos para que ATE est\u00e9 presente en esas acciones y debates que merece nuestra Central para seguir creciendo como lo estamos haciendo se forma muy acelerada en la provincia de C\u00f3rdoba&#8221;.<\/p>\n\n\n\n<div class=\"wp-block-image\"><figure class=\"aligncenter size-large is-resized\"><img loading=\"lazy\" decoding=\"async\" src=\"https:\/\/atecordoba.org\/wp-content\/uploads\/2022\/04\/Flyer-Obra-de-Teatro-682x1024.jpeg\" alt=\"\" class=\"wp-image-31672\" width=\"512\" height=\"768\" srcset=\"https:\/\/atecordoba.org\/wp-content\/uploads\/2022\/04\/Flyer-Obra-de-Teatro-682x1024.jpeg 682w, https:\/\/atecordoba.org\/wp-content\/uploads\/2022\/04\/Flyer-Obra-de-Teatro-200x300.jpeg 200w, https:\/\/atecordoba.org\/wp-content\/uploads\/2022\/04\/Flyer-Obra-de-Teatro-768x1152.jpeg 768w, https:\/\/atecordoba.org\/wp-content\/uploads\/2022\/04\/Flyer-Obra-de-Teatro-750x1125.jpeg 750w, https:\/\/atecordoba.org\/wp-content\/uploads\/2022\/04\/Flyer-Obra-de-Teatro.jpeg 853w\" sizes=\"auto, (max-width: 512px) 100vw, 512px\" \/><\/figure><\/div>\n\n\n\n<p><strong>Anfitriones<\/strong><\/p>\n\n\n\n<p>Por su parte, el secretario General de ATE San Justo, Dar\u00edo Paredes dijo que &#8220;para nuestra seccional este Congreso es un espaldarazo muy importante. No terminamos de disfrutar una elecci\u00f3n que fue muy favorable para esta conducci\u00f3n y ya nos toca vivir otro acto que va a ser una fiesta y llena de emociones tambi\u00e9n. Para nosotros es importante vivir estas cosas, el crecimiento que estamos experimentando se ve confirmado en este reconocimiento para la militancia de ATE en la zona&#8221;.<\/p>\n\n\n\n<p>Y agradeci\u00f3 &#8220;el apoyo del CDP, los mensajes de los secretarios generales de todas las seccionales de la provincia, siempre con un saludo y un aliento para que uno siga trabajando&#8221;.<\/p>\n","protected":false},"excerpt":{"rendered":"<p>Como estaba anunciado, este viernes se desarrollar\u00e1 en la ciudad de San Francisco el XXIV Congreso Provincial Ordinario y Extraordinario de ATE C\u00f3rdoba. Est\u00e1 previsto que participen 149 congresales de toda la provincia, electos de manera directa en las seis asambleas previas realizadas en las seccionales R\u00edo Tercero, Villa Mar\u00eda, R\u00edo Cuarto,. Adelia Mar\u00eda, Cruz [&hellip;]<\/p>\n","protected":false},"author":7,"featured_media":31669,"comment_status":"open","ping_status":"open","sticky":false,"template":"","format":"standard","meta":{"_exactmetrics_skip_tracking":false,"_exactmetrics_sitenote_active":false,"_exactmetrics_sitenote_note":"","_exactmetrics_sitenote_category":0,"jnews-multi-image_gallery":[],"jnews_single_post":{"subtitle":"\"Va a ser un congreso importante, con el desaf\u00edo de votar la memoria de actividades, construida por el conjunto en cada rinc\u00f3n cordob\u00e9s y en la capital\", resumi\u00f3 el secretario General de ATE C\u00f3rdoba, Federico Giuliani.","format":"standard","video":"","gallery":"","source_name":"","source_url":"","via_name":"","via_url":"","override_template":"0","override":[{"template":"1","single_blog_custom":"","parallax":"1","fullscreen":"1","layout":"right-sidebar","sidebar":"default-sidebar","second_sidebar":"default-sidebar","sticky_sidebar":"1","share_position":"top","share_float_style":"share-monocrhome","show_share_counter":"1","show_view_counter":"1","show_featured":"1","show_post_meta":"1","show_post_author":"1","show_post_author_image":"1","show_post_date":"1","post_date_format":"default","post_date_format_custom":"Y\/m\/d","show_post_category":"1","show_post_reading_time":"0","post_reading_time_wpm":"300","show_zoom_button":"0","zoom_button_out_step":"2","zoom_button_in_step":"3","show_post_tag":"1","show_prev_next_post":"1","show_popup_post":"1","number_popup_post":"1","show_author_box":"0","show_post_related":"0","show_inline_post_related":"0"}],"override_image_size":"0","image_override":[{"single_post_thumbnail_size":"crop-500","single_post_gallery_size":"crop-500"}],"trending_post":"0","trending_post_position":"meta","trending_post_label":"Trending","sponsored_post":"0","sponsored_post_label":"Sponsored by","sponsored_post_name":"","sponsored_post_url":"","sponsored_post_logo_enable":"0","sponsored_post_logo":"","sponsored_post_desc":"","disable_ad":"0"},"jnews_primary_category":{"id":""},"jnews_social_meta":{"fb_title":"","fb_description":"","fb_image":"","twitter_title":"","twitter_description":"","twitter_image":""},"jnews_review":[],"enable_review":"0","type":"percentage","name":"","summary":"","brand":"","sku":"","good":[{"good_text":""}],"bad":[{"bad_text":""}],"score_override":"","override_value":"","rating":[{"rating_text":"","rating_number":"10"}],"price":[{"shop":"","price":"","link":"","icon":""}],"jnews_override_counter":{"override_view_counter":"0","view_counter_number":"0","override_share_counter":"0","share_counter_number":"0","override_like_counter":"0","like_counter_number":"0","override_dislike_counter":"0","dislike_counter_number":"0"},"jnews_post_split":{"enable_post_split":"0","post_split":[{"template":"1","tag":"h2","numbering":"asc","mode":"normal","first":"0","enable_toc":"0","toc_type":"normal"}]},"footnotes":""},"categories":[341],"tags":[1067],"class_list":["post-31668","post","type-post","status-publish","format-standard","has-post-thumbnail","hentry","category-cdp","tag-congreso-provincial-ate-cordoba"],"jetpack_featured_media_url":"https:\/\/atecordoba.org\/wp-content\/uploads\/2022\/04\/Flyer-Congreso-CDP-2022-San-Francisco-e1651078534556.jpg","_links":{"self":[{"href":"https:\/\/atecordoba.org\/index.php?rest_route=\/wp\/v2\/posts\/31668","targetHints":{"allow":["GET"]}}],"collection":[{"href":"https:\/\/atecordoba.org\/index.php?rest_route=\/wp\/v2\/posts"}],"about":[{"href":"https:\/\/atecordoba.org\/index.php?rest_route=\/wp\/v2\/types\/post"}],"author":[{"embeddable":true,"href":"https:\/\/atecordoba.org\/index.php?rest_route=\/wp\/v2\/users\/7"}],"replies":[{"embeddable":true,"href":"https:\/\/atecordoba.org\/index.php?rest_route=%2Fwp%2Fv2%2Fcomments&post=31668"}],"version-history":[{"count":2,"href":"https:\/\/atecordoba.org\/index.php?rest_route=\/wp\/v2\/posts\/31668\/revisions"}],"predecessor-version":[{"id":31674,"href":"https:\/\/atecordoba.org\/index.php?rest_route=\/wp\/v2\/posts\/31668\/revisions\/31674"}],"wp:featuredmedia":[{"embeddable":true,"href":"https:\/\/atecordoba.org\/index.php?rest_route=\/wp\/v2\/media\/31669"}],"wp:attachment":[{"href":"https:\/\/atecordoba.org\/index.php?rest_route=%2Fwp%2Fv2%2Fmedia&parent=31668"}],"wp:term":[{"taxonomy":"category","embeddable":true,"href":"https:\/\/atecordoba.org\/index.php?rest_route=%2Fwp%2Fv2%2Fcategories&post=31668"},{"taxonomy":"post_tag","embeddable":true,"href":"https:\/\/atecordoba.org\/index.php?rest_route=%2Fwp%2Fv2%2Ftags&post=31668"}],"curies":[{"name":"wp","href":"https:\/\/api.w.org\/{rel}","templated":true}]}}