{"id":31662,"date":"2022-04-27T12:23:02","date_gmt":"2022-04-27T15:23:02","guid":{"rendered":"https:\/\/atecordoba.org\/?p=31662"},"modified":"2022-04-27T12:54:53","modified_gmt":"2022-04-27T15:54:53","slug":"reinstalan-al-delegado-de-ate-en-el-hospital-florencio-diaz","status":"publish","type":"post","link":"https:\/\/atecordoba.org\/?p=31662","title":{"rendered":"Reinstalan al delegado de ATE en el Hospital Florencio D\u00edaz"},"content":{"rendered":"\n<p><\/p>\n\n\n\n<div class=\"wp-block-image\"><figure class=\"aligncenter size-full is-resized\"><img loading=\"lazy\" decoding=\"async\" src=\"https:\/\/atecordoba.org\/wp-content\/uploads\/2022\/04\/florencio-diaz.jpg\" alt=\"\" class=\"wp-image-31663\" width=\"767\" height=\"512\" \/><\/figure><\/div>\n\n\n\n<p>Tras ordenar hace 20 d\u00edas el traslado del delegado normalizador de ATE en el Hospital Florencio D\u00edaz, , Rub\u00e9n Banegas fue reinstalado ayer en el centro de salud y podr\u00e1 continuar ejerciendo su rol para organizar gremialmente el sector a pesar de la resistencia de la Direcci\u00f3n del hospital. <\/p>\n\n\n\n<p>Banegas fue declarado como delegado normalizador de ATE a principios de a\u00f1o, tras ser designado en la misma \u00e9poca como personal administrativo en el lugar, relevando condiciones de trabajo, situaci\u00f3n de las y los trabajadores, situaci\u00f3n que evidentemente no fue del agrado del director Rodrigo Baena.<\/p>\n\n\n\n<div class=\"wp-block-image\"><figure class=\"alignleft size-large is-resized\"><img loading=\"lazy\" decoding=\"async\" src=\"https:\/\/atecordoba.org\/wp-content\/uploads\/2022\/04\/banegas-florencio-diaz-576x1024.jpeg\" alt=\"\" class=\"wp-image-31665\" width=\"288\" height=\"512\" srcset=\"https:\/\/atecordoba.org\/wp-content\/uploads\/2022\/04\/banegas-florencio-diaz-576x1024.jpeg 576w, https:\/\/atecordoba.org\/wp-content\/uploads\/2022\/04\/banegas-florencio-diaz-169x300.jpeg 169w, https:\/\/atecordoba.org\/wp-content\/uploads\/2022\/04\/banegas-florencio-diaz.jpeg 581w\" sizes=\"auto, (max-width: 288px) 100vw, 288px\" \/><figcaption>El delegado Banegas, junto a su hijo, al volver a trabajar al hospital y a ejercer su rol de delegado. <\/figcaption><\/figure><\/div>\n\n\n\n<p>A principios de mes el delegado fue notificado de su traslado al hospital Elpidio Gonz\u00e1lez, ubicado en el otro extremo de la ciudad e inmediatamente el \u00e1rea jur\u00eddica de ATE intervino con un &#8216;recurso de reconsideraci\u00f3n&#8217; a los fines de dejar sin efecto la medida arbitraria, compulsiva y contraria a la ley de asociaciones sindicales, que establece claramente que el delegado no debe ser trasladado ni modificada su condici\u00f3n laboral en ning\u00fan aspecto ya que lo protege la tutela sindical. <\/p>\n\n\n\n<p>&#8220;Le pido al Ministerio y al Gobierno de C\u00f3rdoba que nunca m\u00e1s tenga esta actitud desleal y antisindical&#8221;, dijo Banegas tras conocer la noticia, informada pro medio del Ciudadano Digital.<\/p>\n\n\n\n<p>Y detall\u00f3 que el Florencio D\u00edaz es uno de los hospitales que muestra m\u00e1s faltante de personal. &#8220;No hay cirujanos, pediatras o traumat\u00f3logos; los consultorios externos est\u00e1n cerrados por la tarde por falta de personal. Es algo de no creer que con todo ese edificio que construyeron no est\u00e9 cerrado por falta de personal&#8221;, cuenta Banegas.<\/p>\n\n\n\n<p>Adem\u00e1s, el personal existente sufre una extrema precarizaci\u00f3n laboral debido a la cantidad de monotributos y contratos Covid, tanto entre las y los especialista y m\u00e9dicos como camilleros y responsables de otras tareas. &#8220;Ac\u00e1 reina la informalidad, no hay comunicaci\u00f3n fehaciente por nada, ni organigrama. el director designa responsables de \u00e1rea oralmente. Precisamente me hace trasladar porque comenc\u00e9 a cursar notas con los reclamos correspondientes&#8221;. <\/p>\n\n\n\n<p>Y da como ejemplo que &#8220;no se entrega muda de ropa de trabajo, cuando la ley 7233 dice claramente que deben ser entregadas dos mudas al a\u00f1o. Adem\u00e1s es alarmante la falta de insumos, las enfermeras no tiene dipirona ni descartables para atender a los pacientes, algo b\u00e1sico&#8221;. <\/p>\n\n\n\n<p>Frente a la falta de acci\u00f3n de otros sindicatos, ATE est\u00e1 realizando las acciones gremiales correspondientes para hacer valer los derechos de las y los trabajadores. Vale se\u00f1alar que el traslado no solo afectaba al delegado y a nuestro sindicato sino que, principalmente, afecta a las y los trabajadores que hab\u00edan perdido el derecho a tener un representante que lleve adelante sus reclamos y organice gremialmente el sector.<\/p>\n\n\n\n<p>Ahora hay sindicato.<\/p>\n\n\n\n<p><\/p>\n","protected":false},"excerpt":{"rendered":"<p>Tras ordenar hace 20 d\u00edas el traslado del delegado normalizador de ATE en el Hospital Florencio D\u00edaz, , Rub\u00e9n Banegas fue reinstalado ayer en el centro de salud y podr\u00e1 continuar ejerciendo su rol para organizar gremialmente el sector a pesar de la resistencia de la Direcci\u00f3n del hospital. Banegas fue declarado como delegado normalizador [&hellip;]<\/p>\n","protected":false},"author":7,"featured_media":31663,"comment_status":"open","ping_status":"open","sticky":false,"template":"","format":"standard","meta":{"_exactmetrics_skip_tracking":false,"_exactmetrics_sitenote_active":false,"_exactmetrics_sitenote_note":"","_exactmetrics_sitenote_category":0,"jnews-multi-image_gallery":[],"jnews_single_post":{"subtitle":"Hab\u00eda sido traslado de manera compulsiva y antisindical a principios de mes, pero ATE hizo valer al tutela sindical y ahora retoma su actividad.","format":"standard","video":"","gallery":"","source_name":"","source_url":"","via_name":"","via_url":"","override_template":"0","override":[{"template":"1","single_blog_custom":"","parallax":"1","fullscreen":"1","layout":"right-sidebar","sidebar":"default-sidebar","second_sidebar":"default-sidebar","sticky_sidebar":"1","share_position":"top","share_float_style":"share-monocrhome","show_share_counter":"1","show_view_counter":"1","show_featured":"1","show_post_meta":"1","show_post_author":"1","show_post_author_image":"1","show_post_date":"1","post_date_format":"default","post_date_format_custom":"Y\/m\/d","show_post_category":"1","show_post_reading_time":"0","post_reading_time_wpm":"300","show_zoom_button":"0","zoom_button_out_step":"2","zoom_button_in_step":"3","show_post_tag":"1","show_prev_next_post":"1","show_popup_post":"1","number_popup_post":"1","show_author_box":"0","show_post_related":"0","show_inline_post_related":"0"}],"override_image_size":"0","image_override":[{"single_post_thumbnail_size":"crop-500","single_post_gallery_size":"crop-500"}],"trending_post":"0","trending_post_position":"meta","trending_post_label":"Trending","sponsored_post":"0","sponsored_post_label":"Sponsored by","sponsored_post_name":"","sponsored_post_url":"","sponsored_post_logo_enable":"0","sponsored_post_logo":"","sponsored_post_desc":"","disable_ad":"0"},"jnews_primary_category":{"id":""},"jnews_social_meta":{"fb_title":"Provinciales: rReinstalan al delegado de ATE en el Hospital Florencio D\u00edaz","fb_description":"","fb_image":"","twitter_title":"","twitter_description":"","twitter_image":""},"jnews_review":[],"enable_review":"0","type":"percentage","name":"","summary":"","brand":"","sku":"","good":[{"good_text":""}],"bad":[{"bad_text":""}],"score_override":"","override_value":"","rating":[{"rating_text":"","rating_number":"10"}],"price":[{"shop":"","price":"","link":"","icon":""}],"jnews_override_counter":{"override_view_counter":"0","view_counter_number":"0","override_share_counter":"0","share_counter_number":"0","override_like_counter":"0","like_counter_number":"0","override_dislike_counter":"0","dislike_counter_number":"0"},"jnews_post_split":{"enable_post_split":"0","post_split":[{"template":"1","tag":"h2","numbering":"asc","mode":"normal","first":"0","enable_toc":"0","toc_type":"normal"}]},"footnotes":""},"categories":[8],"tags":[1099],"class_list":["post-31662","post","type-post","status-publish","format-standard","has-post-thumbnail","hentry","category-provinciales","tag-hospital-florencio-diaz"],"jetpack_featured_media_url":"https:\/\/atecordoba.org\/wp-content\/uploads\/2022\/04\/florencio-diaz-e1651072784544.jpg","_links":{"self":[{"href":"https:\/\/atecordoba.org\/index.php?rest_route=\/wp\/v2\/posts\/31662","targetHints":{"allow":["GET"]}}],"collection":[{"href":"https:\/\/atecordoba.org\/index.php?rest_route=\/wp\/v2\/posts"}],"about":[{"href":"https:\/\/atecordoba.org\/index.php?rest_route=\/wp\/v2\/types\/post"}],"author":[{"embeddable":true,"href":"https:\/\/atecordoba.org\/index.php?rest_route=\/wp\/v2\/users\/7"}],"replies":[{"embeddable":true,"href":"https:\/\/atecordoba.org\/index.php?rest_route=%2Fwp%2Fv2%2Fcomments&post=31662"}],"version-history":[{"count":2,"href":"https:\/\/atecordoba.org\/index.php?rest_route=\/wp\/v2\/posts\/31662\/revisions"}],"predecessor-version":[{"id":31667,"href":"https:\/\/atecordoba.org\/index.php?rest_route=\/wp\/v2\/posts\/31662\/revisions\/31667"}],"wp:featuredmedia":[{"embeddable":true,"href":"https:\/\/atecordoba.org\/index.php?rest_route=\/wp\/v2\/media\/31663"}],"wp:attachment":[{"href":"https:\/\/atecordoba.org\/index.php?rest_route=%2Fwp%2Fv2%2Fmedia&parent=31662"}],"wp:term":[{"taxonomy":"category","embeddable":true,"href":"https:\/\/atecordoba.org\/index.php?rest_route=%2Fwp%2Fv2%2Fcategories&post=31662"},{"taxonomy":"post_tag","embeddable":true,"href":"https:\/\/atecordoba.org\/index.php?rest_route=%2Fwp%2Fv2%2Ftags&post=31662"}],"curies":[{"name":"wp","href":"https:\/\/api.w.org\/{rel}","templated":true}]}}