{"id":31656,"date":"2022-04-27T11:24:29","date_gmt":"2022-04-27T14:24:29","guid":{"rendered":"https:\/\/atecordoba.org\/?p=31656"},"modified":"2022-04-27T11:24:35","modified_gmt":"2022-04-27T14:24:35","slug":"cordoba-presente-en-el-lanzamiento-del-curso-sobre-la-historia-del-movimiento-obrero-que-dicta-victor-de-gennaro","status":"publish","type":"post","link":"https:\/\/atecordoba.org\/?p=31656","title":{"rendered":"C\u00f3rdoba presente en el lanzamiento del Curso sobre la Historia del Movimiento Obrero que dicta V\u00edctor De Gennaro"},"content":{"rendered":"\n<div class=\"wp-block-image\"><figure class=\"aligncenter size-full\"><img loading=\"lazy\" decoding=\"async\" width=\"767\" height=\"692\" src=\"https:\/\/atecordoba.org\/wp-content\/uploads\/2022\/04\/curso-mov-obrero.jpg\" alt=\"\" class=\"wp-image-31657\" srcset=\"https:\/\/atecordoba.org\/wp-content\/uploads\/2022\/04\/curso-mov-obrero.jpg 767w, https:\/\/atecordoba.org\/wp-content\/uploads\/2022\/04\/curso-mov-obrero-300x271.jpg 300w, https:\/\/atecordoba.org\/wp-content\/uploads\/2022\/04\/curso-mov-obrero-750x677.jpg 750w\" sizes=\"auto, (max-width: 767px) 100vw, 767px\" \/><\/figure><\/div>\n\n\n\n<p>El secretario General de ATE C\u00f3rdoba y de la CTA Aut\u00f3noma C\u00f3rdoba, Federico Giuliani, encabez\u00f3 el grupo de compa\u00f1eros y compa\u00f1eras que participaron ayer del lanzamiento de la \u201cHistoria del Movimiento Obrero de la Argentina\u201d, taller virtual coordinado por V\u00edctor De Gennaro desde la sede de ATE Lan\u00fas y transmitido de v\u00eda zoom por la Escuela de formaci\u00f3n Sindical \u201cLibertario Ferrari\u201d.<\/p>\n\n\n\n<p>\u201cEstuvimos acompa\u00f1ando a nuestro referente, V\u00edctor De Gennaro,  en el lanzamiento del Curso de \u2018Historia del Movimiento Obrero de la Argentina, una aproximaci\u00f3n desde los trabajadores\u2019. Me acompa\u00f1aron en la sede de ATE C\u00f3rdoba junto a otros compa\u00f1eros y compa\u00f1eras los coordinadores del Curso en C\u00f3rdoba, C\u00e9sar Theaux y Jorge Chalup\u201d, inform\u00f3 Giuliani.<\/p>\n\n\n\n<p>Vale aclarar que el curso el cuesti\u00f3n se divide en 8 etapas que van desde 1800 a 2015: 1 de 1800 a 1922; 2 de 1922 a 1955; 3 de 1955 a 1975; 4 de 1975 a 1982, 5 de 1982 a 1990, 6 de 1990 a 2002, 7 de 2002 a 2008 y 8 de 2008 a 2015.<\/p>\n\n\n\n<figure class=\"wp-block-gallery has-nested-images columns-default is-cropped wp-block-gallery-1 is-layout-flex wp-block-gallery-is-layout-flex\">\n<figure class=\"wp-block-image size-large\"><img loading=\"lazy\" decoding=\"async\" width=\"249\" height=\"300\" data-id=\"31659\" src=\"https:\/\/atecordoba.org\/wp-content\/uploads\/2022\/04\/de-gennaro-1.jpg\" alt=\"\" class=\"wp-image-31659\" \/><\/figure>\n\n\n\n<figure class=\"wp-block-image size-large\"><img loading=\"lazy\" decoding=\"async\" width=\"300\" height=\"300\" data-id=\"31660\" src=\"https:\/\/atecordoba.org\/wp-content\/uploads\/2022\/04\/dgenaro.jpg\" alt=\"\" class=\"wp-image-31660\" srcset=\"https:\/\/atecordoba.org\/wp-content\/uploads\/2022\/04\/dgenaro.jpg 300w, https:\/\/atecordoba.org\/wp-content\/uploads\/2022\/04\/dgenaro-150x150.jpg 150w, https:\/\/atecordoba.org\/wp-content\/uploads\/2022\/04\/dgenaro-75x75.jpg 75w\" sizes=\"auto, (max-width: 300px) 100vw, 300px\" \/><\/figure>\n<\/figure>\n\n\n\n<p>El Curso se va a dictar en 16 clases. Cada una de las ocho etapas son dictadas por V\u00edctor De Gennaro desde el Facebook en vivo, cada etapa se desarrolla en una exposici\u00f3n de una hora veinte minutos. Despu\u00e9s, cada provincia va a hacer un an\u00e1lisis con los compa\u00f1eros de las fortalezas y debilidades de esa etapa dentro de la misma hora. El d\u00eda 10 de mayo, es decir despu\u00e9s que se hayan desarrollado las dos primeras etapas, se realizar\u00e1 un zoom colectivo donde participar\u00e1n todos los compa\u00f1eros de las distintas provincias en un debate de las dos primeras etapas.<\/p>\n\n\n\n<p>Las siguientes clases se dictar\u00e1n los d\u00edas 5 de mayo, 17 de mayo, 31 de mayo,\u00a014 de junio, 28 de junio, 11 de julio y 26 de julio.\u00a0<\/p>\n","protected":false},"excerpt":{"rendered":"<p>El secretario General de ATE C\u00f3rdoba y de la CTA Aut\u00f3noma C\u00f3rdoba, Federico Giuliani, encabez\u00f3 el grupo de compa\u00f1eros y compa\u00f1eras que participaron ayer del lanzamiento de la \u201cHistoria del Movimiento Obrero de la Argentina\u201d, taller virtual coordinado por V\u00edctor De Gennaro desde la sede de ATE Lan\u00fas y transmitido de v\u00eda zoom por la [&hellip;]<\/p>\n","protected":false},"author":7,"featured_media":31660,"comment_status":"open","ping_status":"open","sticky":false,"template":"","format":"standard","meta":{"_exactmetrics_skip_tracking":false,"_exactmetrics_sitenote_active":false,"_exactmetrics_sitenote_note":"","_exactmetrics_sitenote_category":0,"jnews-multi-image_gallery":[],"jnews_single_post":{"subtitle":"El curso se divide en ocho etapas hist\u00f3ricas y dicta de forma virtual.","format":"standard","video":"","gallery":"","source_name":"","source_url":"","via_name":"","via_url":"","override_template":"0","override":[{"template":"1","single_blog_custom":"","parallax":"1","fullscreen":"1","layout":"right-sidebar","sidebar":"default-sidebar","second_sidebar":"default-sidebar","sticky_sidebar":"1","share_position":"top","share_float_style":"share-monocrhome","show_share_counter":"1","show_view_counter":"1","show_featured":"1","show_post_meta":"1","show_post_author":"1","show_post_author_image":"1","show_post_date":"1","post_date_format":"default","post_date_format_custom":"Y\/m\/d","show_post_category":"1","show_post_reading_time":"0","post_reading_time_wpm":"300","show_zoom_button":"0","zoom_button_out_step":"2","zoom_button_in_step":"3","show_post_tag":"1","show_prev_next_post":"1","show_popup_post":"1","number_popup_post":"1","show_author_box":"0","show_post_related":"0","show_inline_post_related":"0"}],"override_image_size":"0","image_override":[{"single_post_thumbnail_size":"crop-500","single_post_gallery_size":"crop-500"}],"trending_post":"0","trending_post_position":"meta","trending_post_label":"Trending","sponsored_post":"0","sponsored_post_label":"Sponsored by","sponsored_post_name":"","sponsored_post_url":"","sponsored_post_logo_enable":"0","sponsored_post_logo":"","sponsored_post_desc":"","disable_ad":"0"},"jnews_primary_category":{"id":""},"jnews_social_meta":{"fb_title":"","fb_description":"","fb_image":"","twitter_title":"","twitter_description":"","twitter_image":""},"jnews_review":[],"enable_review":"0","type":"percentage","name":"","summary":"","brand":"","sku":"","good":[{"good_text":""}],"bad":[{"bad_text":""}],"score_override":"","override_value":"","rating":[{"rating_text":"","rating_number":"10"}],"price":[{"shop":"","price":"","link":"","icon":""}],"jnews_override_counter":{"override_view_counter":"0","view_counter_number":"0","override_share_counter":"0","share_counter_number":"0","override_like_counter":"0","like_counter_number":"0","override_dislike_counter":"0","dislike_counter_number":"0"},"jnews_post_split":{"enable_post_split":"0","post_split":[{"template":"1","tag":"h2","numbering":"asc","mode":"normal","first":"0","enable_toc":"0","toc_type":"normal"}]},"footnotes":""},"categories":[88],"tags":[559],"class_list":["post-31656","post","type-post","status-publish","format-standard","has-post-thumbnail","hentry","category-formacion","tag-historia-movimiento-obrero"],"jetpack_featured_media_url":"https:\/\/atecordoba.org\/wp-content\/uploads\/2022\/04\/dgenaro.jpg","_links":{"self":[{"href":"https:\/\/atecordoba.org\/index.php?rest_route=\/wp\/v2\/posts\/31656","targetHints":{"allow":["GET"]}}],"collection":[{"href":"https:\/\/atecordoba.org\/index.php?rest_route=\/wp\/v2\/posts"}],"about":[{"href":"https:\/\/atecordoba.org\/index.php?rest_route=\/wp\/v2\/types\/post"}],"author":[{"embeddable":true,"href":"https:\/\/atecordoba.org\/index.php?rest_route=\/wp\/v2\/users\/7"}],"replies":[{"embeddable":true,"href":"https:\/\/atecordoba.org\/index.php?rest_route=%2Fwp%2Fv2%2Fcomments&post=31656"}],"version-history":[{"count":1,"href":"https:\/\/atecordoba.org\/index.php?rest_route=\/wp\/v2\/posts\/31656\/revisions"}],"predecessor-version":[{"id":31661,"href":"https:\/\/atecordoba.org\/index.php?rest_route=\/wp\/v2\/posts\/31656\/revisions\/31661"}],"wp:featuredmedia":[{"embeddable":true,"href":"https:\/\/atecordoba.org\/index.php?rest_route=\/wp\/v2\/media\/31660"}],"wp:attachment":[{"href":"https:\/\/atecordoba.org\/index.php?rest_route=%2Fwp%2Fv2%2Fmedia&parent=31656"}],"wp:term":[{"taxonomy":"category","embeddable":true,"href":"https:\/\/atecordoba.org\/index.php?rest_route=%2Fwp%2Fv2%2Fcategories&post=31656"},{"taxonomy":"post_tag","embeddable":true,"href":"https:\/\/atecordoba.org\/index.php?rest_route=%2Fwp%2Fv2%2Ftags&post=31656"}],"curies":[{"name":"wp","href":"https:\/\/api.w.org\/{rel}","templated":true}]}}