{"id":3165,"date":"2013-09-02T08:54:59","date_gmt":"2013-09-02T11:54:59","guid":{"rendered":"http:\/\/www.atecordoba.org\/?p=3165"},"modified":"2013-09-02T08:54:59","modified_gmt":"2013-09-02T11:54:59","slug":"romero-no-hay-atenuantes-para-que-nos-reconozca-de-la-sota","status":"publish","type":"post","link":"https:\/\/atecordoba.org\/?p=3165","title":{"rendered":"Romero: &#8220;no hay atenuantes para que nos reconozca De la Sota&#8221;"},"content":{"rendered":"<p><em>La secretaria General de ATE C\u00f3rdoba, Mar\u00eda Teresa Romero, dijo esta ma\u00f1ana en Radio Nacional que el gremio profundizar\u00e1 su reclamo ante el gobierno provincial &#8220;porque ya agotamos todas las instancias administrativas y judiciales. y todas nos dieron la raz\u00f3n&#8221;. Audio.\u00a0<\/em><\/p>\n<audio class=\"wp-audio-shortcode\" id=\"audio-3165-1\" preload=\"none\" style=\"width: 100%;\" controls=\"controls\"><source type=\"audio\/mpeg\" src=\"http:\/\/www.atecordoba.org\/wp-content\/uploads\/2013\/09\/02-09-maria-teresa-romero.mp3?_=1\" \/><a href=\"http:\/\/www.atecordoba.org\/wp-content\/uploads\/2013\/09\/02-09-maria-teresa-romero.mp3\">http:\/\/www.atecordoba.org\/wp-content\/uploads\/2013\/09\/02-09-maria-teresa-romero.mp3<\/a><\/audio>\n","protected":false},"excerpt":{"rendered":"<p>La secretaria General de ATE C\u00f3rdoba, Mar\u00eda Teresa Romero, dijo esta ma\u00f1ana en Radio Nacional que el gremio profundizar\u00e1 su reclamo ante el gobierno provincial &#8220;porque ya agotamos todas las instancias administrativas y judiciales. y todas nos dieron la raz\u00f3n&#8221;. Audio.\u00a0<\/p>\n","protected":false},"author":1,"featured_media":19220,"comment_status":"open","ping_status":"open","sticky":false,"template":"","format":"standard","meta":{"_exactmetrics_skip_tracking":false,"_exactmetrics_sitenote_active":false,"_exactmetrics_sitenote_note":"","_exactmetrics_sitenote_category":0,"jnews-multi-image_gallery":[],"jnews_single_post":[],"jnews_primary_category":[],"jnews_social_meta":[],"jnews_review":[],"enable_review":"","type":"","name":"","summary":"","brand":"","sku":"","good":[],"bad":[],"score_override":"","override_value":"","rating":[],"price":[],"jnews_override_counter":[],"jnews_post_split":[],"footnotes":""},"categories":[90,8],"tags":[],"class_list":["post-3165","post","type-post","status-publish","format-standard","has-post-thumbnail","hentry","category-campana","category-provinciales"],"jetpack_featured_media_url":"https:\/\/atecordoba.org\/wp-content\/uploads\/2020\/05\/logo-nuevochico-e1561581322808.png","_links":{"self":[{"href":"https:\/\/atecordoba.org\/index.php?rest_route=\/wp\/v2\/posts\/3165","targetHints":{"allow":["GET"]}}],"collection":[{"href":"https:\/\/atecordoba.org\/index.php?rest_route=\/wp\/v2\/posts"}],"about":[{"href":"https:\/\/atecordoba.org\/index.php?rest_route=\/wp\/v2\/types\/post"}],"author":[{"embeddable":true,"href":"https:\/\/atecordoba.org\/index.php?rest_route=\/wp\/v2\/users\/1"}],"replies":[{"embeddable":true,"href":"https:\/\/atecordoba.org\/index.php?rest_route=%2Fwp%2Fv2%2Fcomments&post=3165"}],"version-history":[{"count":0,"href":"https:\/\/atecordoba.org\/index.php?rest_route=\/wp\/v2\/posts\/3165\/revisions"}],"wp:featuredmedia":[{"embeddable":true,"href":"https:\/\/atecordoba.org\/index.php?rest_route=\/wp\/v2\/media\/19220"}],"wp:attachment":[{"href":"https:\/\/atecordoba.org\/index.php?rest_route=%2Fwp%2Fv2%2Fmedia&parent=3165"}],"wp:term":[{"taxonomy":"category","embeddable":true,"href":"https:\/\/atecordoba.org\/index.php?rest_route=%2Fwp%2Fv2%2Fcategories&post=3165"},{"taxonomy":"post_tag","embeddable":true,"href":"https:\/\/atecordoba.org\/index.php?rest_route=%2Fwp%2Fv2%2Ftags&post=3165"}],"curies":[{"name":"wp","href":"https:\/\/api.w.org\/{rel}","templated":true}]}}