{"id":31626,"date":"2022-04-26T12:34:23","date_gmt":"2022-04-26T15:34:23","guid":{"rendered":"https:\/\/atecordoba.org\/?p=31626"},"modified":"2022-04-26T13:14:25","modified_gmt":"2022-04-26T16:14:25","slug":"se-realiza-en-ate-el-plenario-de-las-y-los-trabajadores-del-estado-provincial","status":"publish","type":"post","link":"https:\/\/atecordoba.org\/?p=31626","title":{"rendered":"Plenario de estatales provinciales convoca a Radio Abierta el 12 de mayo -D\u00eda de la Enfermer\u00eda- en el Polo Sanitario"},"content":{"rendered":"\n<div class=\"wp-block-image\"><figure class=\"aligncenter size-large is-resized\"><img loading=\"lazy\" decoding=\"async\" src=\"https:\/\/atecordoba.org\/wp-content\/uploads\/2022\/04\/20220426_103951-1024x576.jpg\" alt=\"\" class=\"wp-image-31627\" width=\"768\" height=\"432\" srcset=\"https:\/\/atecordoba.org\/wp-content\/uploads\/2022\/04\/20220426_103951-1024x576.jpg 1024w, https:\/\/atecordoba.org\/wp-content\/uploads\/2022\/04\/20220426_103951-300x169.jpg 300w, https:\/\/atecordoba.org\/wp-content\/uploads\/2022\/04\/20220426_103951-768x432.jpg 768w, https:\/\/atecordoba.org\/wp-content\/uploads\/2022\/04\/20220426_103951-1536x864.jpg 1536w, https:\/\/atecordoba.org\/wp-content\/uploads\/2022\/04\/20220426_103951-2048x1152.jpg 2048w, https:\/\/atecordoba.org\/wp-content\/uploads\/2022\/04\/20220426_103951-750x422.jpg 750w, https:\/\/atecordoba.org\/wp-content\/uploads\/2022\/04\/20220426_103951-1140x641.jpg 1140w\" sizes=\"auto, (max-width: 768px) 100vw, 768px\" \/><\/figure><\/div>\n\n\n\n<p>Hoy a media ma\u00f1ana dio comienzo al plenario de trabajadores y trabajadoras del Estado de la Provincia, convocado por el Consejo Directivo Provincial (CDP) con miras de reactivar la discusi\u00f3n paritaria, frente a la baj\u00edsima pauta salarial que el SEP acord\u00f3 con el gobernador Schiaretti del 30% en seis cuotas (porcentaje m\u00e1s bajo de todas las administraciones p\u00fablicas provinciales del pa\u00eds, que cerraron entre el 45 y el 60 por ciento los aumentos de sus pautas salariales), a todas luces desbordada por la escalada inflacionaria &#8220;que nos pulveriza los salarios&#8221;, como dijo el secretario General de ATE C\u00f3rdoba, Federico Giuliani, en el comienzo del c\u00f3nclave.<\/p>\n\n\n\n<p>El plenario se realiz\u00f3 de forma mixta (presencial y virtual), y cont\u00f3 con la participaci\u00f3n de delegados y delegadas de C\u00f3rdoba Capital y de los distintos puntos de interior provincial donde ATE cuenta con representaci\u00f3n gremial. <\/p>\n\n\n\n<div class=\"wp-block-image\"><figure class=\"alignright size-large is-resized\"><img loading=\"lazy\" decoding=\"async\" src=\"https:\/\/atecordoba.org\/wp-content\/uploads\/2022\/04\/20220426_103851-1024x576.jpg\" alt=\"\" class=\"wp-image-31628\" width=\"512\" height=\"288\" srcset=\"https:\/\/atecordoba.org\/wp-content\/uploads\/2022\/04\/20220426_103851-1024x576.jpg 1024w, https:\/\/atecordoba.org\/wp-content\/uploads\/2022\/04\/20220426_103851-300x169.jpg 300w, https:\/\/atecordoba.org\/wp-content\/uploads\/2022\/04\/20220426_103851-768x432.jpg 768w, https:\/\/atecordoba.org\/wp-content\/uploads\/2022\/04\/20220426_103851-1536x864.jpg 1536w, https:\/\/atecordoba.org\/wp-content\/uploads\/2022\/04\/20220426_103851-2048x1152.jpg 2048w, https:\/\/atecordoba.org\/wp-content\/uploads\/2022\/04\/20220426_103851-750x422.jpg 750w, https:\/\/atecordoba.org\/wp-content\/uploads\/2022\/04\/20220426_103851-1140x641.jpg 1140w\" sizes=\"auto, (max-width: 512px) 100vw, 512px\" \/><\/figure><\/div>\n\n\n\n<p>&#8220;Tenemos que discutir qu\u00e9 vamos a hacer, porque llegando a mayo el acuerdo paritario para revisar en agosto queda lejos. Sobre todo, por la inflaci\u00f3n de este primer cuatrimestre. El mi\u00e9rcoles pasado <a href=\"https:\/\/atecordoba.org\/?p=31514\">tuvimos un posicionamiento r\u00e1pido <\/a>frente a la postura del SEP y logramos una buena repercusi\u00f3n p\u00fablica, peg\u00f3 donde ten\u00eda que pegar&#8221;, explic\u00f3 Giuliani.<\/p>\n\n\n\n<p>&#8220;No podemos quedarnos quietos hasta agosto -insisti\u00f3 el dirigente- y por eso es importante que todos empecemos a aportar, sabiendo que entre la inflaci\u00f3n que traslada ingresos de los asalariados a los grupos concentrados y la paritaria a la baja son claramente el causal de la pulverizaci\u00f3n de nuestros ingresos. Porque, adem\u00e1s, en la paritaria no se discute el pase planta permanente, incorporaci\u00f3n de trabajadores y trabajadoras o mejores condiciones de trabajo&#8221;.<\/p>\n\n\n\n<p>Vale recordar que, con los n\u00fameros de marzo, la l\u00ednea de la pobreza del INDEC es de 90 mil pesos. <\/p>\n\n\n\n<p>&#8220;Esto significa que hay que empezar a discutir los montos, m\u00e1s all\u00e1 de los porcentajes, porque podemos hablar hoy de un 40% de aumento y tenemos que ver sobre qu\u00e9 salario. \u00bfSobre el de un monotributista de la SENAF de 15 o 20 mil pesos? \u00bfO empezamos a hablar de un salario que tenga un piso de dignidad? En su momento dijimos que el piso de dignidad es la l\u00ednea de la pobreza. Hoy esa l\u00ednea est\u00e1 en 90 mil pesos&#8221;, concluy\u00f3 el secretario General.<\/p>\n\n\n\n<p><strong>Articulaci\u00f3n con las y los jubilados<\/strong><\/p>\n\n\n\n<div class=\"wp-block-image\"><figure class=\"alignleft size-full is-resized\"><img loading=\"lazy\" decoding=\"async\" src=\"https:\/\/atecordoba.org\/wp-content\/uploads\/2022\/04\/IMG-20220426-WA0018.jpg\" alt=\"\" class=\"wp-image-31629\" width=\"496\" height=\"281\" srcset=\"https:\/\/atecordoba.org\/wp-content\/uploads\/2022\/04\/IMG-20220426-WA0018.jpg 603w, https:\/\/atecordoba.org\/wp-content\/uploads\/2022\/04\/IMG-20220426-WA0018-300x170.jpg 300w\" sizes=\"auto, (max-width: 496px) 100vw, 496px\" \/><\/figure><\/div>\n\n\n\n<p>En otro tramo del debate, Giuliani destac\u00f3 que ATE comenzar\u00e1 este a\u00f1o la articulaci\u00f3n de los provinciales con el Centro de Jubilados y record\u00f3 que nuestro gremio &#8220;es el \u00fanico de los que tiene actuaci\u00f3n en la Provincia que tiene aceptada la demanda de inconstitucionalidad dela reforma previsional de Schiaretti de mayo de 2020. M\u00e1s all\u00e1 de esa instancia, que seguramente llegar\u00e1 al TSJ y a la Corte m\u00e1s tarde, tenemos que planificar como acompa\u00f1ar la pelea que vienen dando los jubilados. Es importante empezar a unificar la pelea del activo con la de las y los jubilados&#8221;.<\/p>\n\n\n\n<p><strong>Que los precios los controle el gobierno<\/strong><\/p>\n\n\n\n<p>A su turno, el secretario General Adjunto de ATE C\u00f3rdoba, Hugo Duran, apunt\u00f3 que &#8220;ayer salieron versiones sobre la intervenci\u00f3n de la CGT en las pol\u00edticas de control de precios. Desde ATE sostenemos que la obligaci\u00f3n de los sindicatos no es participar en esas pol\u00edticas p\u00fablicas sino conseguirle aumento de sueldos a los trabajadores, que corresponde a la Secretaria de Comercio de la provincia. Las organizaciones sindicales tenemos responsabilidades bien concretas y no desviarse de eso&#8221;. <\/p>\n\n\n\n<p>Y consider\u00f3 que &#8220;si nos abren la mesa para discutir precios tambi\u00e9n queremos discutir a d\u00f3nde van los gastos oficiales, cu\u00e1nto se gasta en obra p\u00fablica y cu\u00e1nto en salud o educaci\u00f3n. El a\u00f1o pasado hicimos nuestro planteo cuando se discut\u00eda este presupuesto vigente en la Legislatura, recordando que el gobierno impuso ah\u00ed una partida para salarios con aumento del 30%. Vamos a profundizar la propaganda en las reparticiones para que los sectores conozcan nuestra propuesta, acompa\u00f1ado con asambleas en cada lugar de trabajo, con el objetivo de recomponer salarios para el mes que viene&#8221;.<\/p>\n\n\n\n<figure class=\"wp-block-gallery has-nested-images columns-default is-cropped wp-block-gallery-1 is-layout-flex wp-block-gallery-is-layout-flex\">\n<figure class=\"wp-block-image size-large\"><img loading=\"lazy\" decoding=\"async\" width=\"729\" height=\"411\" data-id=\"31640\" src=\"https:\/\/atecordoba.org\/wp-content\/uploads\/2022\/04\/IMG-20220426-WA0016-2.jpg\" alt=\"\" class=\"wp-image-31640\" srcset=\"https:\/\/atecordoba.org\/wp-content\/uploads\/2022\/04\/IMG-20220426-WA0016-2.jpg 729w, https:\/\/atecordoba.org\/wp-content\/uploads\/2022\/04\/IMG-20220426-WA0016-2-300x169.jpg 300w\" sizes=\"auto, (max-width: 729px) 100vw, 729px\" \/><\/figure>\n\n\n\n<figure class=\"wp-block-image size-large\"><img loading=\"lazy\" decoding=\"async\" width=\"729\" height=\"411\" data-id=\"31641\" src=\"https:\/\/atecordoba.org\/wp-content\/uploads\/2022\/04\/IMG-20220426-WA0017-2.jpg\" alt=\"\" class=\"wp-image-31641\" srcset=\"https:\/\/atecordoba.org\/wp-content\/uploads\/2022\/04\/IMG-20220426-WA0017-2.jpg 729w, https:\/\/atecordoba.org\/wp-content\/uploads\/2022\/04\/IMG-20220426-WA0017-2-300x169.jpg 300w\" sizes=\"auto, (max-width: 729px) 100vw, 729px\" \/><\/figure>\n\n\n\n<figure class=\"wp-block-image size-large\"><img loading=\"lazy\" decoding=\"async\" width=\"730\" height=\"411\" data-id=\"31642\" src=\"https:\/\/atecordoba.org\/wp-content\/uploads\/2022\/04\/IMG-20220426-WA0015-2.jpg\" alt=\"\" class=\"wp-image-31642\" srcset=\"https:\/\/atecordoba.org\/wp-content\/uploads\/2022\/04\/IMG-20220426-WA0015-2.jpg 730w, https:\/\/atecordoba.org\/wp-content\/uploads\/2022\/04\/IMG-20220426-WA0015-2-300x169.jpg 300w\" sizes=\"auto, (max-width: 730px) 100vw, 730px\" \/><\/figure>\n<\/figure>\n\n\n\n<div class=\"wp-block-image\"><figure class=\"aligncenter size-large is-resized\"><img loading=\"lazy\" decoding=\"async\" src=\"https:\/\/atecordoba.org\/wp-content\/uploads\/2022\/04\/20220426_103934-3-1024x576.jpg\" alt=\"\" class=\"wp-image-31643\" width=\"1024\" height=\"576\" srcset=\"https:\/\/atecordoba.org\/wp-content\/uploads\/2022\/04\/20220426_103934-3-1024x576.jpg 1024w, https:\/\/atecordoba.org\/wp-content\/uploads\/2022\/04\/20220426_103934-3-300x169.jpg 300w, https:\/\/atecordoba.org\/wp-content\/uploads\/2022\/04\/20220426_103934-3-768x432.jpg 768w, https:\/\/atecordoba.org\/wp-content\/uploads\/2022\/04\/20220426_103934-3-1536x864.jpg 1536w, https:\/\/atecordoba.org\/wp-content\/uploads\/2022\/04\/20220426_103934-3-2048x1152.jpg 2048w, https:\/\/atecordoba.org\/wp-content\/uploads\/2022\/04\/20220426_103934-3-750x422.jpg 750w, https:\/\/atecordoba.org\/wp-content\/uploads\/2022\/04\/20220426_103934-3-1140x641.jpg 1140w\" sizes=\"auto, (max-width: 1024px) 100vw, 1024px\" \/><\/figure><\/div>\n","protected":false},"excerpt":{"rendered":"<p>Hoy a media ma\u00f1ana dio comienzo al plenario de trabajadores y trabajadoras del Estado de la Provincia, convocado por el Consejo Directivo Provincial (CDP) con miras de reactivar la discusi\u00f3n paritaria, frente a la baj\u00edsima pauta salarial que el SEP acord\u00f3 con el gobernador Schiaretti del 30% en seis cuotas (porcentaje m\u00e1s bajo de todas [&hellip;]<\/p>\n","protected":false},"author":7,"featured_media":31635,"comment_status":"open","ping_status":"open","sticky":false,"template":"","format":"standard","meta":{"_exactmetrics_skip_tracking":false,"_exactmetrics_sitenote_active":false,"_exactmetrics_sitenote_note":"","_exactmetrics_sitenote_category":0,"jnews-multi-image_gallery":[],"jnews_single_post":{"subtitle":"Los sectores provinciales definieron, adem\u00e1s, acompa\u00f1ar la concentraci\u00f3n frente al IPAD en C\u00f3rdoba Capital este jueves 28 a las 10 hs. Tambi\u00e9n se aprob\u00f3 la realizaci\u00f3n de Asambleas conjuntas en distintas dependencias provinciales, el \"Alerta y Movilizaci\u00f3n\" sectorial y la realizaci\u00f3n de campa\u00f1as comunicacionales advirtiendo sobre la problem\u00e1tica salarial, el pedido de reapertura de paritarias y el fin de la precarizaci\u00f3n. \"Tenemos que empezar a discutir montos y no porcentajes\", dijo el secretario General de ATE C\u00f3rdoba, Federico Giuliani ya que \"la l\u00ednea de la pobreza del INDEC est\u00e1 en 90 mil pesos y gran parte de nuestras trabajadoras y trabajadores no llegan a ese monto\", alert\u00f3.","format":"standard","video":"","gallery":"","source_name":"","source_url":"","via_name":"","via_url":"","override_template":"0","override":[{"template":"1","single_blog_custom":"","parallax":"1","fullscreen":"1","layout":"right-sidebar","sidebar":"default-sidebar","second_sidebar":"default-sidebar","sticky_sidebar":"1","share_position":"top","share_float_style":"share-monocrhome","show_share_counter":"1","show_view_counter":"1","show_featured":"1","show_post_meta":"1","show_post_author":"1","show_post_author_image":"1","show_post_date":"1","post_date_format":"default","post_date_format_custom":"Y\/m\/d","show_post_category":"1","show_post_reading_time":"0","post_reading_time_wpm":"300","show_zoom_button":"0","zoom_button_out_step":"2","zoom_button_in_step":"3","show_post_tag":"1","show_prev_next_post":"1","show_popup_post":"1","number_popup_post":"1","show_author_box":"0","show_post_related":"0","show_inline_post_related":"0"}],"override_image_size":"0","image_override":[{"single_post_thumbnail_size":"crop-500","single_post_gallery_size":"crop-500"}],"trending_post":"0","trending_post_position":"meta","trending_post_label":"Trending","sponsored_post":"0","sponsored_post_label":"Sponsored by","sponsored_post_name":"","sponsored_post_url":"","sponsored_post_logo_enable":"0","sponsored_post_logo":"","sponsored_post_desc":"","disable_ad":"0"},"jnews_primary_category":{"id":""},"jnews_social_meta":{"fb_title":"Se realiza en ATE el plenario de las y los trabajadores del Estado provincial","fb_description":"","fb_image":"","twitter_title":"","twitter_description":"","twitter_image":""},"jnews_review":[],"enable_review":"0","type":"percentage","name":"","summary":"","brand":"","sku":"","good":[{"good_text":""}],"bad":[{"bad_text":""}],"score_override":"","override_value":"","rating":[{"rating_text":"","rating_number":"10"}],"price":[{"shop":"","price":"","link":"","icon":""}],"jnews_override_counter":{"override_view_counter":"0","view_counter_number":"0","override_share_counter":"0","share_counter_number":"0","override_like_counter":"0","like_counter_number":"0","override_dislike_counter":"0","dislike_counter_number":"0"},"jnews_post_split":{"enable_post_split":"0","post_split":[{"template":"1","tag":"h2","numbering":"asc","mode":"normal","first":"0","enable_toc":"0","toc_type":"normal"}]},"footnotes":""},"categories":[8],"tags":[561],"class_list":["post-31626","post","type-post","status-publish","format-standard","has-post-thumbnail","hentry","category-provinciales","tag-plenario-provincial"],"jetpack_featured_media_url":"https:\/\/atecordoba.org\/wp-content\/uploads\/2022\/04\/20220426_103934-1-scaled-e1650987164284.jpg","_links":{"self":[{"href":"https:\/\/atecordoba.org\/index.php?rest_route=\/wp\/v2\/posts\/31626","targetHints":{"allow":["GET"]}}],"collection":[{"href":"https:\/\/atecordoba.org\/index.php?rest_route=\/wp\/v2\/posts"}],"about":[{"href":"https:\/\/atecordoba.org\/index.php?rest_route=\/wp\/v2\/types\/post"}],"author":[{"embeddable":true,"href":"https:\/\/atecordoba.org\/index.php?rest_route=\/wp\/v2\/users\/7"}],"replies":[{"embeddable":true,"href":"https:\/\/atecordoba.org\/index.php?rest_route=%2Fwp%2Fv2%2Fcomments&post=31626"}],"version-history":[{"count":4,"href":"https:\/\/atecordoba.org\/index.php?rest_route=\/wp\/v2\/posts\/31626\/revisions"}],"predecessor-version":[{"id":31650,"href":"https:\/\/atecordoba.org\/index.php?rest_route=\/wp\/v2\/posts\/31626\/revisions\/31650"}],"wp:featuredmedia":[{"embeddable":true,"href":"https:\/\/atecordoba.org\/index.php?rest_route=\/wp\/v2\/media\/31635"}],"wp:attachment":[{"href":"https:\/\/atecordoba.org\/index.php?rest_route=%2Fwp%2Fv2%2Fmedia&parent=31626"}],"wp:term":[{"taxonomy":"category","embeddable":true,"href":"https:\/\/atecordoba.org\/index.php?rest_route=%2Fwp%2Fv2%2Fcategories&post=31626"},{"taxonomy":"post_tag","embeddable":true,"href":"https:\/\/atecordoba.org\/index.php?rest_route=%2Fwp%2Fv2%2Ftags&post=31626"}],"curies":[{"name":"wp","href":"https:\/\/api.w.org\/{rel}","templated":true}]}}