{"id":31604,"date":"2022-04-22T10:58:14","date_gmt":"2022-04-22T13:58:14","guid":{"rendered":"https:\/\/atecordoba.org\/?p=31604"},"modified":"2022-04-22T10:58:18","modified_gmt":"2022-04-22T13:58:18","slug":"ffmm-asamblea-conjunta-de-ate-villa-maria-ate-rio-tercero-y-ate-azul","status":"publish","type":"post","link":"https:\/\/atecordoba.org\/?p=31604","title":{"rendered":"FFMM: asamblea conjunta de ATE Villa Mar\u00eda, ATE R\u00edo Tercero y ATE Azul"},"content":{"rendered":"\n<figure class=\"wp-block-gallery has-nested-images columns-default is-cropped wp-block-gallery-1 is-layout-flex wp-block-gallery-is-layout-flex\">\n<figure class=\"wp-block-image size-large\"><a href=\"https:\/\/atecordoba.org\/wp-content\/uploads\/2022\/04\/fanazul-asamblea.jpg\"><img loading=\"lazy\" decoding=\"async\" width=\"916\" height=\"320\" data-id=\"31605\" src=\"https:\/\/atecordoba.org\/wp-content\/uploads\/2022\/04\/fanazul-asamblea.jpg\" alt=\"\" class=\"wp-image-31605\" srcset=\"https:\/\/atecordoba.org\/wp-content\/uploads\/2022\/04\/fanazul-asamblea.jpg 916w, https:\/\/atecordoba.org\/wp-content\/uploads\/2022\/04\/fanazul-asamblea-300x105.jpg 300w, https:\/\/atecordoba.org\/wp-content\/uploads\/2022\/04\/fanazul-asamblea-768x268.jpg 768w, https:\/\/atecordoba.org\/wp-content\/uploads\/2022\/04\/fanazul-asamblea-750x262.jpg 750w\" sizes=\"auto, (max-width: 916px) 100vw, 916px\" \/><\/a><\/figure>\n\n\n\n<figure class=\"wp-block-image size-large\"><a href=\"https:\/\/atecordoba.org\/wp-content\/uploads\/2022\/04\/fanazul.jpg\"><img decoding=\"async\" data-id=\"31606\" src=\"https:\/\/atecordoba.org\/wp-content\/uploads\/2022\/04\/fanazul.jpg\" alt=\"\" class=\"wp-image-31606\" \/><\/a><\/figure>\n\n\n\n<figure class=\"wp-block-image size-large\"><a href=\"https:\/\/atecordoba.org\/wp-content\/uploads\/2022\/04\/fanazul-asambleaII.jpg\"><img loading=\"lazy\" decoding=\"async\" width=\"919\" height=\"397\" data-id=\"31607\" src=\"https:\/\/atecordoba.org\/wp-content\/uploads\/2022\/04\/fanazul-asambleaII.jpg\" alt=\"\" class=\"wp-image-31607\" srcset=\"https:\/\/atecordoba.org\/wp-content\/uploads\/2022\/04\/fanazul-asambleaII.jpg 919w, https:\/\/atecordoba.org\/wp-content\/uploads\/2022\/04\/fanazul-asambleaII-300x130.jpg 300w, https:\/\/atecordoba.org\/wp-content\/uploads\/2022\/04\/fanazul-asambleaII-768x332.jpg 768w, https:\/\/atecordoba.org\/wp-content\/uploads\/2022\/04\/fanazul-asambleaII-750x324.jpg 750w\" sizes=\"auto, (max-width: 919px) 100vw, 919px\" \/><\/a><\/figure>\n<\/figure>\n\n\n\n<p>En el marco de las actividades de lucha que comenz\u00f3 el mi\u00e9rcoles pasado\u00a0 con la visita al Ministerio de Defensa , ATE Villa Mar\u00eda se hizo presente ayer en Fanazul, la F\u00e1brica Militar de la ciudad de Azul, en la provincia de Buenos Aires,\u00a0 para realizar una asamblea conjunta.<\/p>\n\n\n\n<p>En la ocasi\u00f3n los compa\u00f1eros de Villa Mar\u00eda fueron recibidos por el secretario General de la seccional ATE Azul, Eduardo Bercovich y la compa\u00f1era del Consejo Directivo de la Provincia de Buenos Aires :Vanina Zurita .<\/p>\n\n\n\n<p>Luego de un nutrido debate e intercambio de informaci\u00f3n con los trabajadores de la planta, se pudo rescatar la preocupaci\u00f3n de sus operarios por\u00a0 el estado actual de la planta productiva azule\u00f1a.<\/p>\n\n\n\n<p>Luego de soportar el cierre de parte de la gesti\u00f3n macrista ,hoy sus escasos trabajadores reingresados , aguardan la tan ansiada reactivaci\u00f3n.<\/p>\n\n\n\n<p>La asamblea estuvo encabezada por los compa\u00f1eros del Consejo Directivo Nacional Orestes Beto Galeano , Marcelo De Rito\u00a0 y Marcos Qui\u00f1ones, de Astillero R\u00edo Santiago, tambi\u00e9n estuvieron los compa\u00f1eros de R\u00edo Tercero, para todos juntos encontrar como punto en com\u00fan\u00a0 la inmediata puesta en marcha de la lucha conjunta de los trabajadores de Fabricaciones Militares, explicaron desde Villa Mar\u00eda.<\/p>\n\n\n\n<p>&#8220;Seguramente el los pr\u00f3ximos d\u00edas continuaremos est\u00e1 serie de\u00a0 asambleas conjuntas en las distintas unidades que tiene Fabricaciones Militares. Debemos recordar que la lucha siempre debe ser\u00a0 conjunta y sobre todo\u00a0 pelear por nuestra estabilidad laboral y la reactivaci\u00f3n productiva\u00a0de nuestra fuente laboral&#8221;, concluyeron.<\/p>\n","protected":false},"excerpt":{"rendered":"<p>En el marco de las actividades de lucha que comenz\u00f3 el mi\u00e9rcoles pasado\u00a0 con la visita al Ministerio de Defensa , ATE Villa Mar\u00eda se hizo presente ayer en Fanazul, la F\u00e1brica Militar de la ciudad de Azul, en la provincia de Buenos Aires,\u00a0 para realizar una asamblea conjunta. En la ocasi\u00f3n los compa\u00f1eros de [&hellip;]<\/p>\n","protected":false},"author":7,"featured_media":31606,"comment_status":"open","ping_status":"open","sticky":false,"template":"","format":"standard","meta":{"_exactmetrics_skip_tracking":false,"_exactmetrics_sitenote_active":false,"_exactmetrics_sitenote_note":"","_exactmetrics_sitenote_category":0,"jnews-multi-image_gallery":[],"jnews_single_post":{"subtitle":"La actividad forma parte del plan de lucha dispuesto la semana pasada frente al Ministerio de Defensa para exigir la reactivaci\u00f3n del organismo. ","format":"standard","video":"","gallery":"","source_name":"","source_url":"","via_name":"","via_url":"","override_template":"0","override":[{"template":"1","single_blog_custom":"","parallax":"1","fullscreen":"1","layout":"right-sidebar","sidebar":"default-sidebar","second_sidebar":"default-sidebar","sticky_sidebar":"1","share_position":"top","share_float_style":"share-monocrhome","show_share_counter":"1","show_view_counter":"1","show_featured":"1","show_post_meta":"1","show_post_author":"1","show_post_author_image":"1","show_post_date":"1","post_date_format":"default","post_date_format_custom":"Y\/m\/d","show_post_category":"1","show_post_reading_time":"0","post_reading_time_wpm":"300","show_zoom_button":"0","zoom_button_out_step":"2","zoom_button_in_step":"3","show_post_tag":"1","show_prev_next_post":"1","show_popup_post":"1","number_popup_post":"1","show_author_box":"0","show_post_related":"0","show_inline_post_related":"0"}],"override_image_size":"0","image_override":[{"single_post_thumbnail_size":"crop-500","single_post_gallery_size":"crop-500"}],"trending_post":"0","trending_post_position":"meta","trending_post_label":"Trending","sponsored_post":"0","sponsored_post_label":"Sponsored by","sponsored_post_name":"","sponsored_post_url":"","sponsored_post_logo_enable":"0","sponsored_post_logo":"","sponsored_post_desc":"","disable_ad":"0"},"jnews_primary_category":{"id":""},"jnews_social_meta":{"fb_title":"","fb_description":"","fb_image":"","twitter_title":"","twitter_description":"","twitter_image":""},"jnews_review":[],"enable_review":"0","type":"percentage","name":"","summary":"","brand":"","sku":"","good":[{"good_text":""}],"bad":[{"bad_text":""}],"score_override":"","override_value":"","rating":[{"rating_text":"","rating_number":"10"}],"price":[{"shop":"","price":"","link":"","icon":""}],"jnews_override_counter":{"override_view_counter":"0","view_counter_number":"0","override_share_counter":"0","share_counter_number":"0","override_like_counter":"0","like_counter_number":"0","override_dislike_counter":"0","dislike_counter_number":"0"},"jnews_post_split":{"enable_post_split":"0","post_split":[{"template":"1","tag":"h2","numbering":"asc","mode":"normal","first":"0","enable_toc":"0","toc_type":"normal"}]},"footnotes":""},"categories":[18],"tags":[1097,703],"class_list":["post-31604","post","type-post","status-publish","format-standard","has-post-thumbnail","hentry","category-nacionales","tag-fanazul","tag-ffmm"],"jetpack_featured_media_url":"https:\/\/atecordoba.org\/wp-content\/uploads\/2022\/04\/fanazul-e1650635799315.jpg","_links":{"self":[{"href":"https:\/\/atecordoba.org\/index.php?rest_route=\/wp\/v2\/posts\/31604","targetHints":{"allow":["GET"]}}],"collection":[{"href":"https:\/\/atecordoba.org\/index.php?rest_route=\/wp\/v2\/posts"}],"about":[{"href":"https:\/\/atecordoba.org\/index.php?rest_route=\/wp\/v2\/types\/post"}],"author":[{"embeddable":true,"href":"https:\/\/atecordoba.org\/index.php?rest_route=\/wp\/v2\/users\/7"}],"replies":[{"embeddable":true,"href":"https:\/\/atecordoba.org\/index.php?rest_route=%2Fwp%2Fv2%2Fcomments&post=31604"}],"version-history":[{"count":1,"href":"https:\/\/atecordoba.org\/index.php?rest_route=\/wp\/v2\/posts\/31604\/revisions"}],"predecessor-version":[{"id":31608,"href":"https:\/\/atecordoba.org\/index.php?rest_route=\/wp\/v2\/posts\/31604\/revisions\/31608"}],"wp:featuredmedia":[{"embeddable":true,"href":"https:\/\/atecordoba.org\/index.php?rest_route=\/wp\/v2\/media\/31606"}],"wp:attachment":[{"href":"https:\/\/atecordoba.org\/index.php?rest_route=%2Fwp%2Fv2%2Fmedia&parent=31604"}],"wp:term":[{"taxonomy":"category","embeddable":true,"href":"https:\/\/atecordoba.org\/index.php?rest_route=%2Fwp%2Fv2%2Fcategories&post=31604"},{"taxonomy":"post_tag","embeddable":true,"href":"https:\/\/atecordoba.org\/index.php?rest_route=%2Fwp%2Fv2%2Ftags&post=31604"}],"curies":[{"name":"wp","href":"https:\/\/api.w.org\/{rel}","templated":true}]}}