{"id":3160,"date":"2013-08-29T16:21:03","date_gmt":"2013-08-29T19:21:03","guid":{"rendered":"http:\/\/www.atecordoba.org\/?p=3160"},"modified":"2013-08-29T16:21:03","modified_gmt":"2013-08-29T19:21:03","slug":"julio-fuentes-sobre-la-represion-en-neuquen-el-pueblo-no-quiere-asistir-como-testigo-a-la-entrega","status":"publish","type":"post","link":"https:\/\/atecordoba.org\/?p=3160","title":{"rendered":"Julio Fuentes, sobre la represi\u00f3n en Neuqu\u00e9n: \u201cEl pueblo no quiere asistir como testigo a la entrega\u201d"},"content":{"rendered":"<p><em>El Secretario General de ATE repudi\u00f3 la violenta\u00a0represi\u00f3n policial sobre manifestantes\u00a0que intentaban protestar frente a la legislatura neuquina. Adem\u00e1s, volvi\u00f3 a rechazar el acuerdo YPF-Chevr\u00f3n por considerarlo \u201cvergonzoso\u201d.<\/em><\/p>\n<p style=\"text-align: center;\"><a href=\"http:\/\/www.atecordoba.org\/wp-content\/uploads\/2013\/08\/marcha-neuquen.jpg\"><img loading=\"lazy\" decoding=\"async\" class=\" wp-image-3161 aligncenter\" alt=\"marcha neuquen\" src=\"http:\/\/www.atecordoba.org\/wp-content\/uploads\/2013\/08\/marcha-neuquen.jpg\" width=\"540\" height=\"445\" \/><\/a><\/p>\n<p style=\"text-align: center;\">\n<p>\u201cEl pueblo de Neuqu\u00e9n no quiere asistir como testigo de esto, sino que quiere ser protagonista rechazando este acuerdo\u201d, asegur\u00f3 Fuentes.<\/p>\n<p>Desde las 10, organizaciones sindicales, sociales y mapuches se concentraron frente a la sede legislativa neuquina para repudiar el tratamiento del contrato casi secreto entre YPF y Chevr\u00f3n. Los militantes y vecinos all\u00ed convocados daban por descontada la aprobaci\u00f3n con mayor\u00eda simple del proyecto de ley. Los ediles que levantar\u00edan la mano pertenecen al MPN, kirchnerismo y aliados.<\/p>\n<p>\u201cEl pueblo neuquino quiere decidir sobre su futuro\u201d, lanz\u00f3 el Secretario General de ATE, y agreg\u00f3: \u201cEl reclamo es que no decidan los escasos 20 diputados que podr\u00e1n juntar entre el Movimiento Popular Neuquino y el Frente Para la Victoria\u201d. En este sentido, record\u00f3: \u201cRecordemos que en las \u00faltimas elecciones PASO el gobierno perdi\u00f3 la interna, entre otras cosas, por este tema\u201d.<\/p>\n<p>\u201cPor ejemplo, en\u00a0Loncopu\u00e9 se organiz\u00f3 una consulta popular\u00a0para decidir si el pueblo aceptaba o no la megaminer\u00eda. Sin dudas, si los neuquinos tuvi\u00e9ramos la posibilidad de votar rechazar\u00edamos mayoritariamente este convenio, que de aplicarse significar\u00e1 la muerte de los r\u00edos Neuqu\u00e9n y Limay (la cuenca de agua dulce mas grande de la Argentina)\u201d, argument\u00f3 Fuentes.<\/p>\n<p>El dirigente estatal compar\u00f3 la aprobaci\u00f3n del presente acuerdo con antiguas concesiones a Repsol: \u201cComo lo hicieron cuando tuvieron que aprobar el acuerdo para prorrogar la concesi\u00f3n a Repsol del yacimiento Loma de La Lata, es de la misma manera\u201d. Vale aclarar que en aquel entonces, al que hace referencia Fuentes, durante el gobierno de De La R\u00faa, la\u00a0Secretaria de Energ\u00eda era D\u00e9bora Giorgi -actual Ministra de Industria de la Naci\u00f3n. \u201cSe trata de los mismos actores de antes operando hoy\u201d, lanz\u00f3 el titular de ATE.<\/p>\n<p>&nbsp;<\/p>\n","protected":false},"excerpt":{"rendered":"<p>El Secretario General de ATE repudi\u00f3 la violenta\u00a0represi\u00f3n policial sobre manifestantes\u00a0que intentaban protestar frente a la legislatura neuquina. Adem\u00e1s, volvi\u00f3 a rechazar el acuerdo YPF-Chevr\u00f3n por considerarlo \u201cvergonzoso\u201d. \u201cEl pueblo de Neuqu\u00e9n no quiere asistir como testigo de esto, sino que quiere ser protagonista rechazando este acuerdo\u201d, asegur\u00f3 Fuentes. Desde las 10, organizaciones sindicales, sociales [&hellip;]<\/p>\n","protected":false},"author":1,"featured_media":19220,"comment_status":"open","ping_status":"open","sticky":false,"template":"","format":"standard","meta":{"_exactmetrics_skip_tracking":false,"_exactmetrics_sitenote_active":false,"_exactmetrics_sitenote_note":"","_exactmetrics_sitenote_category":0,"jnews-multi-image_gallery":[],"jnews_single_post":[],"jnews_primary_category":[],"jnews_social_meta":[],"jnews_review":[],"enable_review":"","type":"","name":"","summary":"","brand":"","sku":"","good":[],"bad":[],"score_override":"","override_value":"","rating":[],"price":[],"jnews_override_counter":[],"jnews_post_split":[],"footnotes":""},"categories":[18],"tags":[],"class_list":["post-3160","post","type-post","status-publish","format-standard","has-post-thumbnail","hentry","category-nacionales"],"jetpack_featured_media_url":"https:\/\/atecordoba.org\/wp-content\/uploads\/2020\/05\/logo-nuevochico-e1561581322808.png","_links":{"self":[{"href":"https:\/\/atecordoba.org\/index.php?rest_route=\/wp\/v2\/posts\/3160","targetHints":{"allow":["GET"]}}],"collection":[{"href":"https:\/\/atecordoba.org\/index.php?rest_route=\/wp\/v2\/posts"}],"about":[{"href":"https:\/\/atecordoba.org\/index.php?rest_route=\/wp\/v2\/types\/post"}],"author":[{"embeddable":true,"href":"https:\/\/atecordoba.org\/index.php?rest_route=\/wp\/v2\/users\/1"}],"replies":[{"embeddable":true,"href":"https:\/\/atecordoba.org\/index.php?rest_route=%2Fwp%2Fv2%2Fcomments&post=3160"}],"version-history":[{"count":0,"href":"https:\/\/atecordoba.org\/index.php?rest_route=\/wp\/v2\/posts\/3160\/revisions"}],"wp:featuredmedia":[{"embeddable":true,"href":"https:\/\/atecordoba.org\/index.php?rest_route=\/wp\/v2\/media\/19220"}],"wp:attachment":[{"href":"https:\/\/atecordoba.org\/index.php?rest_route=%2Fwp%2Fv2%2Fmedia&parent=3160"}],"wp:term":[{"taxonomy":"category","embeddable":true,"href":"https:\/\/atecordoba.org\/index.php?rest_route=%2Fwp%2Fv2%2Fcategories&post=3160"},{"taxonomy":"post_tag","embeddable":true,"href":"https:\/\/atecordoba.org\/index.php?rest_route=%2Fwp%2Fv2%2Ftags&post=3160"}],"curies":[{"name":"wp","href":"https:\/\/api.w.org\/{rel}","templated":true}]}}