{"id":31597,"date":"2022-04-22T10:18:42","date_gmt":"2022-04-22T13:18:42","guid":{"rendered":"https:\/\/atecordoba.org\/?p=31597"},"modified":"2022-04-22T10:18:47","modified_gmt":"2022-04-22T13:18:47","slug":"giuliani-mantuvo-una-audiencia-en-el-ministerio-de-defensa-y-traslado-el-reclamo-por-las-reincorporaciones-en-fadea-y-la-situacion-del-personal-civil-de-las-ffaa","status":"publish","type":"post","link":"https:\/\/atecordoba.org\/?p=31597","title":{"rendered":"Giuliani mantuvo una audiencia en el Ministerio de Defensa y traslad\u00f3 el reclamo por las reincorporaciones en FADEA y la situaci\u00f3n del Personal Civil de las FFAA"},"content":{"rendered":"\n<div class=\"wp-block-image\"><figure class=\"aligncenter size-large is-resized\"><img loading=\"lazy\" decoding=\"async\" src=\"https:\/\/atecordoba.org\/wp-content\/uploads\/2022\/04\/IMG_20220421_183931_709-1024x576.webp\" alt=\"\" class=\"wp-image-31599\" width=\"768\" height=\"432\" \/><\/figure><\/div>\n\n\n\n<p>En la tarde de ayer el secretario General de ATE C\u00f3rdoba, Federico Giuliani, fue recibido por el jefe de Gabinete del Ministerio de Defensa de la Naci\u00f3n, H\u00e9ctor Santiago Mazzei, en la sede de la cartera de Defensa, en CABA.<\/p>\n\n\n\n<p>En la oportunidad, Giuliani le traslad\u00f3 al funcionario la situaci\u00f3n que afrontan las y los despedidos de FADEA durante el macrismo, ya que en ning\u00fan caso se pudieron realizar reincorporaciones como si sucede en otros organismos del Estado. <\/p>\n\n\n\n<p>De la misma forma, el dirigente hizo entrega de un petitorio plasmando la preocupaci\u00f3n de ATE con respecto a la realidad de las y los trabajadores de Personal Civil de las Fuerzas Armadas en la Provincia de C\u00f3rdoba.<\/p>\n\n\n\n<figure class=\"wp-block-gallery has-nested-images columns-default is-cropped wp-block-gallery-1 is-layout-flex wp-block-gallery-is-layout-flex\">\n<figure class=\"wp-block-image size-large\"><a href=\"https:\/\/atecordoba.org\/wp-content\/uploads\/2022\/04\/IMG_20220421_183931_951.webp\"><img loading=\"lazy\" decoding=\"async\" width=\"1024\" height=\"576\" data-id=\"31601\" src=\"https:\/\/atecordoba.org\/wp-content\/uploads\/2022\/04\/IMG_20220421_183931_951-1024x576.webp\" alt=\"\" class=\"wp-image-31601\" srcset=\"https:\/\/atecordoba.org\/wp-content\/uploads\/2022\/04\/IMG_20220421_183931_951-1024x576.webp 1024w, https:\/\/atecordoba.org\/wp-content\/uploads\/2022\/04\/IMG_20220421_183931_951-300x169.webp 300w, https:\/\/atecordoba.org\/wp-content\/uploads\/2022\/04\/IMG_20220421_183931_951-768x432.webp 768w, https:\/\/atecordoba.org\/wp-content\/uploads\/2022\/04\/IMG_20220421_183931_951-750x422.webp 750w, https:\/\/atecordoba.org\/wp-content\/uploads\/2022\/04\/IMG_20220421_183931_951.webp 1080w\" sizes=\"auto, (max-width: 1024px) 100vw, 1024px\" \/><\/a><\/figure>\n\n\n\n<figure class=\"wp-block-image size-large\"><a href=\"https:\/\/atecordoba.org\/wp-content\/uploads\/2022\/04\/IMG_20220421_183931_864.webp\"><img loading=\"lazy\" decoding=\"async\" width=\"1024\" height=\"576\" data-id=\"31600\" src=\"https:\/\/atecordoba.org\/wp-content\/uploads\/2022\/04\/IMG_20220421_183931_864-1024x576.webp\" alt=\"\" class=\"wp-image-31600\" srcset=\"https:\/\/atecordoba.org\/wp-content\/uploads\/2022\/04\/IMG_20220421_183931_864-1024x576.webp 1024w, https:\/\/atecordoba.org\/wp-content\/uploads\/2022\/04\/IMG_20220421_183931_864-300x169.webp 300w, https:\/\/atecordoba.org\/wp-content\/uploads\/2022\/04\/IMG_20220421_183931_864-768x432.webp 768w, https:\/\/atecordoba.org\/wp-content\/uploads\/2022\/04\/IMG_20220421_183931_864-750x422.webp 750w, https:\/\/atecordoba.org\/wp-content\/uploads\/2022\/04\/IMG_20220421_183931_864.webp 1080w\" sizes=\"auto, (max-width: 1024px) 100vw, 1024px\" \/><\/a><\/figure>\n\n\n\n<figure class=\"wp-block-image size-large\"><a href=\"https:\/\/atecordoba.org\/wp-content\/uploads\/2022\/04\/IMG_20220421_183931_910.webp\"><img loading=\"lazy\" decoding=\"async\" width=\"1024\" height=\"768\" data-id=\"31602\" src=\"https:\/\/atecordoba.org\/wp-content\/uploads\/2022\/04\/IMG_20220421_183931_910-1024x768.webp\" alt=\"\" class=\"wp-image-31602\" srcset=\"https:\/\/atecordoba.org\/wp-content\/uploads\/2022\/04\/IMG_20220421_183931_910-1024x768.webp 1024w, https:\/\/atecordoba.org\/wp-content\/uploads\/2022\/04\/IMG_20220421_183931_910-300x225.webp 300w, https:\/\/atecordoba.org\/wp-content\/uploads\/2022\/04\/IMG_20220421_183931_910-768x576.webp 768w, https:\/\/atecordoba.org\/wp-content\/uploads\/2022\/04\/IMG_20220421_183931_910-750x563.webp 750w, https:\/\/atecordoba.org\/wp-content\/uploads\/2022\/04\/IMG_20220421_183931_910.webp 1080w\" sizes=\"auto, (max-width: 1024px) 100vw, 1024px\" \/><\/a><\/figure>\n<\/figure>\n\n\n\n<p>A la salidas de la audiencia Giuliani destac\u00f3 que &#8220;por primera vez se abre un canal de di\u00e1logo institucional entre nuestro Consejo Directivo Provincial con el Ministerio de Defensa&#8221;,  y valor\u00f3 &#8220;la voluntad pol\u00edtica de construir institucionalidad por parte del ministro Jorge Taiana&#8221;.<\/p>\n\n\n\n<p>Acompa\u00f1\u00f3 al Secretario General, Javier Bracamonte, referente del sector de civiles de las FFAA de C\u00f3rdoba.<\/p>\n\n\n\n<p>&#8220;Necesitamos generar un cronograma de reincorporaciones en FADEA&#8221; dijo el dirigente y apunt\u00f3 tambi\u00e9n a &#8220;los bajos salarios de los trabajadores civiles de las FFAA as\u00ed como nuestra preocupaci\u00f3n porque soldados voluntarios est\u00e1n tomando puestos de trabajo que han sido hist\u00f3ricamente de civiles&#8221;.<\/p>\n\n\n\n<p>Acceda al petitorio completo:<\/p>\n\n\n\n<p> <\/p>\n\n\n<a href=\"https:\/\/atecordoba.org\/wp-content\/uploads\/2022\/04\/jefe-de-Gabinete.pdf\" class=\"pdfemb-viewer\" style=\"\" data-width=\"max\" data-height=\"max\" data-toolbar=\"bottom\" data-toolbar-fixed=\"off\">jefe-de-Gabinete<\/a>\n<p class=\"wp-block-pdfemb-pdf-embedder-viewer\"><\/p>\n","protected":false},"excerpt":{"rendered":"<p>En la tarde de ayer el secretario General de ATE C\u00f3rdoba, Federico Giuliani, fue recibido por el jefe de Gabinete del Ministerio de Defensa de la Naci\u00f3n, H\u00e9ctor Santiago Mazzei, en la sede de la cartera de Defensa, en CABA. En la oportunidad, Giuliani le traslad\u00f3 al funcionario la situaci\u00f3n que afrontan las y los [&hellip;]<\/p>\n","protected":false},"author":7,"featured_media":31599,"comment_status":"open","ping_status":"open","sticky":false,"template":"","format":"standard","meta":{"_exactmetrics_skip_tracking":false,"_exactmetrics_sitenote_active":false,"_exactmetrics_sitenote_note":"","_exactmetrics_sitenote_category":0,"jnews-multi-image_gallery":[],"jnews_single_post":{"subtitle":"El secretario General de ATE C\u00f3rdoba destac\u00f3 \"la voluntad pol\u00edtica de construir institucionalidad por parte del ministro Jorge Taiana\".","format":"standard","video":"","gallery":"","source_name":"","source_url":"","via_name":"","via_url":"","override_template":"0","override":[{"template":"1","single_blog_custom":"","parallax":"1","fullscreen":"1","layout":"right-sidebar","sidebar":"default-sidebar","second_sidebar":"default-sidebar","sticky_sidebar":"1","share_position":"top","share_float_style":"share-monocrhome","show_share_counter":"1","show_view_counter":"1","show_featured":"1","show_post_meta":"1","show_post_author":"1","show_post_author_image":"1","show_post_date":"1","post_date_format":"default","post_date_format_custom":"Y\/m\/d","show_post_category":"1","show_post_reading_time":"0","post_reading_time_wpm":"300","show_zoom_button":"0","zoom_button_out_step":"2","zoom_button_in_step":"3","show_post_tag":"1","show_prev_next_post":"1","show_popup_post":"1","number_popup_post":"1","show_author_box":"0","show_post_related":"0","show_inline_post_related":"0"}],"override_image_size":"0","image_override":[{"single_post_thumbnail_size":"crop-500","single_post_gallery_size":"crop-500"}],"trending_post":"0","trending_post_position":"meta","trending_post_label":"Trending","sponsored_post":"0","sponsored_post_label":"Sponsored by","sponsored_post_name":"","sponsored_post_url":"","sponsored_post_logo_enable":"0","sponsored_post_logo":"","sponsored_post_desc":"","disable_ad":"0"},"jnews_primary_category":{"id":""},"jnews_social_meta":{"fb_title":"Nacionales: Giuliani mantuvo una audiencia en el Ministerio de Defensa y traslad\u00f3 el reclamo por las reincorporaciones en FADEA y la situaci\u00f3n del Personal Civil de las FFAA","fb_description":"","fb_image":"","twitter_title":"","twitter_description":"","twitter_image":""},"jnews_review":[],"enable_review":"0","type":"percentage","name":"","summary":"","brand":"","sku":"","good":[{"good_text":""}],"bad":[{"bad_text":""}],"score_override":"","override_value":"","rating":[{"rating_text":"","rating_number":"10"}],"price":[{"shop":"","price":"","link":"","icon":""}],"jnews_override_counter":{"override_view_counter":"0","view_counter_number":"0","override_share_counter":"0","share_counter_number":"0","override_like_counter":"0","like_counter_number":"0","override_dislike_counter":"0","dislike_counter_number":"0"},"jnews_post_split":{"enable_post_split":"0","post_split":[{"template":"1","tag":"h2","numbering":"asc","mode":"normal","first":"0","enable_toc":"0","toc_type":"normal"}]},"footnotes":""},"categories":[18],"tags":[165,1095,392],"class_list":["post-31597","post","type-post","status-publish","format-standard","has-post-thumbnail","hentry","category-nacionales","tag-fadea","tag-ministerio-de-defensa","tag-personal-civil-ff-aa"],"jetpack_featured_media_url":"https:\/\/atecordoba.org\/wp-content\/uploads\/2022\/04\/IMG_20220421_183931_709-e1650633424664.webp","_links":{"self":[{"href":"https:\/\/atecordoba.org\/index.php?rest_route=\/wp\/v2\/posts\/31597","targetHints":{"allow":["GET"]}}],"collection":[{"href":"https:\/\/atecordoba.org\/index.php?rest_route=\/wp\/v2\/posts"}],"about":[{"href":"https:\/\/atecordoba.org\/index.php?rest_route=\/wp\/v2\/types\/post"}],"author":[{"embeddable":true,"href":"https:\/\/atecordoba.org\/index.php?rest_route=\/wp\/v2\/users\/7"}],"replies":[{"embeddable":true,"href":"https:\/\/atecordoba.org\/index.php?rest_route=%2Fwp%2Fv2%2Fcomments&post=31597"}],"version-history":[{"count":1,"href":"https:\/\/atecordoba.org\/index.php?rest_route=\/wp\/v2\/posts\/31597\/revisions"}],"predecessor-version":[{"id":31603,"href":"https:\/\/atecordoba.org\/index.php?rest_route=\/wp\/v2\/posts\/31597\/revisions\/31603"}],"wp:featuredmedia":[{"embeddable":true,"href":"https:\/\/atecordoba.org\/index.php?rest_route=\/wp\/v2\/media\/31599"}],"wp:attachment":[{"href":"https:\/\/atecordoba.org\/index.php?rest_route=%2Fwp%2Fv2%2Fmedia&parent=31597"}],"wp:term":[{"taxonomy":"category","embeddable":true,"href":"https:\/\/atecordoba.org\/index.php?rest_route=%2Fwp%2Fv2%2Fcategories&post=31597"},{"taxonomy":"post_tag","embeddable":true,"href":"https:\/\/atecordoba.org\/index.php?rest_route=%2Fwp%2Fv2%2Ftags&post=31597"}],"curies":[{"name":"wp","href":"https:\/\/api.w.org\/{rel}","templated":true}]}}