{"id":31594,"date":"2022-04-22T09:32:11","date_gmt":"2022-04-22T12:32:11","guid":{"rendered":"https:\/\/atecordoba.org\/?p=31594"},"modified":"2022-04-22T09:32:15","modified_gmt":"2022-04-22T12:32:15","slug":"historia-en-1946-nace-la-seccional-villa-maria","status":"publish","type":"post","link":"https:\/\/atecordoba.org\/?p=31594","title":{"rendered":"Historia: en 1946 nace la Seccional Villa Mar\u00eda"},"content":{"rendered":"\n<div class=\"wp-block-image\"><figure class=\"aligncenter size-full\"><img decoding=\"async\" src=\"https:\/\/atecordoba.org\/wp-content\/uploads\/2022\/04\/ate-iloveimg-resized-1.jpg\" alt=\"\" class=\"wp-image-31595\" \/><\/figure><\/div>\n\n\n\n<p>Con motivo de celebrarse el 76\u00b0 aniversario de la fundaci\u00f3n de la seccional, bien vale rescatar los hechos que dieron lugar a su nacimiento. <\/p>\n\n\n\n<p>Y apelamos al historiador Daniel Parcero -escritor revisionista de la ATE- que con el fin de rescatar en formato libro la historia organizativa de los trabajadores estatales cordobeses nos cuenta sobre los albores del nacimiento de nuestra seccional, creada el 21 de abril de 1946.<\/p>\n\n\n\n<p>Tal como consta en las actas nacionales de nuestro gremio, de acuerdo a la pormenorizada tarea investigativa llevada adelante por Daniel, en la segunda semana del mes de abril del citado a\u00f1o, Personal Civil de La F\u00e1brica Militar de P\u00f3lvora y Explosivos (FMPE) de Villa Mar\u00eda, solicita por nota a las autoridades del Consejo Nacional que: \u201cpara el d\u00eda 21 se haga presente en dicha ciudad un representante a fin de dejar constituida la seccional de los obreros y empleados del Estado, a la que se incorporar\u00e1n adem\u00e1s los trabajadores de Obras Sanitarias que hasta el momento y desde 1937, se alineaban en la Seccional C\u00f3rdoba, por carecer hasta \u00e9se entonces de la cantidad de afiliados m\u00ednima requerida por los estatutos sin poder dejar conformada siquiera una delegaci\u00f3n\u201d. El tema es tratado en el punto \u201ccorrespondencia recibida\u201d del orden del d\u00eda y resulta aprobado por unanimidad.<\/p>\n\n\n\n<p>En la siguiente reuni\u00f3n del Consejo Directivo Nacional, antes de finalizar el mes, el punto del orden del d\u00eda referido a \u201cgestiones\u201d se hace saber que \u201ccomo resultado de la Asamblea requerida en Villa Mar\u00eda por personal civil de La F\u00e1brica Militar de P\u00f3lvora y Explosivos, el 21 del corriente mes, la misma se realiz\u00f3 con total \u00e9xito siendo electo secretario general Juan S\u00e1nchez; pro secretario, Carlos Vaca; secretario de actas Mart\u00edn Ramos; tesorero, Angel Esramunza, pro tesorero, Saverio Nejotich; vocales titulares. Miguel Lozita, Atilio Kirchuer, Armando Garc\u00eda, Ives Pozzuele, Bernardo Scaraglia, Rom\u00e1s Sahamanini. Vocales suplentes: Francisco Ant\u00fanez, Lu\u00eds Ceaglio, Emilio Hern\u00e1ndez, Alfredo Parissia y Pedro Palomo. Comisi\u00f3n de Gestiones, S\u00e1nchez, Vaca, Saveri, Nejotich, Lozita y Scaraglia\u201d.<\/p>\n\n\n\n<p>La F\u00e1brica Militar de P\u00f3lvoras y Explosivos Villa Mar\u00eda, se hab\u00eda creado en 1937. Su origen trata de una iniciativa del Ministerio de Guerra, que en 1926 realiz\u00f3 estudios sobre la necesidad de tener una planta que permitiera a la Argentina abastecer p\u00f3lvoras y explosivos a las Fuerzas Armadas y de Seguridad, de acuerdo a las exigencias del Sistema de Producci\u00f3n para la Defensa Nacional. Sus instalaciones se encuentran en un predio de 316 hect\u00e1reas, ubicado aproximadamente a 7 kil\u00f3metros del centro de la ciudad de Villa Mar\u00eda, en la provincia de C\u00f3rdoba. En su inicio, funcionaron las plantas de \u00c9ter Diet\u00edlico, P\u00f3lvoras Monob\u00e1sicas, P\u00f3lvoras de doble base, Nitrocelulosas, de \u00e1cidos, de nitroglicerina y de dinamita.<\/p>\n\n\n\n<p>Justamente para 1937, desde Obras Sanitarias de Villa Mar\u00eda llegar\u00e1 al Consejo Nacional la primera afiliaci\u00f3n directa por parte del obrero Alfredo P\u00e9rez, quien participar\u00e1 en la primera Asamblea Anual Ordinaria de la entonces Seccional ATE C\u00f3rdoba Capital, siendo electo secretario general.<\/p>\n\n\n\n<p>Pasar\u00e1n dos a\u00f1os para que el entonces secretario general nacional, Jos\u00e9 Vicente Tesorieri por medio del citado P\u00e9rez, visite Villa Mar\u00eda para reunirse con un n\u00famero reducido de trabajadores de Obras Sanitarias, que se afilian de manera directa, pero, como se se\u00f1ala m\u00e1s arriba, sin alcanzar a contar con el n\u00famero suficiente requerido para dejar constituida una delegaci\u00f3n.<\/p>\n\n\n\n<p>Siete a\u00f1os despu\u00e9s, finalmente, queda consagrada la primera comisi\u00f3n directiva de la Seccional Villa Mar\u00eda, que de inmediato comenzar\u00e1 a gestionar acciones en procura de lograr mejoras frente a las condiciones de precariedad laboral existentes en el sector a la que pertenec\u00edan la mayor\u00eda de sus afiliados.<\/p>\n\n\n\n<p>Habr\u00e1 que esperar hasta el mes de octubre, con la aparici\u00f3n del mencionado libro, para saber m\u00e1s sobre el desarrollo organizativo de nuestra seccional hasta la llegada de la democracia de la mano de la Lista Verde ANUSATE.<\/p>\n","protected":false},"excerpt":{"rendered":"<p>Con motivo de celebrarse el 76\u00b0 aniversario de la fundaci\u00f3n de la seccional, bien vale rescatar los hechos que dieron lugar a su nacimiento. Y apelamos al historiador Daniel Parcero -escritor revisionista de la ATE- que con el fin de rescatar en formato libro la historia organizativa de los trabajadores estatales cordobeses nos cuenta sobre [&hellip;]<\/p>\n","protected":false},"author":7,"featured_media":31595,"comment_status":"open","ping_status":"open","sticky":false,"template":"","format":"standard","meta":{"_exactmetrics_skip_tracking":false,"_exactmetrics_sitenote_active":false,"_exactmetrics_sitenote_note":"","_exactmetrics_sitenote_category":0,"jnews-multi-image_gallery":[],"jnews_single_post":{"subtitle":"ATE Villa Mar\u00eda celebra el 76 aniversario de su creaci\u00f3n","format":"standard","video":"","gallery":"","source_name":"","source_url":"","via_name":"","via_url":"","override_template":"0","override":[{"template":"1","single_blog_custom":"","parallax":"1","fullscreen":"1","layout":"right-sidebar","sidebar":"default-sidebar","second_sidebar":"default-sidebar","sticky_sidebar":"1","share_position":"top","share_float_style":"share-monocrhome","show_share_counter":"1","show_view_counter":"1","show_featured":"1","show_post_meta":"1","show_post_author":"1","show_post_author_image":"1","show_post_date":"1","post_date_format":"default","post_date_format_custom":"Y\/m\/d","show_post_category":"1","show_post_reading_time":"0","post_reading_time_wpm":"300","show_zoom_button":"0","zoom_button_out_step":"2","zoom_button_in_step":"3","show_post_tag":"1","show_prev_next_post":"1","show_popup_post":"1","number_popup_post":"1","show_author_box":"0","show_post_related":"0","show_inline_post_related":"0"}],"override_image_size":"0","image_override":[{"single_post_thumbnail_size":"crop-500","single_post_gallery_size":"crop-500"}],"trending_post":"0","trending_post_position":"meta","trending_post_label":"Trending","sponsored_post":"0","sponsored_post_label":"Sponsored by","sponsored_post_name":"","sponsored_post_url":"","sponsored_post_logo_enable":"0","sponsored_post_logo":"","sponsored_post_desc":"","disable_ad":"0"},"jnews_primary_category":{"id":""},"jnews_social_meta":{"fb_title":"ATE Villa Mar\u00eda celebra el 76 aniversario de su creaci\u00f3n","fb_description":"","fb_image":"","twitter_title":"","twitter_description":"","twitter_image":""},"jnews_review":[],"enable_review":"0","type":"percentage","name":"","summary":"","brand":"","sku":"","good":[{"good_text":""}],"bad":[{"bad_text":""}],"score_override":"","override_value":"","rating":[{"rating_text":"","rating_number":"10"}],"price":[{"shop":"","price":"","link":"","icon":""}],"jnews_override_counter":{"override_view_counter":"0","view_counter_number":"0","override_share_counter":"0","share_counter_number":"0","override_like_counter":"0","like_counter_number":"0","override_dislike_counter":"0","dislike_counter_number":"0"},"jnews_post_split":{"enable_post_split":"0","post_split":[{"template":"1","tag":"h2","numbering":"asc","mode":"normal","first":"0","enable_toc":"0","toc_type":"normal"}]},"footnotes":""},"categories":[14],"tags":[1094,913],"class_list":["post-31594","post","type-post","status-publish","format-standard","has-post-thumbnail","hentry","category-villa-maria","tag-creacion-seccional","tag-historia"],"jetpack_featured_media_url":"https:\/\/atecordoba.org\/wp-content\/uploads\/2022\/04\/ate-iloveimg-resized-1-e1650630701647.jpg","_links":{"self":[{"href":"https:\/\/atecordoba.org\/index.php?rest_route=\/wp\/v2\/posts\/31594","targetHints":{"allow":["GET"]}}],"collection":[{"href":"https:\/\/atecordoba.org\/index.php?rest_route=\/wp\/v2\/posts"}],"about":[{"href":"https:\/\/atecordoba.org\/index.php?rest_route=\/wp\/v2\/types\/post"}],"author":[{"embeddable":true,"href":"https:\/\/atecordoba.org\/index.php?rest_route=\/wp\/v2\/users\/7"}],"replies":[{"embeddable":true,"href":"https:\/\/atecordoba.org\/index.php?rest_route=%2Fwp%2Fv2%2Fcomments&post=31594"}],"version-history":[{"count":1,"href":"https:\/\/atecordoba.org\/index.php?rest_route=\/wp\/v2\/posts\/31594\/revisions"}],"predecessor-version":[{"id":31596,"href":"https:\/\/atecordoba.org\/index.php?rest_route=\/wp\/v2\/posts\/31594\/revisions\/31596"}],"wp:featuredmedia":[{"embeddable":true,"href":"https:\/\/atecordoba.org\/index.php?rest_route=\/wp\/v2\/media\/31595"}],"wp:attachment":[{"href":"https:\/\/atecordoba.org\/index.php?rest_route=%2Fwp%2Fv2%2Fmedia&parent=31594"}],"wp:term":[{"taxonomy":"category","embeddable":true,"href":"https:\/\/atecordoba.org\/index.php?rest_route=%2Fwp%2Fv2%2Fcategories&post=31594"},{"taxonomy":"post_tag","embeddable":true,"href":"https:\/\/atecordoba.org\/index.php?rest_route=%2Fwp%2Fv2%2Ftags&post=31594"}],"curies":[{"name":"wp","href":"https:\/\/api.w.org\/{rel}","templated":true}]}}