{"id":31576,"date":"2022-04-21T14:12:47","date_gmt":"2022-04-21T17:12:47","guid":{"rendered":"https:\/\/atecordoba.org\/?p=31576"},"modified":"2022-04-21T14:12:52","modified_gmt":"2022-04-21T17:12:52","slug":"convocan-a-plenario-provincial-de-estatales-de-la-provincia-para-el-martes-26-de-abril","status":"publish","type":"post","link":"https:\/\/atecordoba.org\/?p=31576","title":{"rendered":"Convocan a Plenario provincial de estatales de la Provincia para el martes 26 de abril"},"content":{"rendered":"\n<div class=\"wp-block-image\"><figure class=\"aligncenter size-large is-resized\"><img loading=\"lazy\" decoding=\"async\" src=\"https:\/\/atecordoba.org\/wp-content\/uploads\/2022\/04\/IMG-20220421-WA0087-1024x1024.jpg\" alt=\"\" class=\"wp-image-31578\" width=\"768\" height=\"768\" \/><\/figure><\/div>\n\n\n\n<p>ATE C\u00f3rdoba convoca a un plenario provincial de trabajadores y trabajadoras estatales del \u00e1mbito provincial, tras comunicar ayer el estado de alerta y movilizaci\u00f3n de los provinciales, ante al falta de convocatoria del gobierno de C\u00f3rdoba a nuestro gremio a la mesa paritaria.<\/p>\n\n\n\n<p>La escalada inflacionaria, sumado a la miserable recomposici\u00f3n acordada entre Schiaretti y el Unicato Sindical del 30% en comod\u00edsimas cuotas -para el gobierno- se vieron desbordadas por el clamor uniforme de las y los provinciales en todos los puntos de la administraci\u00f3n p\u00fablica. <\/p>\n\n\n\n<p>En consecuencia, el pr\u00f3ximo 26 de abril, a las 10 horas, se llevar\u00e1 a cabo este plenario de provinciales donde est\u00e1 convocados sectores de salud, administraci\u00f3n central, educaci\u00f3n y dependencias. <\/p>\n\n\n\n<p>Por: <\/p>\n\n\n\n<ul class=\"wp-block-list\"><li>Reapertura de la discusi\u00f3n salarial\u00a0<\/li><li>Incorporaci\u00f3n de ATE a la mesa paritaria<\/li><li>60% aumento a todos los escalafones\u00a0<\/li><li>M\u00e1s Presupuesto\u00a0<\/li><li>Pases a planta<\/li><\/ul>\n\n\n\n<p class=\"has-text-align-center\">&nbsp;*| ATE SIEMPRE EST\u00c1 |*&nbsp;<\/p>\n","protected":false},"excerpt":{"rendered":"<p>ATE C\u00f3rdoba convoca a un plenario provincial de trabajadores y trabajadoras estatales del \u00e1mbito provincial, tras comunicar ayer el estado de alerta y movilizaci\u00f3n de los provinciales, ante al falta de convocatoria del gobierno de C\u00f3rdoba a nuestro gremio a la mesa paritaria. La escalada inflacionaria, sumado a la miserable recomposici\u00f3n acordada entre Schiaretti y [&hellip;]<\/p>\n","protected":false},"author":7,"featured_media":31578,"comment_status":"open","ping_status":"open","sticky":false,"template":"","format":"standard","meta":{"_exactmetrics_skip_tracking":false,"_exactmetrics_sitenote_active":false,"_exactmetrics_sitenote_note":"","_exactmetrics_sitenote_category":0,"jnews-multi-image_gallery":[],"jnews_single_post":{"subtitle":"\"Los gremios amigos del \u201cCordobesismo\u201d acordaron un incremento salarial del 30%, pagadero en seis c\u00f3modas cuotas, en una nueva muestra de claudicaci\u00f3n y entrega de derechos, cuando casi todas las provincias firmaron aumentos de entre un 45 y 60%\", afirm\u00f3 el secretario General de ATE, Federico Giuliani.","format":"standard","video":"","gallery":"","source_name":"","source_url":"","via_name":"","via_url":"","override_template":"0","override":[{"template":"1","single_blog_custom":"","parallax":"1","fullscreen":"1","layout":"right-sidebar","sidebar":"default-sidebar","second_sidebar":"default-sidebar","sticky_sidebar":"1","share_position":"top","share_float_style":"share-monocrhome","show_share_counter":"1","show_view_counter":"1","show_featured":"1","show_post_meta":"1","show_post_author":"1","show_post_author_image":"1","show_post_date":"1","post_date_format":"default","post_date_format_custom":"Y\/m\/d","show_post_category":"1","show_post_reading_time":"0","post_reading_time_wpm":"300","show_zoom_button":"0","zoom_button_out_step":"2","zoom_button_in_step":"3","show_post_tag":"1","show_prev_next_post":"1","show_popup_post":"1","number_popup_post":"1","show_author_box":"0","show_post_related":"0","show_inline_post_related":"0"}],"override_image_size":"0","image_override":[{"single_post_thumbnail_size":"crop-500","single_post_gallery_size":"crop-500"}],"trending_post":"0","trending_post_position":"meta","trending_post_label":"Trending","sponsored_post":"0","sponsored_post_label":"Sponsored by","sponsored_post_name":"","sponsored_post_url":"","sponsored_post_logo_enable":"0","sponsored_post_logo":"","sponsored_post_desc":"","disable_ad":"0"},"jnews_primary_category":{"id":""},"jnews_social_meta":{"fb_title":"","fb_description":"","fb_image":"","twitter_title":"","twitter_description":"","twitter_image":""},"jnews_review":[],"enable_review":"0","type":"percentage","name":"","summary":"","brand":"","sku":"","good":[{"good_text":""}],"bad":[{"bad_text":""}],"score_override":"","override_value":"","rating":[{"rating_text":"","rating_number":"10"}],"price":[{"shop":"","price":"","link":"","icon":""}],"jnews_override_counter":{"override_view_counter":"0","view_counter_number":"0","override_share_counter":"0","share_counter_number":"0","override_like_counter":"0","like_counter_number":"0","override_dislike_counter":"0","dislike_counter_number":"0"},"jnews_post_split":{"enable_post_split":"0","post_split":[{"template":"1","tag":"h2","numbering":"asc","mode":"normal","first":"0","enable_toc":"0","toc_type":"normal"}]},"footnotes":""},"categories":[341,8],"tags":[],"class_list":["post-31576","post","type-post","status-publish","format-standard","has-post-thumbnail","hentry","category-cdp","category-provinciales"],"jetpack_featured_media_url":"https:\/\/atecordoba.org\/wp-content\/uploads\/2022\/04\/IMG-20220421-WA0087-e1650561091406.jpg","_links":{"self":[{"href":"https:\/\/atecordoba.org\/index.php?rest_route=\/wp\/v2\/posts\/31576","targetHints":{"allow":["GET"]}}],"collection":[{"href":"https:\/\/atecordoba.org\/index.php?rest_route=\/wp\/v2\/posts"}],"about":[{"href":"https:\/\/atecordoba.org\/index.php?rest_route=\/wp\/v2\/types\/post"}],"author":[{"embeddable":true,"href":"https:\/\/atecordoba.org\/index.php?rest_route=\/wp\/v2\/users\/7"}],"replies":[{"embeddable":true,"href":"https:\/\/atecordoba.org\/index.php?rest_route=%2Fwp%2Fv2%2Fcomments&post=31576"}],"version-history":[{"count":1,"href":"https:\/\/atecordoba.org\/index.php?rest_route=\/wp\/v2\/posts\/31576\/revisions"}],"predecessor-version":[{"id":31579,"href":"https:\/\/atecordoba.org\/index.php?rest_route=\/wp\/v2\/posts\/31576\/revisions\/31579"}],"wp:featuredmedia":[{"embeddable":true,"href":"https:\/\/atecordoba.org\/index.php?rest_route=\/wp\/v2\/media\/31578"}],"wp:attachment":[{"href":"https:\/\/atecordoba.org\/index.php?rest_route=%2Fwp%2Fv2%2Fmedia&parent=31576"}],"wp:term":[{"taxonomy":"category","embeddable":true,"href":"https:\/\/atecordoba.org\/index.php?rest_route=%2Fwp%2Fv2%2Fcategories&post=31576"},{"taxonomy":"post_tag","embeddable":true,"href":"https:\/\/atecordoba.org\/index.php?rest_route=%2Fwp%2Fv2%2Ftags&post=31576"}],"curies":[{"name":"wp","href":"https:\/\/api.w.org\/{rel}","templated":true}]}}