{"id":31563,"date":"2022-04-21T13:14:08","date_gmt":"2022-04-21T16:14:08","guid":{"rendered":"https:\/\/atecordoba.org\/?p=31563"},"modified":"2022-04-21T13:43:38","modified_gmt":"2022-04-21T16:43:38","slug":"el-concejo-deliberante-rio-cuarto-declara-de-interes-la-obra-teatral-trasmutando","status":"publish","type":"post","link":"https:\/\/atecordoba.org\/?p=31563","title":{"rendered":"El Concejo Deliberante R\u00edo Cuarto declara de inter\u00e9s la obra teatral &#8216;Trasmutando&#8217;"},"content":{"rendered":"<a href=\"https:\/\/atecordoba.org\/wp-content\/uploads\/2022\/04\/CamScanner-04-21-2022-11.46.pdf\" class=\"pdfemb-viewer\" style=\"\" data-width=\"max\" data-height=\"max\" data-toolbar=\"bottom\" data-toolbar-fixed=\"off\">CamScanner-04-21-2022-11.46<\/a>\n<p class=\"wp-block-pdfemb-pdf-embedder-viewer\"><\/p>\n\n\n\n<p>Esta ma\u00f1ana el Concejo Deliberante de la ciudad de R\u00edo Cuarto declar\u00f3 de inter\u00e9s &#8220;legislativo, social y cultural&#8221; la obra de teatro experimental Trasmutando, danzar sin l\u00edmites. <\/p>\n\n\n\n<p>La obra es una propuesta est\u00e9tica de teatro-danza en la diversidad, que llega a la ciudad del sur provincial de la mano de la seccional ATE R\u00edo Cuarto.<\/p>\n\n\n\n<figure class=\"wp-block-gallery has-nested-images columns-default is-cropped wp-block-gallery-1 is-layout-flex wp-block-gallery-is-layout-flex\">\n<figure class=\"wp-block-image size-large\"><img loading=\"lazy\" decoding=\"async\" width=\"576\" height=\"1024\" data-id=\"31566\" src=\"https:\/\/atecordoba.org\/wp-content\/uploads\/2022\/04\/IMG-20220421-WA0066-576x1024.jpg\" alt=\"\" class=\"wp-image-31566\" \/><\/figure>\n\n\n\n<figure class=\"wp-block-image size-large\"><img loading=\"lazy\" decoding=\"async\" width=\"576\" height=\"1024\" data-id=\"31565\" src=\"https:\/\/atecordoba.org\/wp-content\/uploads\/2022\/04\/IMG-20220421-WA0065-576x1024.jpg\" alt=\"\" class=\"wp-image-31565\" srcset=\"https:\/\/atecordoba.org\/wp-content\/uploads\/2022\/04\/IMG-20220421-WA0065-576x1024.jpg 576w, https:\/\/atecordoba.org\/wp-content\/uploads\/2022\/04\/IMG-20220421-WA0065-169x300.jpg 169w, https:\/\/atecordoba.org\/wp-content\/uploads\/2022\/04\/IMG-20220421-WA0065-768x1366.jpg 768w, https:\/\/atecordoba.org\/wp-content\/uploads\/2022\/04\/IMG-20220421-WA0065-864x1536.jpg 864w, https:\/\/atecordoba.org\/wp-content\/uploads\/2022\/04\/IMG-20220421-WA0065-750x1334.jpg 750w, https:\/\/atecordoba.org\/wp-content\/uploads\/2022\/04\/IMG-20220421-WA0065.jpg 899w\" sizes=\"auto, (max-width: 576px) 100vw, 576px\" \/><\/figure>\n\n\n\n<figure class=\"wp-block-image size-large\"><img loading=\"lazy\" decoding=\"async\" width=\"1024\" height=\"768\" data-id=\"31567\" src=\"https:\/\/atecordoba.org\/wp-content\/uploads\/2022\/04\/IMG-20220421-WA0064-1024x768.jpg\" alt=\"\" class=\"wp-image-31567\" srcset=\"https:\/\/atecordoba.org\/wp-content\/uploads\/2022\/04\/IMG-20220421-WA0064-1024x768.jpg 1024w, https:\/\/atecordoba.org\/wp-content\/uploads\/2022\/04\/IMG-20220421-WA0064-300x225.jpg 300w, https:\/\/atecordoba.org\/wp-content\/uploads\/2022\/04\/IMG-20220421-WA0064-768x576.jpg 768w, https:\/\/atecordoba.org\/wp-content\/uploads\/2022\/04\/IMG-20220421-WA0064-750x563.jpg 750w, https:\/\/atecordoba.org\/wp-content\/uploads\/2022\/04\/IMG-20220421-WA0064-1140x855.jpg 1140w, https:\/\/atecordoba.org\/wp-content\/uploads\/2022\/04\/IMG-20220421-WA0064.jpg 1280w\" sizes=\"auto, (max-width: 1024px) 100vw, 1024px\" \/><\/figure>\n<\/figure>\n\n\n\n<p>El estreno se llevar\u00e1 a cabo este pr\u00f3ximo s\u00e1bado 23 de abril, a las 19.30 horas, en el Centro Cultural Viejo Mercado. <\/p>\n\n\n\n<p>El cuerpo legislativo reconoce as\u00ed esta producci\u00f3n que se reconoce en la intervenci\u00f3n de personas con discapacidad a trav\u00e9s del teatro como la forma de integrarlas en comunidad.<\/p>\n\n\n\n<p>En la ocasi\u00f3n estuvieron presentes la referente del Departamento de G\u00e9neros y Diversidades Gabriela Alcoba y el secretario de Finanzas de ATE R\u00edo Cuarto, Mauricio Maccio.<\/p>\n\n\n\n<p><\/p>\n","protected":false},"excerpt":{"rendered":"<p>Esta ma\u00f1ana el Concejo Deliberante de la ciudad de R\u00edo Cuarto declar\u00f3 de inter\u00e9s &#8220;legislativo, social y cultural&#8221; la obra de teatro experimental Trasmutando, danzar sin l\u00edmites. La obra es una propuesta est\u00e9tica de teatro-danza en la diversidad, que llega a la ciudad del sur provincial de la mano de la seccional ATE R\u00edo Cuarto. [&hellip;]<\/p>\n","protected":false},"author":7,"featured_media":31566,"comment_status":"open","ping_status":"open","sticky":false,"template":"","format":"standard","meta":{"_exactmetrics_skip_tracking":false,"_exactmetrics_sitenote_active":false,"_exactmetrics_sitenote_note":"","_exactmetrics_sitenote_category":0,"jnews-multi-image_gallery":[],"jnews_single_post":{"subtitle":"La obra teatral viene recibiendo reconocimientos desde distintos \u00e1mbitos de la vida institucional de la ciudad.","format":"standard","video":"","gallery":"","source_name":"","source_url":"","via_name":"","via_url":"","override_template":"0","override":[{"template":"1","single_blog_custom":"","parallax":"1","fullscreen":"1","layout":"right-sidebar","sidebar":"default-sidebar","second_sidebar":"default-sidebar","sticky_sidebar":"1","share_position":"top","share_float_style":"share-monocrhome","show_share_counter":"1","show_view_counter":"1","show_featured":"1","show_post_meta":"1","show_post_author":"1","show_post_author_image":"1","show_post_date":"1","post_date_format":"default","post_date_format_custom":"Y\/m\/d","show_post_category":"1","show_post_reading_time":"0","post_reading_time_wpm":"300","show_zoom_button":"0","zoom_button_out_step":"2","zoom_button_in_step":"3","show_post_tag":"1","show_prev_next_post":"1","show_popup_post":"1","number_popup_post":"1","show_author_box":"0","show_post_related":"0","show_inline_post_related":"0"}],"override_image_size":"0","image_override":[{"single_post_thumbnail_size":"crop-500","single_post_gallery_size":"crop-500"}],"trending_post":"0","trending_post_position":"meta","trending_post_label":"Trending","sponsored_post":"0","sponsored_post_label":"Sponsored by","sponsored_post_name":"","sponsored_post_url":"","sponsored_post_logo_enable":"0","sponsored_post_logo":"","sponsored_post_desc":"","disable_ad":"0"},"jnews_primary_category":{"id":""},"jnews_social_meta":{"fb_title":"","fb_description":"","fb_image":"","twitter_title":"","twitter_description":"","twitter_image":""},"jnews_review":[],"enable_review":"0","type":"percentage","name":"","summary":"","brand":"","sku":"","good":[{"good_text":""}],"bad":[{"bad_text":""}],"score_override":"","override_value":"","rating":[{"rating_text":"","rating_number":"10"}],"price":[{"shop":"","price":"","link":"","icon":""}],"jnews_override_counter":{"override_view_counter":"0","view_counter_number":"0","override_share_counter":"0","share_counter_number":"0","override_like_counter":"0","like_counter_number":"0","override_dislike_counter":"0","dislike_counter_number":"0"},"jnews_post_split":{"enable_post_split":"0","post_split":[{"template":"1","tag":"h2","numbering":"asc","mode":"normal","first":"0","enable_toc":"0","toc_type":"normal"}]},"footnotes":""},"categories":[972,12],"tags":[720,1093],"class_list":["post-31563","post","type-post","status-publish","format-standard","has-post-thumbnail","hentry","category-culturas","category-rio-cuarto","tag-obra-de-teatro","tag-trasmutando"],"jetpack_featured_media_url":"https:\/\/atecordoba.org\/wp-content\/uploads\/2022\/04\/IMG-20220421-WA0066-e1650557585268.jpg","_links":{"self":[{"href":"https:\/\/atecordoba.org\/index.php?rest_route=\/wp\/v2\/posts\/31563","targetHints":{"allow":["GET"]}}],"collection":[{"href":"https:\/\/atecordoba.org\/index.php?rest_route=\/wp\/v2\/posts"}],"about":[{"href":"https:\/\/atecordoba.org\/index.php?rest_route=\/wp\/v2\/types\/post"}],"author":[{"embeddable":true,"href":"https:\/\/atecordoba.org\/index.php?rest_route=\/wp\/v2\/users\/7"}],"replies":[{"embeddable":true,"href":"https:\/\/atecordoba.org\/index.php?rest_route=%2Fwp%2Fv2%2Fcomments&post=31563"}],"version-history":[{"count":2,"href":"https:\/\/atecordoba.org\/index.php?rest_route=\/wp\/v2\/posts\/31563\/revisions"}],"predecessor-version":[{"id":31575,"href":"https:\/\/atecordoba.org\/index.php?rest_route=\/wp\/v2\/posts\/31563\/revisions\/31575"}],"wp:featuredmedia":[{"embeddable":true,"href":"https:\/\/atecordoba.org\/index.php?rest_route=\/wp\/v2\/media\/31566"}],"wp:attachment":[{"href":"https:\/\/atecordoba.org\/index.php?rest_route=%2Fwp%2Fv2%2Fmedia&parent=31563"}],"wp:term":[{"taxonomy":"category","embeddable":true,"href":"https:\/\/atecordoba.org\/index.php?rest_route=%2Fwp%2Fv2%2Fcategories&post=31563"},{"taxonomy":"post_tag","embeddable":true,"href":"https:\/\/atecordoba.org\/index.php?rest_route=%2Fwp%2Fv2%2Ftags&post=31563"}],"curies":[{"name":"wp","href":"https:\/\/api.w.org\/{rel}","templated":true}]}}