{"id":3154,"date":"2013-08-29T16:15:45","date_gmt":"2013-08-29T19:15:45","guid":{"rendered":"http:\/\/www.atecordoba.org\/?p=3154"},"modified":"2013-08-29T16:15:45","modified_gmt":"2013-08-29T19:15:45","slug":"paro-en-jujuy-continua-el-plan-de-lucha-por-salario-y-en-repudio-a-la-feroz-represion","status":"publish","type":"post","link":"https:\/\/atecordoba.org\/?p=3154","title":{"rendered":"Paro en Jujuy: Contin\u00faa el plan de lucha por salario y en repudio a la feroz represi\u00f3n"},"content":{"rendered":"<p><em>Ante el brutal desalojo del edificio de Rentas de Jujuy, donde la polic\u00eda provincial reprimi\u00f3, bale\u00f3 y dejo heridos graves, se convoc\u00f3 para hoy a una movilizaci\u00f3n provincial, para lo cual habr\u00e1 Paro y Concentraci\u00f3n de los sindicatos de la Intersindical y organizaciones sociales.<\/em><\/p>\n<figure id=\"attachment_3155\" aria-describedby=\"caption-attachment-3155\" style=\"width: 576px\" class=\"wp-caption aligncenter\"><a href=\"http:\/\/www.atecordoba.org\/wp-content\/uploads\/2013\/08\/represion-en-jujuy.jpg\"><img loading=\"lazy\" decoding=\"async\" class=\" wp-image-3155  \" alt=\"represion en jujuy\" src=\"http:\/\/www.atecordoba.org\/wp-content\/uploads\/2013\/08\/represion-en-jujuy.jpg\" width=\"576\" height=\"398\" \/><\/a><figcaption id=\"caption-attachment-3155\" class=\"wp-caption-text\">La polic\u00eda provincial reprimi\u00f3 brutalmente ayer a los compa\u00f1eros de ATE Jujuy<\/figcaption><\/figure>\n<p>El paro es provincial y se realiza desde las 9 de la ma\u00f1ana. Las organizaciones sociales y sindicatos llamaron concentrar para expresar el repudio a la feroz represi\u00f3n que sufrieron los trabajadores estatales y para sostener el plan de lucha por un salario digno.<\/p>\n<p>Ayer, dirigentes y militantes de los gremios de la Intersindical fueron ferozmente golpeados con balas, palos y patadas por parte de la polic\u00eda, dejando el saldo de m\u00e1s de 20 heridos, muchos de ellos en grave estado, y unos 100 detenidos que posteriormente fueron dejados en libertad.<\/p>\n<p>Ante el reclamo leg\u00edtimo y justo de los trabajadores, el Gobierno de la provincia despleg\u00f3 el aparato represivo tal como lo hab\u00eda anticipado el Vicegobernador Guillermo Jenefes.<\/p>\n<p style=\"text-align: center;\"><a href=\"http:\/\/www.atecordoba.org\/wp-content\/uploads\/2013\/08\/represion-en-jujuy2.jpg\"><img loading=\"lazy\" decoding=\"async\" class=\"size-full wp-image-3156 aligncenter\" alt=\"represion en jujuy2\" src=\"http:\/\/www.atecordoba.org\/wp-content\/uploads\/2013\/08\/represion-en-jujuy2.jpg\" width=\"510\" height=\"287\" \/><\/a><\/p>\n<p>El violento desalojo que ejecut\u00f3 la polic\u00eda es una muestra m\u00e1s del autoritarismo del Gobierno provincial, que viene negando una instancia de discusi\u00f3n democr\u00e1tica y tiene una expresa voluntad de no resolver el conflicto.<\/p>\n<p>&nbsp;<\/p>\n","protected":false},"excerpt":{"rendered":"<p>Ante el brutal desalojo del edificio de Rentas de Jujuy, donde la polic\u00eda provincial reprimi\u00f3, bale\u00f3 y dejo heridos graves, se convoc\u00f3 para hoy a una movilizaci\u00f3n provincial, para lo cual habr\u00e1 Paro y Concentraci\u00f3n de los sindicatos de la Intersindical y organizaciones sociales. El paro es provincial y se realiza desde las 9 de [&hellip;]<\/p>\n","protected":false},"author":1,"featured_media":19220,"comment_status":"open","ping_status":"open","sticky":false,"template":"","format":"standard","meta":{"_exactmetrics_skip_tracking":false,"_exactmetrics_sitenote_active":false,"_exactmetrics_sitenote_note":"","_exactmetrics_sitenote_category":0,"jnews-multi-image_gallery":[],"jnews_single_post":[],"jnews_primary_category":[],"jnews_social_meta":[],"jnews_review":[],"enable_review":"","type":"","name":"","summary":"","brand":"","sku":"","good":[],"bad":[],"score_override":"","override_value":"","rating":[],"price":[],"jnews_override_counter":[],"jnews_post_split":[],"footnotes":""},"categories":[18],"tags":[],"class_list":["post-3154","post","type-post","status-publish","format-standard","has-post-thumbnail","hentry","category-nacionales"],"jetpack_featured_media_url":"https:\/\/atecordoba.org\/wp-content\/uploads\/2020\/05\/logo-nuevochico-e1561581322808.png","_links":{"self":[{"href":"https:\/\/atecordoba.org\/index.php?rest_route=\/wp\/v2\/posts\/3154","targetHints":{"allow":["GET"]}}],"collection":[{"href":"https:\/\/atecordoba.org\/index.php?rest_route=\/wp\/v2\/posts"}],"about":[{"href":"https:\/\/atecordoba.org\/index.php?rest_route=\/wp\/v2\/types\/post"}],"author":[{"embeddable":true,"href":"https:\/\/atecordoba.org\/index.php?rest_route=\/wp\/v2\/users\/1"}],"replies":[{"embeddable":true,"href":"https:\/\/atecordoba.org\/index.php?rest_route=%2Fwp%2Fv2%2Fcomments&post=3154"}],"version-history":[{"count":0,"href":"https:\/\/atecordoba.org\/index.php?rest_route=\/wp\/v2\/posts\/3154\/revisions"}],"wp:featuredmedia":[{"embeddable":true,"href":"https:\/\/atecordoba.org\/index.php?rest_route=\/wp\/v2\/media\/19220"}],"wp:attachment":[{"href":"https:\/\/atecordoba.org\/index.php?rest_route=%2Fwp%2Fv2%2Fmedia&parent=3154"}],"wp:term":[{"taxonomy":"category","embeddable":true,"href":"https:\/\/atecordoba.org\/index.php?rest_route=%2Fwp%2Fv2%2Fcategories&post=3154"},{"taxonomy":"post_tag","embeddable":true,"href":"https:\/\/atecordoba.org\/index.php?rest_route=%2Fwp%2Fv2%2Ftags&post=3154"}],"curies":[{"name":"wp","href":"https:\/\/api.w.org\/{rel}","templated":true}]}}