{"id":31532,"date":"2022-04-20T15:16:26","date_gmt":"2022-04-20T18:16:26","guid":{"rendered":"https:\/\/atecordoba.org\/?p=31532"},"modified":"2022-04-20T15:16:30","modified_gmt":"2022-04-20T18:16:30","slug":"ffmm-pedido-de-audiencia-al-ministro-de-defensa-taiana","status":"publish","type":"post","link":"https:\/\/atecordoba.org\/?p=31532","title":{"rendered":"FFMM: Pedido de audiencia al ministro de Defensa Taiana"},"content":{"rendered":"\n<div class=\"wp-block-image\"><figure class=\"aligncenter size-large is-resized\"><img loading=\"lazy\" decoding=\"async\" src=\"https:\/\/atecordoba.org\/wp-content\/uploads\/2022\/04\/IMG-20220420-WA0100-1024x1024.jpg\" alt=\"\" class=\"wp-image-31533\" width=\"768\" height=\"768\" \/><\/figure><\/div>\n\n\n\n<p>Compa\u00f1eros representantes de los trabajadores de Fabricaciones Militares de Villa Mar\u00eda y R\u00edo Tercero entregaron esta ma\u00f1ana un petitorio al Ministerio de Defensa en la Ciudad de Buenos para demandar soluciones urgentes en lo que respecta al futuro del sector.<\/p>\n\n\n\n<p>Desde el Consejo Directivo Provincial se expres\u00f3 el acompa\u00f1amiento y respaldo a la lucha que las dos plantas fabriles de nuestra provincia llevan adelante. <\/p>\n","protected":false},"excerpt":{"rendered":"<p>Compa\u00f1eros representantes de los trabajadores de Fabricaciones Militares de Villa Mar\u00eda y R\u00edo Tercero entregaron esta ma\u00f1ana un petitorio al Ministerio de Defensa en la Ciudad de Buenos para demandar soluciones urgentes en lo que respecta al futuro del sector. Desde el Consejo Directivo Provincial se expres\u00f3 el acompa\u00f1amiento y respaldo a la lucha que [&hellip;]<\/p>\n","protected":false},"author":7,"featured_media":31533,"comment_status":"open","ping_status":"open","sticky":false,"template":"","format":"standard","meta":{"_exactmetrics_skip_tracking":false,"_exactmetrics_sitenote_active":false,"_exactmetrics_sitenote_note":"","_exactmetrics_sitenote_category":0,"jnews-multi-image_gallery":[],"jnews_single_post":{"subtitle":"Estuvo presente tambi\u00e9n la conducci\u00f3n nacional de ATE.","format":"standard","video":"","gallery":"","source_name":"","source_url":"","via_name":"","via_url":"","override_template":"0","override":[{"template":"1","single_blog_custom":"","parallax":"1","fullscreen":"1","layout":"right-sidebar","sidebar":"default-sidebar","second_sidebar":"default-sidebar","sticky_sidebar":"1","share_position":"top","share_float_style":"share-monocrhome","show_share_counter":"1","show_view_counter":"1","show_featured":"1","show_post_meta":"1","show_post_author":"1","show_post_author_image":"1","show_post_date":"1","post_date_format":"default","post_date_format_custom":"Y\/m\/d","show_post_category":"1","show_post_reading_time":"0","post_reading_time_wpm":"300","show_zoom_button":"0","zoom_button_out_step":"2","zoom_button_in_step":"3","show_post_tag":"1","show_prev_next_post":"1","show_popup_post":"1","number_popup_post":"1","show_author_box":"0","show_post_related":"0","show_inline_post_related":"0"}],"override_image_size":"0","image_override":[{"single_post_thumbnail_size":"crop-500","single_post_gallery_size":"crop-500"}],"trending_post":"0","trending_post_position":"meta","trending_post_label":"Trending","sponsored_post":"0","sponsored_post_label":"Sponsored by","sponsored_post_name":"","sponsored_post_url":"","sponsored_post_logo_enable":"0","sponsored_post_logo":"","sponsored_post_desc":"","disable_ad":"0"},"jnews_primary_category":{"id":""},"jnews_social_meta":{"fb_title":"","fb_description":"","fb_image":"","twitter_title":"","twitter_description":"","twitter_image":""},"jnews_review":[],"enable_review":"0","type":"percentage","name":"","summary":"","brand":"","sku":"","good":[{"good_text":""}],"bad":[{"bad_text":""}],"score_override":"","override_value":"","rating":[{"rating_text":"","rating_number":"10"}],"price":[{"shop":"","price":"","link":"","icon":""}],"jnews_override_counter":{"override_view_counter":"0","view_counter_number":"0","override_share_counter":"0","share_counter_number":"0","override_like_counter":"0","like_counter_number":"0","override_dislike_counter":"0","dislike_counter_number":"0"},"jnews_post_split":{"enable_post_split":"0","post_split":[{"template":"1","tag":"h2","numbering":"asc","mode":"normal","first":"0","enable_toc":"0","toc_type":"normal"}]},"footnotes":""},"categories":[18],"tags":[703],"class_list":["post-31532","post","type-post","status-publish","format-standard","has-post-thumbnail","hentry","category-nacionales","tag-ffmm"],"jetpack_featured_media_url":"https:\/\/atecordoba.org\/wp-content\/uploads\/2022\/04\/IMG-20220420-WA0100-e1650478580939.jpg","_links":{"self":[{"href":"https:\/\/atecordoba.org\/index.php?rest_route=\/wp\/v2\/posts\/31532","targetHints":{"allow":["GET"]}}],"collection":[{"href":"https:\/\/atecordoba.org\/index.php?rest_route=\/wp\/v2\/posts"}],"about":[{"href":"https:\/\/atecordoba.org\/index.php?rest_route=\/wp\/v2\/types\/post"}],"author":[{"embeddable":true,"href":"https:\/\/atecordoba.org\/index.php?rest_route=\/wp\/v2\/users\/7"}],"replies":[{"embeddable":true,"href":"https:\/\/atecordoba.org\/index.php?rest_route=%2Fwp%2Fv2%2Fcomments&post=31532"}],"version-history":[{"count":1,"href":"https:\/\/atecordoba.org\/index.php?rest_route=\/wp\/v2\/posts\/31532\/revisions"}],"predecessor-version":[{"id":31534,"href":"https:\/\/atecordoba.org\/index.php?rest_route=\/wp\/v2\/posts\/31532\/revisions\/31534"}],"wp:featuredmedia":[{"embeddable":true,"href":"https:\/\/atecordoba.org\/index.php?rest_route=\/wp\/v2\/media\/31533"}],"wp:attachment":[{"href":"https:\/\/atecordoba.org\/index.php?rest_route=%2Fwp%2Fv2%2Fmedia&parent=31532"}],"wp:term":[{"taxonomy":"category","embeddable":true,"href":"https:\/\/atecordoba.org\/index.php?rest_route=%2Fwp%2Fv2%2Fcategories&post=31532"},{"taxonomy":"post_tag","embeddable":true,"href":"https:\/\/atecordoba.org\/index.php?rest_route=%2Fwp%2Fv2%2Ftags&post=31532"}],"curies":[{"name":"wp","href":"https:\/\/api.w.org\/{rel}","templated":true}]}}