{"id":31531,"date":"2022-04-20T15:44:52","date_gmt":"2022-04-20T18:44:52","guid":{"rendered":"https:\/\/atecordoba.org\/?p=31531"},"modified":"2022-04-21T12:13:14","modified_gmt":"2022-04-21T15:13:14","slug":"el-cdp-realizo-ayer-su-asamblea-de-memoria-y-balance","status":"publish","type":"post","link":"https:\/\/atecordoba.org\/?p=31531","title":{"rendered":"Hacia el XXIV Congreso: el CDP realiz\u00f3 ayer la asamblea de memoria y se eligieron los congresales para San Francisco"},"content":{"rendered":"\n<div class=\"wp-block-image\"><figure class=\"aligncenter size-large is-resized\"><img loading=\"lazy\" decoding=\"async\" src=\"https:\/\/atecordoba.org\/wp-content\/uploads\/2022\/04\/278900730_5564181943625900_291843150124471928_n-1024x684.jpg\" alt=\"\" class=\"wp-image-31535\" width=\"768\" height=\"513\" srcset=\"https:\/\/atecordoba.org\/wp-content\/uploads\/2022\/04\/278900730_5564181943625900_291843150124471928_n-1024x684.jpg 1024w, https:\/\/atecordoba.org\/wp-content\/uploads\/2022\/04\/278900730_5564181943625900_291843150124471928_n-300x200.jpg 300w, https:\/\/atecordoba.org\/wp-content\/uploads\/2022\/04\/278900730_5564181943625900_291843150124471928_n-768x513.jpg 768w, https:\/\/atecordoba.org\/wp-content\/uploads\/2022\/04\/278900730_5564181943625900_291843150124471928_n-1536x1025.jpg 1536w, https:\/\/atecordoba.org\/wp-content\/uploads\/2022\/04\/278900730_5564181943625900_291843150124471928_n-750x501.jpg 750w, https:\/\/atecordoba.org\/wp-content\/uploads\/2022\/04\/278900730_5564181943625900_291843150124471928_n-1140x761.jpg 1140w, https:\/\/atecordoba.org\/wp-content\/uploads\/2022\/04\/278900730_5564181943625900_291843150124471928_n.jpg 2048w\" sizes=\"auto, (max-width: 768px) 100vw, 768px\" \/><\/figure><\/div>\n\n\n\n<p>En el viejo club de Empleados de la F\u00e1brica Fiat, el Consejo Directivo provincial realiz\u00f3 ayer la asamblea de memoria, logrando una amplia aprobaci\u00f3n de los actuado durante los periodos 2019, 2020 y 2021. <\/p>\n\n\n\n<p>En la oportunidad se llevo a cabo la elecci\u00f3n de las y los congresales que formaron parte del XXIV Congreso Provincial de ATGE C\u00f3rdoba que tendr\u00e1 lugar a fin de mes en la ciudad de San Francisco.<\/p>\n\n\n\n<p>El acto estuvo conducido por el secretario General de ATE C\u00f3rdoba, y sesion\u00f3 bajo los nombres de los compa\u00f1eros Eugenio Talbot y Claudio Bacassesi, dirigentes de ATE C\u00f3rdoba comprometidos con las y los estatales que fallecieron recientemente.<\/p>\n\n\n\n<p> Se realiz\u00f3 sentidos homenajes a la compa\u00f1era <a href=\"https:\/\/atecordoba.org\/?p=12992\">Lila Garc\u00eda <\/a>y al compa\u00f1ero <a href=\"https:\/\/atecordoba.org\/?p=11893\">H\u00e9ctor la Perra Castro <\/a>referente del Cordobazo que forma parte de la historia grande del movimiento obrero de cordob\u00e9s.<\/p>\n\n\n\n<figure class=\"wp-block-gallery has-nested-images columns-default is-cropped wp-block-gallery-1 is-layout-flex wp-block-gallery-is-layout-flex\">\n<figure class=\"wp-block-image size-large\"><img loading=\"lazy\" decoding=\"async\" width=\"1024\" height=\"684\" data-id=\"31537\" src=\"https:\/\/atecordoba.org\/wp-content\/uploads\/2022\/04\/278851973_5564188743625220_3587896340964593153_n-1024x684.jpg\" alt=\"\" class=\"wp-image-31537\" srcset=\"https:\/\/atecordoba.org\/wp-content\/uploads\/2022\/04\/278851973_5564188743625220_3587896340964593153_n-1024x684.jpg 1024w, https:\/\/atecordoba.org\/wp-content\/uploads\/2022\/04\/278851973_5564188743625220_3587896340964593153_n-300x200.jpg 300w, https:\/\/atecordoba.org\/wp-content\/uploads\/2022\/04\/278851973_5564188743625220_3587896340964593153_n-768x513.jpg 768w, https:\/\/atecordoba.org\/wp-content\/uploads\/2022\/04\/278851973_5564188743625220_3587896340964593153_n-1536x1025.jpg 1536w, https:\/\/atecordoba.org\/wp-content\/uploads\/2022\/04\/278851973_5564188743625220_3587896340964593153_n-750x501.jpg 750w, https:\/\/atecordoba.org\/wp-content\/uploads\/2022\/04\/278851973_5564188743625220_3587896340964593153_n-1140x761.jpg 1140w, https:\/\/atecordoba.org\/wp-content\/uploads\/2022\/04\/278851973_5564188743625220_3587896340964593153_n.jpg 2048w\" sizes=\"auto, (max-width: 1024px) 100vw, 1024px\" \/><\/figure>\n\n\n\n<figure class=\"wp-block-image size-large\"><img loading=\"lazy\" decoding=\"async\" width=\"1024\" height=\"684\" data-id=\"31536\" src=\"https:\/\/atecordoba.org\/wp-content\/uploads\/2022\/04\/278774428_5564186256958802_7670203682391829808_n-1024x684.jpg\" alt=\"\" class=\"wp-image-31536\" srcset=\"https:\/\/atecordoba.org\/wp-content\/uploads\/2022\/04\/278774428_5564186256958802_7670203682391829808_n-1024x684.jpg 1024w, https:\/\/atecordoba.org\/wp-content\/uploads\/2022\/04\/278774428_5564186256958802_7670203682391829808_n-300x200.jpg 300w, https:\/\/atecordoba.org\/wp-content\/uploads\/2022\/04\/278774428_5564186256958802_7670203682391829808_n-768x513.jpg 768w, https:\/\/atecordoba.org\/wp-content\/uploads\/2022\/04\/278774428_5564186256958802_7670203682391829808_n-1536x1025.jpg 1536w, https:\/\/atecordoba.org\/wp-content\/uploads\/2022\/04\/278774428_5564186256958802_7670203682391829808_n-750x501.jpg 750w, https:\/\/atecordoba.org\/wp-content\/uploads\/2022\/04\/278774428_5564186256958802_7670203682391829808_n-1140x761.jpg 1140w, https:\/\/atecordoba.org\/wp-content\/uploads\/2022\/04\/278774428_5564186256958802_7670203682391829808_n.jpg 2048w\" sizes=\"auto, (max-width: 1024px) 100vw, 1024px\" \/><\/figure>\n\n\n\n<figure class=\"wp-block-image size-large\"><img loading=\"lazy\" decoding=\"async\" width=\"1024\" height=\"684\" data-id=\"31538\" src=\"https:\/\/atecordoba.org\/wp-content\/uploads\/2022\/04\/278840769_5564184380292323_4925236169395449914_n-1024x684.jpg\" alt=\"\" class=\"wp-image-31538\" \/><\/figure>\n<\/figure>\n\n\n\n<p>&#8220;De esta crisis que estamos viviendo se sale con m\u00e1s organizaci\u00f3n y m\u00e1s protagonismo de la clase trabajadora&#8221;, alent\u00f3 Federico Giuliani a los presentes al inaugurar el acto. <\/p>\n\n\n\n<p>&#8220;Ac\u00e1 no hay h\u00e9roes ni hero\u00ednas individuales y solitarias. Hay h\u00e9roes colectivos como el poeta Germ\u00e1n Oesterheld, poeta del pueblo desaparecido junto a sus cuatro hijas y la oscura noche genocida de la dictadura olig\u00e1rquica-militar&#8221;, introdujo entre otros conceptos Giuliani antes de dar el puntapi\u00e9 inicial de la asamblea. <\/p>\n\n\n\n<p>Se trata de unas jornada de alegr\u00eda y militancia que confirma que la m\u00edstica de ATE sigue creciendo. <\/p>\n\n\n\n<figure class=\"wp-block-gallery has-nested-images columns-default is-cropped wp-block-gallery-2 is-layout-flex wp-block-gallery-is-layout-flex\">\n<figure class=\"wp-block-image size-large\"><img loading=\"lazy\" decoding=\"async\" width=\"1024\" height=\"684\" data-id=\"31544\" src=\"https:\/\/atecordoba.org\/wp-content\/uploads\/2022\/04\/278598585_5564187366958691_5521656581144104351_n-1024x684.jpg\" alt=\"\" class=\"wp-image-31544\" srcset=\"https:\/\/atecordoba.org\/wp-content\/uploads\/2022\/04\/278598585_5564187366958691_5521656581144104351_n-1024x684.jpg 1024w, https:\/\/atecordoba.org\/wp-content\/uploads\/2022\/04\/278598585_5564187366958691_5521656581144104351_n-300x200.jpg 300w, https:\/\/atecordoba.org\/wp-content\/uploads\/2022\/04\/278598585_5564187366958691_5521656581144104351_n-768x513.jpg 768w, https:\/\/atecordoba.org\/wp-content\/uploads\/2022\/04\/278598585_5564187366958691_5521656581144104351_n-1536x1025.jpg 1536w, https:\/\/atecordoba.org\/wp-content\/uploads\/2022\/04\/278598585_5564187366958691_5521656581144104351_n-750x501.jpg 750w, https:\/\/atecordoba.org\/wp-content\/uploads\/2022\/04\/278598585_5564187366958691_5521656581144104351_n-1140x761.jpg 1140w, https:\/\/atecordoba.org\/wp-content\/uploads\/2022\/04\/278598585_5564187366958691_5521656581144104351_n.jpg 2048w\" sizes=\"auto, (max-width: 1024px) 100vw, 1024px\" \/><\/figure>\n\n\n\n<figure class=\"wp-block-image size-large\"><img loading=\"lazy\" decoding=\"async\" width=\"1024\" height=\"684\" data-id=\"31540\" src=\"https:\/\/atecordoba.org\/wp-content\/uploads\/2022\/04\/278641979_5564180526959375_6474359704181428571_n-1024x684.jpg\" alt=\"\" class=\"wp-image-31540\" srcset=\"https:\/\/atecordoba.org\/wp-content\/uploads\/2022\/04\/278641979_5564180526959375_6474359704181428571_n-1024x684.jpg 1024w, https:\/\/atecordoba.org\/wp-content\/uploads\/2022\/04\/278641979_5564180526959375_6474359704181428571_n-300x200.jpg 300w, https:\/\/atecordoba.org\/wp-content\/uploads\/2022\/04\/278641979_5564180526959375_6474359704181428571_n-768x513.jpg 768w, https:\/\/atecordoba.org\/wp-content\/uploads\/2022\/04\/278641979_5564180526959375_6474359704181428571_n-1536x1025.jpg 1536w, https:\/\/atecordoba.org\/wp-content\/uploads\/2022\/04\/278641979_5564180526959375_6474359704181428571_n-750x501.jpg 750w, https:\/\/atecordoba.org\/wp-content\/uploads\/2022\/04\/278641979_5564180526959375_6474359704181428571_n-1140x761.jpg 1140w, https:\/\/atecordoba.org\/wp-content\/uploads\/2022\/04\/278641979_5564180526959375_6474359704181428571_n.jpg 2048w\" sizes=\"auto, (max-width: 1024px) 100vw, 1024px\" \/><\/figure>\n\n\n\n<figure class=\"wp-block-image size-large\"><img loading=\"lazy\" decoding=\"async\" width=\"1024\" height=\"684\" data-id=\"31542\" src=\"https:\/\/atecordoba.org\/wp-content\/uploads\/2022\/04\/278745917_5564184146959013_9061904074082811823_n-copia-1024x684.jpg\" alt=\"\" class=\"wp-image-31542\" srcset=\"https:\/\/atecordoba.org\/wp-content\/uploads\/2022\/04\/278745917_5564184146959013_9061904074082811823_n-copia-1024x684.jpg 1024w, https:\/\/atecordoba.org\/wp-content\/uploads\/2022\/04\/278745917_5564184146959013_9061904074082811823_n-copia-300x200.jpg 300w, https:\/\/atecordoba.org\/wp-content\/uploads\/2022\/04\/278745917_5564184146959013_9061904074082811823_n-copia-768x513.jpg 768w, https:\/\/atecordoba.org\/wp-content\/uploads\/2022\/04\/278745917_5564184146959013_9061904074082811823_n-copia-1536x1025.jpg 1536w, https:\/\/atecordoba.org\/wp-content\/uploads\/2022\/04\/278745917_5564184146959013_9061904074082811823_n-copia-750x501.jpg 750w, https:\/\/atecordoba.org\/wp-content\/uploads\/2022\/04\/278745917_5564184146959013_9061904074082811823_n-copia-1140x761.jpg 1140w, https:\/\/atecordoba.org\/wp-content\/uploads\/2022\/04\/278745917_5564184146959013_9061904074082811823_n-copia.jpg 2048w\" sizes=\"auto, (max-width: 1024px) 100vw, 1024px\" \/><\/figure>\n\n\n\n<figure class=\"wp-block-image size-large\"><img loading=\"lazy\" decoding=\"async\" width=\"1024\" height=\"684\" data-id=\"31541\" src=\"https:\/\/atecordoba.org\/wp-content\/uploads\/2022\/04\/278751805_5564183476959080_8035948377343261306_n-copia-1024x684.jpg\" alt=\"\" class=\"wp-image-31541\" srcset=\"https:\/\/atecordoba.org\/wp-content\/uploads\/2022\/04\/278751805_5564183476959080_8035948377343261306_n-copia-1024x684.jpg 1024w, https:\/\/atecordoba.org\/wp-content\/uploads\/2022\/04\/278751805_5564183476959080_8035948377343261306_n-copia-300x200.jpg 300w, https:\/\/atecordoba.org\/wp-content\/uploads\/2022\/04\/278751805_5564183476959080_8035948377343261306_n-copia-768x513.jpg 768w, https:\/\/atecordoba.org\/wp-content\/uploads\/2022\/04\/278751805_5564183476959080_8035948377343261306_n-copia-1536x1025.jpg 1536w, https:\/\/atecordoba.org\/wp-content\/uploads\/2022\/04\/278751805_5564183476959080_8035948377343261306_n-copia-750x501.jpg 750w, https:\/\/atecordoba.org\/wp-content\/uploads\/2022\/04\/278751805_5564183476959080_8035948377343261306_n-copia-1140x761.jpg 1140w, https:\/\/atecordoba.org\/wp-content\/uploads\/2022\/04\/278751805_5564183476959080_8035948377343261306_n-copia.jpg 2048w\" sizes=\"auto, (max-width: 1024px) 100vw, 1024px\" \/><\/figure>\n\n\n\n<figure class=\"wp-block-image size-large\"><img loading=\"lazy\" decoding=\"async\" width=\"1024\" height=\"684\" data-id=\"31539\" src=\"https:\/\/atecordoba.org\/wp-content\/uploads\/2022\/04\/278752692_5564180203626074_8334467559034248568_n-1024x684.jpg\" alt=\"\" class=\"wp-image-31539\" srcset=\"https:\/\/atecordoba.org\/wp-content\/uploads\/2022\/04\/278752692_5564180203626074_8334467559034248568_n-1024x684.jpg 1024w, https:\/\/atecordoba.org\/wp-content\/uploads\/2022\/04\/278752692_5564180203626074_8334467559034248568_n-300x200.jpg 300w, https:\/\/atecordoba.org\/wp-content\/uploads\/2022\/04\/278752692_5564180203626074_8334467559034248568_n-768x513.jpg 768w, https:\/\/atecordoba.org\/wp-content\/uploads\/2022\/04\/278752692_5564180203626074_8334467559034248568_n-1536x1025.jpg 1536w, https:\/\/atecordoba.org\/wp-content\/uploads\/2022\/04\/278752692_5564180203626074_8334467559034248568_n-750x501.jpg 750w, https:\/\/atecordoba.org\/wp-content\/uploads\/2022\/04\/278752692_5564180203626074_8334467559034248568_n-1140x761.jpg 1140w, https:\/\/atecordoba.org\/wp-content\/uploads\/2022\/04\/278752692_5564180203626074_8334467559034248568_n.jpg 2048w\" sizes=\"auto, (max-width: 1024px) 100vw, 1024px\" \/><\/figure>\n<\/figure>\n\n\n\n<p><\/p>\n\n\n\n<p><strong>Memoria 2019-2021<\/strong><\/p>\n\n\n<a href=\"https:\/\/atecordoba.org\/wp-content\/uploads\/2022\/04\/Memoria-2019-2021-Para-ASAMBLEA-CDP-12-04.pdf\" class=\"pdfemb-viewer\" style=\"\" data-width=\"max\" data-height=\"max\" data-toolbar=\"bottom\" data-toolbar-fixed=\"off\">Memoria-2019-2021-Para-ASAMBLEA-CDP-12-04<\/a>\n<p class=\"wp-block-pdfemb-pdf-embedder-viewer\"><\/p>\n\n\n\n<p><strong>Videos<\/strong><\/p>\n\n\n\n<p>Compartimos tambi\u00e9n los materiales audiovisuales proyectados.<\/p>\n\n\n\n<figure class=\"wp-block-embed is-type-video is-provider-youtube wp-block-embed-youtube wp-embed-aspect-16-9 wp-has-aspect-ratio\"><div class=\"wp-block-embed__wrapper\">\n<div class=\"epyt-video-wrapper\"><iframe loading=\"lazy\"  style=\"display: block; margin: 0px auto;\"  id=\"_ytid_30279\"  width=\"480\" height=\"270\"  data-origwidth=\"480\" data-origheight=\"270\" src=\"https:\/\/www.youtube.com\/embed\/OLjulHJRHMA?enablejsapi=1&#038;autoplay=0&#038;cc_load_policy=0&#038;cc_lang_pref=&#038;iv_load_policy=3&#038;loop=0&#038;rel=0&#038;fs=1&#038;playsinline=0&#038;autohide=2&#038;theme=dark&#038;color=red&#038;controls=1&#038;disablekb=0&#038;\" class=\"__youtube_prefs__  epyt-is-override  no-lazyload\" title=\"YouTube player\"  allow=\"fullscreen; accelerometer; autoplay; clipboard-write; encrypted-media; gyroscope; picture-in-picture; web-share\" referrerpolicy=\"strict-origin-when-cross-origin\" allowfullscreen data-no-lazy=\"1\" data-skipgform_ajax_framebjll=\"\"><\/iframe><\/div>\n<\/div><\/figure>\n\n\n\n<p><\/p>\n\n\n\n<figure class=\"wp-block-embed is-type-video is-provider-youtube wp-block-embed-youtube wp-embed-aspect-16-9 wp-has-aspect-ratio\"><div class=\"wp-block-embed__wrapper\">\n<div class=\"epyt-video-wrapper\"><iframe loading=\"lazy\"  style=\"display: block; margin: 0px auto;\"  id=\"_ytid_83319\"  width=\"480\" height=\"270\"  data-origwidth=\"480\" data-origheight=\"270\" src=\"https:\/\/www.youtube.com\/embed\/8FjXRb_52dk?enablejsapi=1&#038;autoplay=0&#038;cc_load_policy=0&#038;cc_lang_pref=&#038;iv_load_policy=3&#038;loop=0&#038;rel=0&#038;fs=1&#038;playsinline=0&#038;autohide=2&#038;theme=dark&#038;color=red&#038;controls=1&#038;disablekb=0&#038;\" class=\"__youtube_prefs__  epyt-is-override  no-lazyload\" title=\"YouTube player\"  allow=\"fullscreen; accelerometer; autoplay; clipboard-write; encrypted-media; gyroscope; picture-in-picture; web-share\" referrerpolicy=\"strict-origin-when-cross-origin\" allowfullscreen data-no-lazy=\"1\" data-skipgform_ajax_framebjll=\"\"><\/iframe><\/div>\n<\/div><\/figure>\n\n\n\n<p><\/p>\n\n\n\n<figure class=\"wp-block-embed is-type-video is-provider-youtube wp-block-embed-youtube wp-embed-aspect-16-9 wp-has-aspect-ratio\"><div class=\"wp-block-embed__wrapper\">\n<div class=\"epyt-video-wrapper\"><iframe loading=\"lazy\"  style=\"display: block; margin: 0px auto;\"  id=\"_ytid_65985\"  width=\"480\" height=\"270\"  data-origwidth=\"480\" data-origheight=\"270\" src=\"https:\/\/www.youtube.com\/embed\/DLlfVNQOR3A?enablejsapi=1&#038;autoplay=0&#038;cc_load_policy=0&#038;cc_lang_pref=&#038;iv_load_policy=3&#038;loop=0&#038;rel=0&#038;fs=1&#038;playsinline=0&#038;autohide=2&#038;theme=dark&#038;color=red&#038;controls=1&#038;disablekb=0&#038;\" class=\"__youtube_prefs__  epyt-is-override  no-lazyload\" title=\"YouTube player\"  allow=\"fullscreen; accelerometer; autoplay; clipboard-write; encrypted-media; gyroscope; picture-in-picture; web-share\" referrerpolicy=\"strict-origin-when-cross-origin\" allowfullscreen data-no-lazy=\"1\" data-skipgform_ajax_framebjll=\"\"><\/iframe><\/div>\n<\/div><\/figure>\n","protected":false},"excerpt":{"rendered":"<p>En el viejo club de Empleados de la F\u00e1brica Fiat, el Consejo Directivo provincial realiz\u00f3 ayer la asamblea de memoria, logrando una amplia aprobaci\u00f3n de los actuado durante los periodos 2019, 2020 y 2021. En la oportunidad se llevo a cabo la elecci\u00f3n de las y los congresales que formaron parte del XXIV Congreso Provincial [&hellip;]<\/p>\n","protected":false},"author":7,"featured_media":31538,"comment_status":"open","ping_status":"open","sticky":false,"template":"","format":"standard","meta":{"_exactmetrics_skip_tracking":false,"_exactmetrics_sitenote_active":false,"_exactmetrics_sitenote_note":"","_exactmetrics_sitenote_category":0,"jnews-multi-image_gallery":[],"jnews_single_post":{"subtitle":"El secretario General Federico Giuliani recibi\u00f3 un fuerte respaldo de los asamble\u00edstas sobre lo actuado entre 2019, 2020 y 2021. Se ratific\u00f3 el rumbo para continuar el crecimiento organizativo. ","format":"standard","video":"","gallery":"","source_name":"","source_url":"","via_name":"","via_url":"","override_template":"0","override":[{"template":"1","single_blog_custom":"","parallax":"1","fullscreen":"1","layout":"right-sidebar","sidebar":"default-sidebar","second_sidebar":"default-sidebar","sticky_sidebar":"1","share_position":"top","share_float_style":"share-monocrhome","show_share_counter":"1","show_view_counter":"1","show_featured":"1","show_post_meta":"1","show_post_author":"1","show_post_author_image":"1","show_post_date":"1","post_date_format":"default","post_date_format_custom":"Y\/m\/d","show_post_category":"1","show_post_reading_time":"0","post_reading_time_wpm":"300","show_zoom_button":"0","zoom_button_out_step":"2","zoom_button_in_step":"3","show_post_tag":"1","show_prev_next_post":"1","show_popup_post":"1","number_popup_post":"1","show_author_box":"0","show_post_related":"0","show_inline_post_related":"0"}],"override_image_size":"0","image_override":[{"single_post_thumbnail_size":"crop-500","single_post_gallery_size":"crop-500"}],"trending_post":"0","trending_post_position":"meta","trending_post_label":"Trending","sponsored_post":"0","sponsored_post_label":"Sponsored by","sponsored_post_name":"","sponsored_post_url":"","sponsored_post_logo_enable":"0","sponsored_post_logo":"","sponsored_post_desc":"","disable_ad":"0"},"jnews_primary_category":{"id":""},"jnews_social_meta":{"fb_title":"Hacia el XXIV Congreso: el CDP realiz\u00f3 ayer la asamblea de memoria y se eligieron los congresales para San Francisco","fb_description":"","fb_image":"","twitter_title":"","twitter_description":"","twitter_image":""},"jnews_review":[],"enable_review":"0","type":"percentage","name":"","summary":"","brand":"","sku":"","good":[{"good_text":""}],"bad":[{"bad_text":""}],"score_override":"","override_value":"","rating":[{"rating_text":"","rating_number":"10"}],"price":[{"shop":"","price":"","link":"","icon":""}],"jnews_override_counter":{"override_view_counter":"0","view_counter_number":"0","override_share_counter":"0","share_counter_number":"0","override_like_counter":"0","like_counter_number":"0","override_dislike_counter":"0","dislike_counter_number":"0"},"jnews_post_split":{"enable_post_split":"0","post_split":[{"template":"1","tag":"h2","numbering":"asc","mode":"normal","first":"0","enable_toc":"0","toc_type":"normal"}]},"footnotes":""},"categories":[341],"tags":[1091],"class_list":["post-31531","post","type-post","status-publish","format-standard","has-post-thumbnail","hentry","category-cdp","tag-asamblea-memoria"],"jetpack_featured_media_url":"https:\/\/atecordoba.org\/wp-content\/uploads\/2022\/04\/278840769_5564184380292323_4925236169395449914_n-e1650480184527.jpg","_links":{"self":[{"href":"https:\/\/atecordoba.org\/index.php?rest_route=\/wp\/v2\/posts\/31531","targetHints":{"allow":["GET"]}}],"collection":[{"href":"https:\/\/atecordoba.org\/index.php?rest_route=\/wp\/v2\/posts"}],"about":[{"href":"https:\/\/atecordoba.org\/index.php?rest_route=\/wp\/v2\/types\/post"}],"author":[{"embeddable":true,"href":"https:\/\/atecordoba.org\/index.php?rest_route=\/wp\/v2\/users\/7"}],"replies":[{"embeddable":true,"href":"https:\/\/atecordoba.org\/index.php?rest_route=%2Fwp%2Fv2%2Fcomments&post=31531"}],"version-history":[{"count":3,"href":"https:\/\/atecordoba.org\/index.php?rest_route=\/wp\/v2\/posts\/31531\/revisions"}],"predecessor-version":[{"id":31559,"href":"https:\/\/atecordoba.org\/index.php?rest_route=\/wp\/v2\/posts\/31531\/revisions\/31559"}],"wp:featuredmedia":[{"embeddable":true,"href":"https:\/\/atecordoba.org\/index.php?rest_route=\/wp\/v2\/media\/31538"}],"wp:attachment":[{"href":"https:\/\/atecordoba.org\/index.php?rest_route=%2Fwp%2Fv2%2Fmedia&parent=31531"}],"wp:term":[{"taxonomy":"category","embeddable":true,"href":"https:\/\/atecordoba.org\/index.php?rest_route=%2Fwp%2Fv2%2Fcategories&post=31531"},{"taxonomy":"post_tag","embeddable":true,"href":"https:\/\/atecordoba.org\/index.php?rest_route=%2Fwp%2Fv2%2Ftags&post=31531"}],"curies":[{"name":"wp","href":"https:\/\/api.w.org\/{rel}","templated":true}]}}