{"id":31524,"date":"2022-04-20T14:59:21","date_gmt":"2022-04-20T17:59:21","guid":{"rendered":"https:\/\/atecordoba.org\/?p=31524"},"modified":"2022-04-20T15:00:44","modified_gmt":"2022-04-20T18:00:44","slug":"el-hospital-san-roque-viejo-eligio-ayer-sus-delegados-de-ate","status":"publish","type":"post","link":"https:\/\/atecordoba.org\/?p=31524","title":{"rendered":"El Hospital San Roque Viejo eligi\u00f3 ayer sus delegados de ATE"},"content":{"rendered":"\n<figure class=\"wp-block-gallery has-nested-images columns-default is-cropped wp-block-gallery-1 is-layout-flex wp-block-gallery-is-layout-flex\">\n<figure class=\"wp-block-image size-large\"><img loading=\"lazy\" decoding=\"async\" width=\"1024\" height=\"576\" data-id=\"31526\" src=\"https:\/\/atecordoba.org\/wp-content\/uploads\/2022\/04\/IMG-20220419-WA0104-1024x576.jpg\" alt=\"\" class=\"wp-image-31526\" srcset=\"https:\/\/atecordoba.org\/wp-content\/uploads\/2022\/04\/IMG-20220419-WA0104-1024x576.jpg 1024w, https:\/\/atecordoba.org\/wp-content\/uploads\/2022\/04\/IMG-20220419-WA0104-300x169.jpg 300w, https:\/\/atecordoba.org\/wp-content\/uploads\/2022\/04\/IMG-20220419-WA0104-768x432.jpg 768w, https:\/\/atecordoba.org\/wp-content\/uploads\/2022\/04\/IMG-20220419-WA0104-750x422.jpg 750w, https:\/\/atecordoba.org\/wp-content\/uploads\/2022\/04\/IMG-20220419-WA0104-1140x641.jpg 1140w, https:\/\/atecordoba.org\/wp-content\/uploads\/2022\/04\/IMG-20220419-WA0104.jpg 1536w\" sizes=\"auto, (max-width: 1024px) 100vw, 1024px\" \/><\/figure>\n\n\n\n<figure class=\"wp-block-image size-large\"><img loading=\"lazy\" decoding=\"async\" width=\"1024\" height=\"576\" data-id=\"31525\" src=\"https:\/\/atecordoba.org\/wp-content\/uploads\/2022\/04\/IMG-20220419-WA0105-1024x576.jpg\" alt=\"\" class=\"wp-image-31525\" \/><\/figure>\n\n\n\n<figure class=\"wp-block-image size-large\"><img loading=\"lazy\" decoding=\"async\" width=\"1024\" height=\"576\" data-id=\"31527\" src=\"https:\/\/atecordoba.org\/wp-content\/uploads\/2022\/04\/IMG-20220419-WA0115-1024x576.jpg\" alt=\"\" class=\"wp-image-31527\" srcset=\"https:\/\/atecordoba.org\/wp-content\/uploads\/2022\/04\/IMG-20220419-WA0115-1024x576.jpg 1024w, https:\/\/atecordoba.org\/wp-content\/uploads\/2022\/04\/IMG-20220419-WA0115-300x169.jpg 300w, https:\/\/atecordoba.org\/wp-content\/uploads\/2022\/04\/IMG-20220419-WA0115-768x432.jpg 768w, https:\/\/atecordoba.org\/wp-content\/uploads\/2022\/04\/IMG-20220419-WA0115-750x422.jpg 750w, https:\/\/atecordoba.org\/wp-content\/uploads\/2022\/04\/IMG-20220419-WA0115-1140x641.jpg 1140w, https:\/\/atecordoba.org\/wp-content\/uploads\/2022\/04\/IMG-20220419-WA0115.jpg 1536w\" sizes=\"auto, (max-width: 1024px) 100vw, 1024px\" \/><\/figure>\n<\/figure>\n\n\n\n<p>Las y los trabajadores del Hospital San Roque Viejo, ubicado en calle Rosario de Santa Fe,  eligieron ayer los dos delegados de ATE, renovando los mandatos de Ivette G\u00f3mez y Osvaldo Reynaldo por los pr\u00f3ximos dos a\u00f1os. <\/p>\n\n\n\n<p>Se trat\u00f3 de una elecci\u00f3n con importante afluencia del padr\u00f3n habilitado, y cont\u00f3 con el acompa\u00f1amiento del secretario General de ATE C\u00f3rdoba, Federico Giuliani, y de la secretaria de Prensa, Julia Giuliani.<\/p>\n\n\n\n<p>Ambos tanto Gomez como Reynaldo destacaron el trabajo realizado durante el mandato concluido y &#8220;apostamos a un segundo mandato restituyendo organizaci\u00f3n y acompa\u00f1ando la defensa de los derechos&#8221;.<\/p>\n\n\n\n<figure class=\"wp-block-gallery has-nested-images columns-default is-cropped wp-block-gallery-2 is-layout-flex wp-block-gallery-is-layout-flex\">\n<figure class=\"wp-block-image size-large\"><img loading=\"lazy\" decoding=\"async\" width=\"1024\" height=\"576\" data-id=\"31529\" src=\"https:\/\/atecordoba.org\/wp-content\/uploads\/2022\/04\/IMG_20220419_130429416_HDR-1-1024x576.jpg\" alt=\"\" class=\"wp-image-31529\" srcset=\"https:\/\/atecordoba.org\/wp-content\/uploads\/2022\/04\/IMG_20220419_130429416_HDR-1-1024x576.jpg 1024w, https:\/\/atecordoba.org\/wp-content\/uploads\/2022\/04\/IMG_20220419_130429416_HDR-1-300x169.jpg 300w, https:\/\/atecordoba.org\/wp-content\/uploads\/2022\/04\/IMG_20220419_130429416_HDR-1-768x432.jpg 768w, https:\/\/atecordoba.org\/wp-content\/uploads\/2022\/04\/IMG_20220419_130429416_HDR-1-1536x864.jpg 1536w, https:\/\/atecordoba.org\/wp-content\/uploads\/2022\/04\/IMG_20220419_130429416_HDR-1-2048x1152.jpg 2048w, https:\/\/atecordoba.org\/wp-content\/uploads\/2022\/04\/IMG_20220419_130429416_HDR-1-750x422.jpg 750w, https:\/\/atecordoba.org\/wp-content\/uploads\/2022\/04\/IMG_20220419_130429416_HDR-1-1140x641.jpg 1140w\" sizes=\"auto, (max-width: 1024px) 100vw, 1024px\" \/><\/figure>\n<\/figure>\n\n\n\n<p>Reynaldo explic\u00f3 que el centro de salud es un hospital preventivo &#8220;que no tiene internaci\u00f3n sino mucho servicio externo. Trabajamos con asambleas para lograr unir los diferentes espacios y m\u00e1s que triplicamos la afiliaci\u00f3n en el hospital. Nuestro desaf\u00edo para la etapa que se abre es consolidar canales de participaci\u00f3n para lograr la fuerza que nos permita llevar adelante los reclamos por la mejora salarial y de condiciones de trabajo&#8221;. <\/p>\n\n\n\n<p>&#8220;Tambi\u00e9n vemos que los reclamos son particulares seg\u00fan las \u00e1reas y los servicios. El desaf\u00edo es dar el salto de esas particularidades para transformar la lucha en colectiva porque hay un 50% de precarizaci\u00f3n en forma de monotributo, becarios, contratos a plazo. Esto se refleja en una permanente movilidad de cargos, las y los trabajadores son trasladados&#8221;, concluy\u00f3 G\u00f3mez.<\/p>\n","protected":false},"excerpt":{"rendered":"<p>Las y los trabajadores del Hospital San Roque Viejo, ubicado en calle Rosario de Santa Fe, eligieron ayer los dos delegados de ATE, renovando los mandatos de Ivette G\u00f3mez y Osvaldo Reynaldo por los pr\u00f3ximos dos a\u00f1os. Se trat\u00f3 de una elecci\u00f3n con importante afluencia del padr\u00f3n habilitado, y cont\u00f3 con el acompa\u00f1amiento del secretario [&hellip;]<\/p>\n","protected":false},"author":7,"featured_media":31525,"comment_status":"open","ping_status":"open","sticky":false,"template":"","format":"standard","meta":{"_exactmetrics_skip_tracking":false,"_exactmetrics_sitenote_active":false,"_exactmetrics_sitenote_note":"","_exactmetrics_sitenote_category":0,"jnews-multi-image_gallery":[],"jnews_single_post":{"subtitle":"ATE consolida el proceso organizativo en el centro de salud. ","format":"standard","video":"","gallery":"","source_name":"","source_url":"","via_name":"","via_url":"","override_template":"0","override":[{"template":"1","single_blog_custom":"","parallax":"1","fullscreen":"1","layout":"right-sidebar","sidebar":"default-sidebar","second_sidebar":"default-sidebar","sticky_sidebar":"1","share_position":"top","share_float_style":"share-monocrhome","show_share_counter":"1","show_view_counter":"1","show_featured":"1","show_post_meta":"1","show_post_author":"1","show_post_author_image":"1","show_post_date":"1","post_date_format":"default","post_date_format_custom":"Y\/m\/d","show_post_category":"1","show_post_reading_time":"0","post_reading_time_wpm":"300","show_zoom_button":"0","zoom_button_out_step":"2","zoom_button_in_step":"3","show_post_tag":"1","show_prev_next_post":"1","show_popup_post":"1","number_popup_post":"1","show_author_box":"0","show_post_related":"0","show_inline_post_related":"0"}],"override_image_size":"0","image_override":[{"single_post_thumbnail_size":"crop-500","single_post_gallery_size":"crop-500"}],"trending_post":"0","trending_post_position":"meta","trending_post_label":"Trending","sponsored_post":"0","sponsored_post_label":"Sponsored by","sponsored_post_name":"","sponsored_post_url":"","sponsored_post_logo_enable":"0","sponsored_post_logo":"","sponsored_post_desc":"","disable_ad":"0"},"jnews_primary_category":{"id":""},"jnews_social_meta":{"fb_title":"Provinciales: el Hospital San Roque Viejo eligi\u00f3 ayer sus delegados de ATE","fb_description":"","fb_image":"","twitter_title":"","twitter_description":"","twitter_image":""},"jnews_review":[],"enable_review":"0","type":"percentage","name":"","summary":"","brand":"","sku":"","good":[{"good_text":""}],"bad":[{"bad_text":""}],"score_override":"","override_value":"","rating":[{"rating_text":"","rating_number":"10"}],"price":[{"shop":"","price":"","link":"","icon":""}],"jnews_override_counter":{"override_view_counter":"0","view_counter_number":"0","override_share_counter":"0","share_counter_number":"0","override_like_counter":"0","like_counter_number":"0","override_dislike_counter":"0","dislike_counter_number":"0"},"jnews_post_split":{"enable_post_split":"0","post_split":[{"template":"1","tag":"h2","numbering":"asc","mode":"normal","first":"0","enable_toc":"0","toc_type":"normal"}]},"footnotes":""},"categories":[1],"tags":[],"class_list":["post-31524","post","type-post","status-publish","format-standard","has-post-thumbnail","hentry","category-sin-categoria"],"jetpack_featured_media_url":"https:\/\/atecordoba.org\/wp-content\/uploads\/2022\/04\/IMG-20220419-WA0105-e1650477639608.jpg","_links":{"self":[{"href":"https:\/\/atecordoba.org\/index.php?rest_route=\/wp\/v2\/posts\/31524","targetHints":{"allow":["GET"]}}],"collection":[{"href":"https:\/\/atecordoba.org\/index.php?rest_route=\/wp\/v2\/posts"}],"about":[{"href":"https:\/\/atecordoba.org\/index.php?rest_route=\/wp\/v2\/types\/post"}],"author":[{"embeddable":true,"href":"https:\/\/atecordoba.org\/index.php?rest_route=\/wp\/v2\/users\/7"}],"replies":[{"embeddable":true,"href":"https:\/\/atecordoba.org\/index.php?rest_route=%2Fwp%2Fv2%2Fcomments&post=31524"}],"version-history":[{"count":1,"href":"https:\/\/atecordoba.org\/index.php?rest_route=\/wp\/v2\/posts\/31524\/revisions"}],"predecessor-version":[{"id":31530,"href":"https:\/\/atecordoba.org\/index.php?rest_route=\/wp\/v2\/posts\/31524\/revisions\/31530"}],"wp:featuredmedia":[{"embeddable":true,"href":"https:\/\/atecordoba.org\/index.php?rest_route=\/wp\/v2\/media\/31525"}],"wp:attachment":[{"href":"https:\/\/atecordoba.org\/index.php?rest_route=%2Fwp%2Fv2%2Fmedia&parent=31524"}],"wp:term":[{"taxonomy":"category","embeddable":true,"href":"https:\/\/atecordoba.org\/index.php?rest_route=%2Fwp%2Fv2%2Fcategories&post=31524"},{"taxonomy":"post_tag","embeddable":true,"href":"https:\/\/atecordoba.org\/index.php?rest_route=%2Fwp%2Fv2%2Ftags&post=31524"}],"curies":[{"name":"wp","href":"https:\/\/api.w.org\/{rel}","templated":true}]}}