{"id":31514,"date":"2022-04-20T11:39:12","date_gmt":"2022-04-20T14:39:12","guid":{"rendered":"https:\/\/atecordoba.org\/?p=31514"},"modified":"2022-04-20T11:59:30","modified_gmt":"2022-04-20T14:59:30","slug":"paritarias-la-unica-verdad-es-la-realidad","status":"publish","type":"post","link":"https:\/\/atecordoba.org\/?p=31514","title":{"rendered":"Paritarias: la \u00fanica verdad es la realidad"},"content":{"rendered":"\n<div class=\"wp-block-image\"><figure class=\"aligncenter size-large is-resized\"><img loading=\"lazy\" decoding=\"async\" src=\"https:\/\/atecordoba.org\/wp-content\/uploads\/2022\/04\/IMG-20220420-WA0047-1024x461.jpg\" alt=\"\" class=\"wp-image-31516\" width=\"768\" height=\"346\" \/><\/figure><\/div>\n\n\n\n<p>La Asociaci\u00f3n Trabajadores del Estado (ATE-CTAA) C\u00f3rdoba sostiene que, a la luz de los acontecimientos, fue correcta su posici\u00f3n de pedir la reapertura urgente de la Paritaria Provincial reclamando un 60% de aumento salarial en una sola cuota, tras el vergonzoso acuerdo a la baja firmado por el \u201cUnicato Sindical\u201d, que ahora parece darse cuenta que arregl\u00f3 por monedas y solicita la reapertura de la negociaci\u00f3n salarial, de la que se excluye a ATE por el solo hecho de ser un Sindicato que no est\u00e1 subordinado al Gobierno.<\/p>\n\n\n\n<p>Los gremios amigos del \u201cCordobesismo\u201d acordaron un incremento salarial del 30%, pagadero en seis c\u00f3modas cuotas, en una nueva muestra de claudicaci\u00f3n y entrega de derechos, cuando casi todas las provincias firmaron aumentos de entre un 45 y 60%.<\/p>\n\n\n\n<p>El reclamo de ATE es claro: aumento de emergencia del 30% pagadero en una vez y que los sindicatos que ofician de arregladores seriales con el poder, a espaldas de los trabajadores y trabajadoras del Estado Provincial, se hagan cargo de sus agachadas.<\/p>\n\n\n\n<p><strong>Ya lo planteamos en enero<\/strong><\/p>\n\n\n\n<p>El 14 de enero de este a\u00f1o ATE pidi\u00f3 la urgente apertura de la Paritaria del Sector Provincial teniendo en cuenta la profunda crisis econ\u00f3mica y la incesante p\u00e9rdida de poder adquisitivo de los trabajadores y trabajadoras dependientes de la Provincia, v\u00edctimas de una inflaci\u00f3n escalofriante que golpea en el bolsillo de los asalariados.<\/p>\n\n\n\n<p>El 4 de febrero el Sindicato reclam\u00f3 mediante una nota al Gobernador Juan Schiaretti una respuesta a su pedido de apertura de la Paritaria Provincial, haciendo la reserva de las medidas legales y sindicales correspondientes para confrontar con la conducta ilegal, arbitraria y discriminatoria del Gobierno.<\/p>\n\n\n\n<p><strong>Legitimidad y legalidad<\/strong><\/p>\n\n\n\n<p>Con fundamento en la Resoluci\u00f3n del Ministerio de Trabajo, Empleo y Seguridad Social de la Naci\u00f3n (MTESS) N\u00b0 255\/03, en la Provincia de C\u00f3rdoba se encuentra vigente la Resoluci\u00f3n N\u00b0 708\/09 de la cartera laboral que resolvi\u00f3 en favor de ATE un largo conflicto con el Gobierno Provincial, estableciendo de forma expresa \u201cla aptitud que posee la Asociaci\u00f3n Trabajadores del Estado (ATE) para coexistir como entidad sindical sin exclusi\u00f3n de su personer\u00eda gremial, en el \u00e1mbito p\u00fablico de la provincia de C\u00f3rdoba, con las consecuencias positivas que ello tiene en materia de elecci\u00f3n de delegados, retenci\u00f3n de la cuota sindical, en los t\u00e9rminos de la ley 23.551 y 24.462, y ejercicio de la negociaci\u00f3n colectiva, entre otros t\u00f3picos que fueron objeto de tratamiento en estas actuaciones\u201d.<\/p>\n\n\n\n<p>Dicha resoluci\u00f3n fue ratificada por la C\u00e1mara Nacional de Apelaciones del Trabajo -SALA IV- mediante sentencia de fecha 13 de abril de 2013. Todo ello sin perjuicio de la jurisprudencia de la Corte Suprema de Justicia de la Naci\u00f3n, tribunales nacionales y provinciales que establecen la capacidad representativa de ATE y la aptitud para ejercer sus derechos sindicales.<\/p>\n\n\n\n<p>No existen razones para seguir marginando a nuestra organizaci\u00f3n sindical de la Mesa Paritaria Provincial, objetivo por el que seguiremos luchando en todos los frentes y con todas las herramientas a nuestro alcance acompa\u00f1ados por la mayor\u00eda de los trabajadores y trabajadores estatales que se sienten estafados por la sistem\u00e1tica defecci\u00f3n de los gremios que dicen ser sus \u00fanicos \u201crepresentantes\u201d.<\/p>\n\n\n\n<p><strong>Alerta y movilizaci\u00f3n<\/strong><\/p>\n\n\n\n<p>En consecuencia ATE declar\u00f3 ayer&nbsp;en una asamblea multitudinaria el estado de alerta asamblea y movilizaci\u00f3n y exigimos ser parte de la paritaria. As\u00ed fue informado hoy por nota a la gobernaci\u00f3n (adjunto), esperando una respuesta favorable a nuestro justo reclamo.<\/p>\n\n\n\n<p class=\"has-text-align-center\">Federico Giuliani, Secretario General de ATE C\u00f3rdoba<\/p>\n\n\n\n<p class=\"has-text-align-center\">Hugo Dur\u00e1n, Secretario Adjunto de ATE C\u00f3rdoba<\/p>\n\n\n<a href=\"https:\/\/atecordoba.org\/wp-content\/uploads\/2022\/04\/Intimacion-Gobernador.pdf\" class=\"pdfemb-viewer\" style=\"\" data-width=\"max\" data-height=\"max\" data-toolbar=\"bottom\" data-toolbar-fixed=\"off\">Intimacion-Gobernador<\/a>\n<p class=\"wp-block-pdfemb-pdf-embedder-viewer\"><\/p>\n","protected":false},"excerpt":{"rendered":"<p>La Asociaci\u00f3n Trabajadores del Estado (ATE-CTAA) C\u00f3rdoba sostiene que, a la luz de los acontecimientos, fue correcta su posici\u00f3n de pedir la reapertura urgente de la Paritaria Provincial reclamando un 60% de aumento salarial en una sola cuota, tras el vergonzoso acuerdo a la baja firmado por el \u201cUnicato Sindical\u201d, que ahora parece darse cuenta [&hellip;]<\/p>\n","protected":false},"author":7,"featured_media":31516,"comment_status":"open","ping_status":"open","sticky":false,"template":"","format":"standard","meta":{"_exactmetrics_skip_tracking":false,"_exactmetrics_sitenote_active":false,"_exactmetrics_sitenote_note":"","_exactmetrics_sitenote_category":0,"jnews-multi-image_gallery":[],"jnews_single_post":{"subtitle":"ATE exige ser parte de la paritaria y en una asamblea realizada ayer que encabez\u00f3 el secretario General Federico Giuliani se resolvi\u00f3 declarar el estado de alerta asamblea y movilizaci\u00f3n.","format":"standard","video":"","gallery":"","source_name":"","source_url":"","via_name":"","via_url":"","override_template":"0","override":[{"template":"1","single_blog_custom":"","parallax":"1","fullscreen":"1","layout":"right-sidebar","sidebar":"default-sidebar","second_sidebar":"default-sidebar","sticky_sidebar":"1","share_position":"top","share_float_style":"share-monocrhome","show_share_counter":"1","show_view_counter":"1","show_featured":"1","show_post_meta":"1","show_post_author":"1","show_post_author_image":"1","show_post_date":"1","post_date_format":"default","post_date_format_custom":"Y\/m\/d","show_post_category":"1","show_post_reading_time":"0","post_reading_time_wpm":"300","show_zoom_button":"0","zoom_button_out_step":"2","zoom_button_in_step":"3","show_post_tag":"1","show_prev_next_post":"1","show_popup_post":"1","number_popup_post":"1","show_author_box":"0","show_post_related":"0","show_inline_post_related":"0"}],"override_image_size":"0","image_override":[{"single_post_thumbnail_size":"crop-500","single_post_gallery_size":"crop-500"}],"trending_post":"0","trending_post_position":"meta","trending_post_label":"Trending","sponsored_post":"0","sponsored_post_label":"Sponsored by","sponsored_post_name":"","sponsored_post_url":"","sponsored_post_logo_enable":"0","sponsored_post_logo":"","sponsored_post_desc":"","disable_ad":"0"},"jnews_primary_category":{"id":""},"jnews_social_meta":{"fb_title":"Paritarias provinciales: la \u00fanica verdad es la realidad","fb_description":"","fb_image":"","twitter_title":"","twitter_description":"","twitter_image":""},"jnews_review":[],"enable_review":"0","type":"percentage","name":"","summary":"","brand":"","sku":"","good":[{"good_text":""}],"bad":[{"bad_text":""}],"score_override":"","override_value":"","rating":[{"rating_text":"","rating_number":"10"}],"price":[{"shop":"","price":"","link":"","icon":""}],"jnews_override_counter":{"override_view_counter":"0","view_counter_number":"0","override_share_counter":"0","share_counter_number":"0","override_like_counter":"0","like_counter_number":"0","override_dislike_counter":"0","dislike_counter_number":"0"},"jnews_post_split":{"enable_post_split":"0","post_split":[{"template":"1","tag":"h2","numbering":"asc","mode":"normal","first":"0","enable_toc":"0","toc_type":"normal"}]},"footnotes":""},"categories":[8],"tags":[383],"class_list":["post-31514","post","type-post","status-publish","format-standard","has-post-thumbnail","hentry","category-provinciales","tag-paritarias"],"jetpack_featured_media_url":"https:\/\/atecordoba.org\/wp-content\/uploads\/2022\/04\/IMG-20220420-WA0047-e1650466717189.jpg","_links":{"self":[{"href":"https:\/\/atecordoba.org\/index.php?rest_route=\/wp\/v2\/posts\/31514","targetHints":{"allow":["GET"]}}],"collection":[{"href":"https:\/\/atecordoba.org\/index.php?rest_route=\/wp\/v2\/posts"}],"about":[{"href":"https:\/\/atecordoba.org\/index.php?rest_route=\/wp\/v2\/types\/post"}],"author":[{"embeddable":true,"href":"https:\/\/atecordoba.org\/index.php?rest_route=\/wp\/v2\/users\/7"}],"replies":[{"embeddable":true,"href":"https:\/\/atecordoba.org\/index.php?rest_route=%2Fwp%2Fv2%2Fcomments&post=31514"}],"version-history":[{"count":3,"href":"https:\/\/atecordoba.org\/index.php?rest_route=\/wp\/v2\/posts\/31514\/revisions"}],"predecessor-version":[{"id":31519,"href":"https:\/\/atecordoba.org\/index.php?rest_route=\/wp\/v2\/posts\/31514\/revisions\/31519"}],"wp:featuredmedia":[{"embeddable":true,"href":"https:\/\/atecordoba.org\/index.php?rest_route=\/wp\/v2\/media\/31516"}],"wp:attachment":[{"href":"https:\/\/atecordoba.org\/index.php?rest_route=%2Fwp%2Fv2%2Fmedia&parent=31514"}],"wp:term":[{"taxonomy":"category","embeddable":true,"href":"https:\/\/atecordoba.org\/index.php?rest_route=%2Fwp%2Fv2%2Fcategories&post=31514"},{"taxonomy":"post_tag","embeddable":true,"href":"https:\/\/atecordoba.org\/index.php?rest_route=%2Fwp%2Fv2%2Ftags&post=31514"}],"curies":[{"name":"wp","href":"https:\/\/api.w.org\/{rel}","templated":true}]}}