{"id":31498,"date":"2022-04-20T10:24:29","date_gmt":"2022-04-20T13:24:29","guid":{"rendered":"https:\/\/atecordoba.org\/?p=31498"},"modified":"2022-04-20T10:24:34","modified_gmt":"2022-04-20T13:24:34","slug":"se-iniciaron-las-capacitaciones-a-la-conduccion-de-ate-cordoba-en-el-marco-de-la-ley-micaela","status":"publish","type":"post","link":"https:\/\/atecordoba.org\/?p=31498","title":{"rendered":"Se iniciaron las capacitaciones a la conducci\u00f3n de ATE C\u00f3rdoba en el marco de la Ley Micaela"},"content":{"rendered":"\n<div class=\"wp-block-image\"><figure class=\"aligncenter size-full is-resized\"><img loading=\"lazy\" decoding=\"async\" src=\"https:\/\/atecordoba.org\/wp-content\/uploads\/2022\/04\/ate-micaela-.jpg\" alt=\"\" class=\"wp-image-31499\" width=\"728\" height=\"481\" srcset=\"https:\/\/atecordoba.org\/wp-content\/uploads\/2022\/04\/ate-micaela-.jpg 971w, https:\/\/atecordoba.org\/wp-content\/uploads\/2022\/04\/ate-micaela--300x198.jpg 300w, https:\/\/atecordoba.org\/wp-content\/uploads\/2022\/04\/ate-micaela--768x507.jpg 768w, https:\/\/atecordoba.org\/wp-content\/uploads\/2022\/04\/ate-micaela--750x495.jpg 750w\" sizes=\"auto, (max-width: 728px) 100vw, 728px\" \/><figcaption>Giuliani y la conducci\u00f3n de ATE.<\/figcaption><\/figure><\/div>\n\n\n\n<p>En el marco del <a href=\"https:\/\/atecordoba.org\/?p=30302\">convenio entre la Facultad de Ciencias Sociales y ATE C\u00f3rdoba<\/a>, el martes 12 de abril comenz\u00f3 la primera jornada que integra una serie de capacitaciones sobre desigualdades y violencias de g\u00e9neros para la implementaci\u00f3n de la Ley Micaela en nuestra organizaci\u00f3n sindical.<\/p>\n\n\n\n<p>Las docentes Leticia Medina y Daniela Coseani son las encargadas de llevar adelante los encuentros, que en su primera edici\u00f3n cont\u00f3 con la participaci\u00f3n de la Comisi\u00f3n Directiva del Consejo Directivo Provincial, encabezada por el secretario General, Federico Giuliani, y el secretario General Adjunto, Hugo Dur\u00e1n.<\/p>\n\n\n\n<div class=\"wp-block-image\"><figure class=\"aligncenter size-full is-resized\"><img loading=\"lazy\" decoding=\"async\" src=\"https:\/\/atecordoba.org\/wp-content\/uploads\/2022\/04\/ate-micaela-1.jpg\" alt=\"\" class=\"wp-image-31500\" width=\"728\" height=\"481\" srcset=\"https:\/\/atecordoba.org\/wp-content\/uploads\/2022\/04\/ate-micaela-1.jpg 971w, https:\/\/atecordoba.org\/wp-content\/uploads\/2022\/04\/ate-micaela-1-300x198.jpg 300w, https:\/\/atecordoba.org\/wp-content\/uploads\/2022\/04\/ate-micaela-1-768x507.jpg 768w, https:\/\/atecordoba.org\/wp-content\/uploads\/2022\/04\/ate-micaela-1-750x495.jpg 750w\" sizes=\"auto, (max-width: 728px) 100vw, 728px\" \/><figcaption>Las formadoras.<\/figcaption><\/figure><\/div>\n\n\n\n<p>Tanto en esta primera, como en el resto de las jornadas, el programa prev\u00e9 trabajar conceptos claves para entender la dimensi\u00f3n estructural de la violencia: la triada sexo-g\u00e9nero-deseo y la construcci\u00f3n de identidades, los estereotipos y las normas, la interseccionalidad. De la misma forma, se aborda la divisi\u00f3n social y sexual del trabajo y las dimensiones de las violencias en espacios laborales, los cuidados y las m\u00faltiples violencias como categor\u00edas para reflexionar.<\/p>\n\n\n\n<p>El trabajo, en jornadas presenciales, se realizar\u00e1 con exposiciones, videos de relatos sobre categor\u00edas y experiencias, para ir de esa manera hacia una vida libre de violencia para mujeres y disidencias sexo gen\u00e9rica.<\/p>\n\n\n\n<figure class=\"wp-block-gallery has-nested-images columns-default is-cropped wp-block-gallery-1 is-layout-flex wp-block-gallery-is-layout-flex\">\n<figure class=\"wp-block-image size-large\"><img loading=\"lazy\" decoding=\"async\" width=\"971\" height=\"641\" data-id=\"31511\" src=\"https:\/\/atecordoba.org\/wp-content\/uploads\/2022\/04\/ate-micaela-10-3.jpg\" alt=\"\" class=\"wp-image-31511\" srcset=\"https:\/\/atecordoba.org\/wp-content\/uploads\/2022\/04\/ate-micaela-10-3.jpg 971w, https:\/\/atecordoba.org\/wp-content\/uploads\/2022\/04\/ate-micaela-10-3-300x198.jpg 300w, https:\/\/atecordoba.org\/wp-content\/uploads\/2022\/04\/ate-micaela-10-3-768x507.jpg 768w, https:\/\/atecordoba.org\/wp-content\/uploads\/2022\/04\/ate-micaela-10-3-750x495.jpg 750w\" sizes=\"auto, (max-width: 971px) 100vw, 971px\" \/><\/figure>\n\n\n\n<figure class=\"wp-block-image size-large\"><img decoding=\"async\" data-id=\"31509\" src=\"https:\/\/atecordoba.org\/wp-content\/uploads\/2022\/04\/ate_micaela-2.jpg\" alt=\"\" class=\"wp-image-31509\" \/><\/figure>\n\n\n\n<figure class=\"wp-block-image size-large\"><img loading=\"lazy\" decoding=\"async\" width=\"971\" height=\"641\" data-id=\"31506\" src=\"https:\/\/atecordoba.org\/wp-content\/uploads\/2022\/04\/ate-micaela-3.jpg\" alt=\"\" class=\"wp-image-31506\" srcset=\"https:\/\/atecordoba.org\/wp-content\/uploads\/2022\/04\/ate-micaela-3.jpg 971w, https:\/\/atecordoba.org\/wp-content\/uploads\/2022\/04\/ate-micaela-3-300x198.jpg 300w, https:\/\/atecordoba.org\/wp-content\/uploads\/2022\/04\/ate-micaela-3-768x507.jpg 768w, https:\/\/atecordoba.org\/wp-content\/uploads\/2022\/04\/ate-micaela-3-750x495.jpg 750w\" sizes=\"auto, (max-width: 971px) 100vw, 971px\" \/><\/figure>\n<\/figure>\n","protected":false},"excerpt":{"rendered":"<p>En el marco del convenio entre la Facultad de Ciencias Sociales y ATE C\u00f3rdoba, el martes 12 de abril comenz\u00f3 la primera jornada que integra una serie de capacitaciones sobre desigualdades y violencias de g\u00e9neros para la implementaci\u00f3n de la Ley Micaela en nuestra organizaci\u00f3n sindical. Las docentes Leticia Medina y Daniela Coseani son las [&hellip;]<\/p>\n","protected":false},"author":7,"featured_media":31509,"comment_status":"open","ping_status":"open","sticky":false,"template":"","format":"standard","meta":{"_exactmetrics_skip_tracking":false,"_exactmetrics_sitenote_active":false,"_exactmetrics_sitenote_note":"","_exactmetrics_sitenote_category":0,"jnews-multi-image_gallery":[],"jnews_single_post":{"subtitle":"A partir del convenio entre la Facultad de Ciencias Sociales de la UNC y el Consejo Directivo Provincial, el pasado martes 12 de abril comenz\u00f3 la primera jornada de una serie de talleres de formaci\u00f3n sobre desigualdades y violencias de g\u00e9neros, para la implementaci\u00f3n de la Ley Micaela en el sindicato.","format":"standard","video":"","gallery":"","source_name":"","source_url":"","via_name":"","via_url":"","override_template":"0","override":[{"template":"1","single_blog_custom":"","parallax":"1","fullscreen":"1","layout":"right-sidebar","sidebar":"default-sidebar","second_sidebar":"default-sidebar","sticky_sidebar":"1","share_position":"top","share_float_style":"share-monocrhome","show_share_counter":"1","show_view_counter":"1","show_featured":"1","show_post_meta":"1","show_post_author":"1","show_post_author_image":"1","show_post_date":"1","post_date_format":"default","post_date_format_custom":"Y\/m\/d","show_post_category":"1","show_post_reading_time":"0","post_reading_time_wpm":"300","show_zoom_button":"0","zoom_button_out_step":"2","zoom_button_in_step":"3","show_post_tag":"1","show_prev_next_post":"1","show_popup_post":"1","number_popup_post":"1","show_author_box":"0","show_post_related":"0","show_inline_post_related":"0"}],"override_image_size":"0","image_override":[{"single_post_thumbnail_size":"crop-500","single_post_gallery_size":"crop-500"}],"trending_post":"0","trending_post_position":"meta","trending_post_label":"Trending","sponsored_post":"0","sponsored_post_label":"Sponsored by","sponsored_post_name":"","sponsored_post_url":"","sponsored_post_logo_enable":"0","sponsored_post_logo":"","sponsored_post_desc":"","disable_ad":"0"},"jnews_primary_category":{"id":""},"jnews_social_meta":{"fb_title":"Formaci\u00f3n: Se iniciaron las capacitaciones a la conducci\u00f3n de ATE C\u00f3rdoba en el marco de la Ley Micaela ","fb_description":"","fb_image":"","twitter_title":"","twitter_description":"","twitter_image":""},"jnews_review":[],"enable_review":"0","type":"percentage","name":"","summary":"","brand":"","sku":"","good":[{"good_text":""}],"bad":[{"bad_text":""}],"score_override":"","override_value":"","rating":[{"rating_text":"","rating_number":"10"}],"price":[{"shop":"","price":"","link":"","icon":""}],"jnews_override_counter":{"override_view_counter":"0","view_counter_number":"0","override_share_counter":"0","share_counter_number":"0","override_like_counter":"0","like_counter_number":"0","override_dislike_counter":"0","dislike_counter_number":"0"},"jnews_post_split":{"enable_post_split":"0","post_split":[{"template":"1","tag":"h2","numbering":"asc","mode":"normal","first":"0","enable_toc":"0","toc_type":"normal"}]},"footnotes":""},"categories":[341,88,325],"tags":[930],"class_list":["post-31498","post","type-post","status-publish","format-standard","has-post-thumbnail","hentry","category-cdp","category-formacion","category-generos-y-diversidades","tag-ley-micaela"],"jetpack_featured_media_url":"https:\/\/atecordoba.org\/wp-content\/uploads\/2022\/04\/ate_micaela-2-e1650461004367.jpg","_links":{"self":[{"href":"https:\/\/atecordoba.org\/index.php?rest_route=\/wp\/v2\/posts\/31498","targetHints":{"allow":["GET"]}}],"collection":[{"href":"https:\/\/atecordoba.org\/index.php?rest_route=\/wp\/v2\/posts"}],"about":[{"href":"https:\/\/atecordoba.org\/index.php?rest_route=\/wp\/v2\/types\/post"}],"author":[{"embeddable":true,"href":"https:\/\/atecordoba.org\/index.php?rest_route=\/wp\/v2\/users\/7"}],"replies":[{"embeddable":true,"href":"https:\/\/atecordoba.org\/index.php?rest_route=%2Fwp%2Fv2%2Fcomments&post=31498"}],"version-history":[{"count":1,"href":"https:\/\/atecordoba.org\/index.php?rest_route=\/wp\/v2\/posts\/31498\/revisions"}],"predecessor-version":[{"id":31512,"href":"https:\/\/atecordoba.org\/index.php?rest_route=\/wp\/v2\/posts\/31498\/revisions\/31512"}],"wp:featuredmedia":[{"embeddable":true,"href":"https:\/\/atecordoba.org\/index.php?rest_route=\/wp\/v2\/media\/31509"}],"wp:attachment":[{"href":"https:\/\/atecordoba.org\/index.php?rest_route=%2Fwp%2Fv2%2Fmedia&parent=31498"}],"wp:term":[{"taxonomy":"category","embeddable":true,"href":"https:\/\/atecordoba.org\/index.php?rest_route=%2Fwp%2Fv2%2Fcategories&post=31498"},{"taxonomy":"post_tag","embeddable":true,"href":"https:\/\/atecordoba.org\/index.php?rest_route=%2Fwp%2Fv2%2Ftags&post=31498"}],"curies":[{"name":"wp","href":"https:\/\/api.w.org\/{rel}","templated":true}]}}