{"id":31481,"date":"2022-04-19T13:08:19","date_gmt":"2022-04-19T16:08:19","guid":{"rendered":"https:\/\/atecordoba.org\/?p=31481"},"modified":"2022-04-22T12:39:02","modified_gmt":"2022-04-22T15:39:02","slug":"se-presento-ayer-el-libro-de-carlos-rang-dialectica-de-la-guerra-interimperialista-una-perspectiva-geopolitica-desde-la-mirada-obrera","status":"publish","type":"post","link":"https:\/\/atecordoba.org\/?p=31481","title":{"rendered":"Se present\u00f3 ayer el libro de Carlos Rang &#8220;Dial\u00e9ctica de la Guerra Interimperialista&#8221;, una perspectiva geopol\u00edtica desde la mirada obrera"},"content":{"rendered":"\n<div class=\"wp-block-image\"><figure class=\"aligncenter size-large is-resized\"><img loading=\"lazy\" decoding=\"async\" src=\"https:\/\/atecordoba.org\/wp-content\/uploads\/2022\/04\/FB_IMG_1650320040609-1024x768.jpg\" alt=\"\" class=\"wp-image-31482\" width=\"768\" height=\"576\" srcset=\"https:\/\/atecordoba.org\/wp-content\/uploads\/2022\/04\/FB_IMG_1650320040609-1024x768.jpg 1024w, https:\/\/atecordoba.org\/wp-content\/uploads\/2022\/04\/FB_IMG_1650320040609-300x225.jpg 300w, https:\/\/atecordoba.org\/wp-content\/uploads\/2022\/04\/FB_IMG_1650320040609-768x576.jpg 768w, https:\/\/atecordoba.org\/wp-content\/uploads\/2022\/04\/FB_IMG_1650320040609-750x563.jpg 750w, https:\/\/atecordoba.org\/wp-content\/uploads\/2022\/04\/FB_IMG_1650320040609.jpg 1080w\" sizes=\"auto, (max-width: 768px) 100vw, 768px\" \/><\/figure><\/div>\n\n\n\n<p id=\"block-ef79ee73-f8a3-4650-9ae5-f7f781643067\">Frente al mundo movilizado por las grietas comerciales y militares que resquebrajan el status quo, donde salieron a la luz con la pandemia no solo los animales escondidos de nuestra mirada cotidiana sino tambi\u00e9n la profundas contradicciones y miserias que envuelven el sistema de producci\u00f3n y trabajo, un trabajador estatal como Carlos Rang tiene mucho para decir y lo plasm\u00f3 en su libro \u201cDial\u00e9ctica de la Guerra Interimperialista\u201d, con subt\u00edtulo \u2018La estrategia de los pueblos\u2019, donde aborda las tensiones que se cruzan, y a veces chocan, en un planeta siempre convulsionado.<\/p>\n\n\n\n<p id=\"block-c6bb2a49-9f4e-4039-87f4-b54f2952370a\">El libro tuvo presentaci\u00f3n y charla debate ayer por la tarde en sede del Consejo Directivo Provincial y cont\u00f3 con la participaci\u00f3n del compa\u00f1ero Rang, delegado ATE en la Secretaria de Agricultura Familiar, siempre en conflicto por la nula atenci\u00f3n del Estado con ese sector productivo fundamental para cubrir a buenos precios la mesa de las y los argentinos. La actividad sum\u00f3 la participaci\u00f3n de la secretaria de Prensa de ATE C\u00f3rdoba, Julia Giuliani, y del responsable del Departamento de Culturas, Mart\u00edn Cagnani.<\/p>\n\n\n\n<div class=\"wp-block-image\"><figure class=\"alignright size-large is-resized\"><img loading=\"lazy\" decoding=\"async\" src=\"https:\/\/atecordoba.org\/wp-content\/uploads\/2022\/04\/IMG-20220418-WA0126-1024x576.jpg\" alt=\"\" class=\"wp-image-31483\" width=\"512\" height=\"288\" srcset=\"https:\/\/atecordoba.org\/wp-content\/uploads\/2022\/04\/IMG-20220418-WA0126-1024x576.jpg 1024w, https:\/\/atecordoba.org\/wp-content\/uploads\/2022\/04\/IMG-20220418-WA0126-300x169.jpg 300w, https:\/\/atecordoba.org\/wp-content\/uploads\/2022\/04\/IMG-20220418-WA0126-768x432.jpg 768w, https:\/\/atecordoba.org\/wp-content\/uploads\/2022\/04\/IMG-20220418-WA0126-1536x864.jpg 1536w, https:\/\/atecordoba.org\/wp-content\/uploads\/2022\/04\/IMG-20220418-WA0126-750x422.jpg 750w, https:\/\/atecordoba.org\/wp-content\/uploads\/2022\/04\/IMG-20220418-WA0126-1140x641.jpg 1140w, https:\/\/atecordoba.org\/wp-content\/uploads\/2022\/04\/IMG-20220418-WA0126.jpg 1600w\" sizes=\"auto, (max-width: 512px) 100vw, 512px\" \/><\/figure><\/div>\n\n\n\n<p id=\"block-e2cfff53-8b55-4a7f-ad09-ebae75139898\">&#8220;La idea es que las y los trabajadores, no solo del sindicato sino del campo nacional y popular puedan tener su espacio de expresi\u00f3n acompa\u00f1ando distintos procesos culturales, sobre todo en este momento donde creemos que hay una batalla ideol\u00f3gica que claramente el enemigo nos viene ganando. Estas instancias formativas y de debate son fundamentales, as\u00ed como acompa\u00f1ar estos procesos culturales muchas veces autogestivos, que no tienen el acompa\u00f1amientos del Estado ni del sector privado. Como sujetos pol\u00edticos que aportamos a una transformaci\u00f3n real de nuestra sociedad lo hacemos porque nos parece fundamental para ese objetivo&#8221;, dijo Giuliani en su anticipo de la charla.<\/p>\n\n\n\n<p id=\"block-3ad7b877-50bf-46ba-b8b1-936df57e6e78\">Seg\u00fan cont\u00f3 Rang, el libro se termin\u00f3 de escribir en diciembre de 2020 y fue publicado en junio del &#8217;21, con arte de tapa de Ximena Mateo.<\/p>\n\n\n\n<p id=\"block-74d3ee06-09f7-40b4-a743-7d58bcdb0ec4\">&#8220;El libro es una conclusi\u00f3n del debate colectivo que venimos dando compa\u00f1eras y compa\u00f1eros hace mucho tiempo. No es una cuesti\u00f3n personal sino en conjunto. Tengo que agradecer el contacto de la <a href=\"https:\/\/clate.net\/\">CLATE<\/a> y el compa\u00f1ero boliviano Hugo Moldiz, que escribi\u00f3 el pr\u00f3logo, que continu\u00f3 con el ej\u00e9rcito del Che en su etapa boliviana y luego fue ministro de Evo Morales en su primera etapa&#8221;, anticip\u00f3 Rang.<\/p>\n\n\n\n<p id=\"block-db8f947b-89e5-4b1d-a18f-9c0d2161914c\">El libro pone en palabras una situaci\u00f3n que est\u00e1 viviendo el mundo y trata de explicar la crisis estructural del sistema capitalista y que hay una posibilidad concreta de la clase trabajadora para emerger como sujeto hist\u00f3rico para construir la fuerza necesaria para ejercer el poder.<\/p>\n\n\n\n<p id=\"block-7bd047fa-b742-4ccf-a87d-da0bc0f886c1\">&#8220;Vamos a los sindicatos, los movimientos sociales a contar esto porque en este momento que est\u00e1 en juego la hegemon\u00eda global del sistema, con una guerra nueva, de tipo h\u00edbrida pero guerra al fin, hay una oportunidad para que emerjan los de abajo. Ya en otros tiempos, cuando hubo guerras interimperialistas los pueblo pudieron crear condiciones para emerger y presentar un proyecto. La clase obrera puedo acaudillar ese proyecto y generar las condiciones de la toma del poder, por eso es muy interesante y complejo el momento que vivimos. Se est\u00e1n produciendo cambios hist\u00f3ricos que jam\u00e1s hab\u00edamos pensado que se iban a dar y el sistema capitalista -esta criatura que inventamos los humanos- solo puede destruirnos o superarse con algo nuevo. De eso va el libro, intentar describir qu\u00e9 es el sistema capitalista hoy, as\u00ed como la civilizaci\u00f3n basada en el lucro, la obsolescencia programada, la cancelaci\u00f3n, el trabajo improductivo, que debemos superar para pasar a la historia, como pasaron otros ciclos, otras relaciones de producci\u00f3n&#8221;, afirm\u00f3 Rang.<\/p>\n\n\n\n<p id=\"block-d1b971ab-6422-4c95-86f2-a87909ae7329\">La conferencia se extendi\u00f3 por hora y media y puede verse de forma \u00edntegra ingresando <a href=\"https:\/\/www.facebook.com\/atecba\/videos\/391780665918959\/\">aqu\u00ed<\/a>.<\/p>\n\n\n\n<figure class=\"wp-block-gallery has-nested-images columns-default is-cropped wp-block-gallery-1 is-layout-flex wp-block-gallery-is-layout-flex\">\n<figure class=\"wp-block-image size-large\"><img loading=\"lazy\" decoding=\"async\" width=\"1024\" height=\"576\" data-id=\"31486\" src=\"https:\/\/atecordoba.org\/wp-content\/uploads\/2022\/04\/IMG-20220418-WA0129-1024x576.jpg\" alt=\"\" class=\"wp-image-31486\" srcset=\"https:\/\/atecordoba.org\/wp-content\/uploads\/2022\/04\/IMG-20220418-WA0129-1024x576.jpg 1024w, https:\/\/atecordoba.org\/wp-content\/uploads\/2022\/04\/IMG-20220418-WA0129-300x169.jpg 300w, https:\/\/atecordoba.org\/wp-content\/uploads\/2022\/04\/IMG-20220418-WA0129-768x432.jpg 768w, https:\/\/atecordoba.org\/wp-content\/uploads\/2022\/04\/IMG-20220418-WA0129-1536x864.jpg 1536w, https:\/\/atecordoba.org\/wp-content\/uploads\/2022\/04\/IMG-20220418-WA0129-750x422.jpg 750w, https:\/\/atecordoba.org\/wp-content\/uploads\/2022\/04\/IMG-20220418-WA0129-1140x641.jpg 1140w, https:\/\/atecordoba.org\/wp-content\/uploads\/2022\/04\/IMG-20220418-WA0129.jpg 1600w\" sizes=\"auto, (max-width: 1024px) 100vw, 1024px\" \/><\/figure>\n\n\n\n<figure class=\"wp-block-image size-large\"><img loading=\"lazy\" decoding=\"async\" width=\"1024\" height=\"558\" data-id=\"31485\" src=\"https:\/\/atecordoba.org\/wp-content\/uploads\/2022\/04\/IMG-20220418-WA0127-1024x558.jpg\" alt=\"\" class=\"wp-image-31485\" srcset=\"https:\/\/atecordoba.org\/wp-content\/uploads\/2022\/04\/IMG-20220418-WA0127-1024x558.jpg 1024w, https:\/\/atecordoba.org\/wp-content\/uploads\/2022\/04\/IMG-20220418-WA0127-300x163.jpg 300w, https:\/\/atecordoba.org\/wp-content\/uploads\/2022\/04\/IMG-20220418-WA0127-768x418.jpg 768w, https:\/\/atecordoba.org\/wp-content\/uploads\/2022\/04\/IMG-20220418-WA0127-750x408.jpg 750w, https:\/\/atecordoba.org\/wp-content\/uploads\/2022\/04\/IMG-20220418-WA0127-1140x621.jpg 1140w, https:\/\/atecordoba.org\/wp-content\/uploads\/2022\/04\/IMG-20220418-WA0127.jpg 1280w\" sizes=\"auto, (max-width: 1024px) 100vw, 1024px\" \/><\/figure>\n<\/figure>\n\n\n\n<h2 class=\"wp-block-heading\"><\/h2>\n","protected":false},"excerpt":{"rendered":"<p>Frente al mundo movilizado por las grietas comerciales y militares que resquebrajan el status quo, donde salieron a la luz con la pandemia no solo los animales escondidos de nuestra mirada cotidiana sino tambi\u00e9n la profundas contradicciones y miserias que envuelven el sistema de producci\u00f3n y trabajo, un trabajador estatal como Carlos Rang tiene mucho [&hellip;]<\/p>\n","protected":false},"author":7,"featured_media":31487,"comment_status":"open","ping_status":"open","sticky":false,"template":"","format":"standard","meta":{"_exactmetrics_skip_tracking":false,"_exactmetrics_sitenote_active":false,"_exactmetrics_sitenote_note":"","_exactmetrics_sitenote_category":0,"jnews-multi-image_gallery":[],"jnews_single_post":{"subtitle":"El autor disert\u00f3 sobre el aporte que realiza la obra para el an\u00e1lisis del momento hist\u00f3rico. ","format":"standard","video":"","gallery":"","source_name":"","source_url":"","via_name":"","via_url":"","override_template":"0","override":[{"template":"1","single_blog_custom":"","parallax":"1","fullscreen":"1","layout":"right-sidebar","sidebar":"default-sidebar","second_sidebar":"default-sidebar","sticky_sidebar":"1","share_position":"top","share_float_style":"share-monocrhome","show_share_counter":"1","show_view_counter":"1","show_featured":"1","show_post_meta":"1","show_post_author":"1","show_post_author_image":"1","show_post_date":"1","post_date_format":"default","post_date_format_custom":"Y\/m\/d","show_post_category":"1","show_post_reading_time":"0","post_reading_time_wpm":"300","show_zoom_button":"0","zoom_button_out_step":"2","zoom_button_in_step":"3","show_post_tag":"1","show_prev_next_post":"1","show_popup_post":"1","number_popup_post":"1","show_author_box":"0","show_post_related":"0","show_inline_post_related":"0"}],"override_image_size":"0","image_override":[{"single_post_thumbnail_size":"crop-500","single_post_gallery_size":"crop-500"}],"trending_post":"0","trending_post_position":"meta","trending_post_label":"Trending","sponsored_post":"0","sponsored_post_label":"Sponsored by","sponsored_post_name":"","sponsored_post_url":"","sponsored_post_logo_enable":"0","sponsored_post_logo":"","sponsored_post_desc":"","disable_ad":"0"},"jnews_primary_category":{"id":""},"jnews_social_meta":{"fb_title":"Culturas: Se present\u00f3 ayer el libro de Carlos Rang \"Dial\u00e9ctica de la Guerra Interimperialista\", una perspectiva geopol\u00edtica desde la mirada obrera","fb_description":"","fb_image":"","twitter_title":"","twitter_description":"","twitter_image":""},"jnews_review":[],"enable_review":"0","type":"percentage","name":"","summary":"","brand":"","sku":"","good":[{"good_text":""}],"bad":[{"bad_text":""}],"score_override":"","override_value":"","rating":[{"rating_text":"","rating_number":"10"}],"price":[{"shop":"","price":"","link":"","icon":""}],"jnews_override_counter":{"override_view_counter":"0","view_counter_number":"0","override_share_counter":"0","share_counter_number":"0","override_like_counter":"0","like_counter_number":"0","override_dislike_counter":"0","dislike_counter_number":"0"},"jnews_post_split":{"enable_post_split":"0","post_split":[{"template":"1","tag":"h2","numbering":"asc","mode":"normal","first":"0","enable_toc":"0","toc_type":"normal"}]},"footnotes":""},"categories":[972],"tags":[959,1087],"class_list":["post-31481","post","type-post","status-publish","format-standard","has-post-thumbnail","hentry","category-culturas","tag-carlos-rang","tag-presentacion-libro"],"jetpack_featured_media_url":"https:\/\/atecordoba.org\/wp-content\/uploads\/2022\/04\/IMG-20220418-WA0123-e1650384270838.jpg","_links":{"self":[{"href":"https:\/\/atecordoba.org\/index.php?rest_route=\/wp\/v2\/posts\/31481","targetHints":{"allow":["GET"]}}],"collection":[{"href":"https:\/\/atecordoba.org\/index.php?rest_route=\/wp\/v2\/posts"}],"about":[{"href":"https:\/\/atecordoba.org\/index.php?rest_route=\/wp\/v2\/types\/post"}],"author":[{"embeddable":true,"href":"https:\/\/atecordoba.org\/index.php?rest_route=\/wp\/v2\/users\/7"}],"replies":[{"embeddable":true,"href":"https:\/\/atecordoba.org\/index.php?rest_route=%2Fwp%2Fv2%2Fcomments&post=31481"}],"version-history":[{"count":2,"href":"https:\/\/atecordoba.org\/index.php?rest_route=\/wp\/v2\/posts\/31481\/revisions"}],"predecessor-version":[{"id":31610,"href":"https:\/\/atecordoba.org\/index.php?rest_route=\/wp\/v2\/posts\/31481\/revisions\/31610"}],"wp:featuredmedia":[{"embeddable":true,"href":"https:\/\/atecordoba.org\/index.php?rest_route=\/wp\/v2\/media\/31487"}],"wp:attachment":[{"href":"https:\/\/atecordoba.org\/index.php?rest_route=%2Fwp%2Fv2%2Fmedia&parent=31481"}],"wp:term":[{"taxonomy":"category","embeddable":true,"href":"https:\/\/atecordoba.org\/index.php?rest_route=%2Fwp%2Fv2%2Fcategories&post=31481"},{"taxonomy":"post_tag","embeddable":true,"href":"https:\/\/atecordoba.org\/index.php?rest_route=%2Fwp%2Fv2%2Ftags&post=31481"}],"curies":[{"name":"wp","href":"https:\/\/api.w.org\/{rel}","templated":true}]}}