{"id":31474,"date":"2022-04-19T12:07:29","date_gmt":"2022-04-19T15:07:29","guid":{"rendered":"https:\/\/atecordoba.org\/?p=31474"},"modified":"2023-03-27T13:01:13","modified_gmt":"2023-03-27T16:01:13","slug":"se-presenta-en-ate-el-libro-de-cuentos-la-otra-piel-de-sebastian-maturano","status":"publish","type":"post","link":"https:\/\/atecordoba.org\/?p=31474","title":{"rendered":"Se presenta hoy en ATE el libro de cuentos La Otra Piel, de Sebasti\u00e1n Maturano"},"content":{"rendered":"\n<div class=\"wp-block-image\"><figure class=\"alignleft size-large is-resized\"><img loading=\"lazy\" decoding=\"async\" src=\"https:\/\/atecordoba.org\/wp-content\/uploads\/2022\/04\/flyer-libro-seba-maturano-984x1024.jpeg\" alt=\"\" class=\"wp-image-31475\" width=\"492\" height=\"512\" \/><\/figure><\/div>\n\n\n\n<p>En el marco de las actividades que impulsa el Departamento de Culturas del Consejo Directivo Provincial,  hoy mi\u00e9rcoles 20 de abril a las 19.30 horas, se presentar\u00e1 en el Auditorio H\u00e9ctor Castro de la ATE C\u00f3rdoba, el libro de cuentos La Otra Piel, del escritor mendocino Sebasti\u00e1n Maturano.<\/p>\n\n\n\n<p>El texto re\u00fane siete relatos ubicados en un periodo que va desde mediados de la d\u00e9cada del noventa hasta principios de 2010, y tienen como escenario principal las ciudades de C\u00f3rdoba y Mendoza. <\/p>\n\n\n\n<p>Maturano es un escritor joven interesado por mirar la realidad evitando los lugares comunes y explorando con mirada cr\u00edtica los bordes de una sociedad que no alcanza a conformar un espacio com\u00fan. <\/p>\n\n\n\n<p>\u201cPersonajes j\u00f3venes de actitud punk que viven a la deriva, conducidos al margen, a la locura y a la violencia, intentan llevar adelante sus vidas inventando extra\u00f1as maneras de sobrevivencia\u201d,&nbsp;anticipa la editorial Borde Perdido, que publica la obra.<\/p>\n\n\n\n<p>El autor estudi\u00f3 en la Escuela de Bellas Artes de la ciudad de Mendoza y en la carrera de Artes Visuales de la Universidad Nacional de Cuyo. Lleva publicados, en historieta, El descanso del plant\u00edgrado (Llanto de mudo, 2014), en poes\u00eda, Nocturnos (D\u00ednamo Po\u00e9tico, 2015) y, en narrativa, Diario de la fobia (Borde Perdido, 2020).<\/p>\n\n\n\n<p>Adem\u00e1s, se desempe\u00f1a como editor de libros y dise\u00f1ador gr\u00e1fico. Desde 2013 lleva adelante el sello de arte y literatura Borde Perdido Editora.<\/p>\n\n\n\n<p>La presentaci\u00f3n de La Otra Piel contar\u00e1 con el acompa\u00f1amiento del novelista Diego Vigna. La entrada es libre y gratuita y est\u00e1n invitados todas y todos los estatales a pasar un buen momento de disfrute y cultura en ATE. <\/p>\n\n\n\n<p>Para explorar la escritura de Maturano ingresar <a href=\"https:\/\/sebastianmaturano.wordpress.com\/2022\/04\/07\/lucia-punk-fragmento\/\">aqu\u00ed<\/a>.<\/p>\n","protected":false},"excerpt":{"rendered":"<p>En el marco de las actividades que impulsa el Departamento de Culturas del Consejo Directivo Provincial, hoy mi\u00e9rcoles 20 de abril a las 19.30 horas, se presentar\u00e1 en el Auditorio H\u00e9ctor Castro de la ATE C\u00f3rdoba, el libro de cuentos La Otra Piel, del escritor mendocino Sebasti\u00e1n Maturano. El texto re\u00fane siete relatos ubicados en [&hellip;]<\/p>\n","protected":false},"author":7,"featured_media":31475,"comment_status":"open","ping_status":"open","sticky":false,"template":"","format":"standard","meta":{"_exactmetrics_skip_tracking":false,"_exactmetrics_sitenote_active":false,"_exactmetrics_sitenote_note":"","_exactmetrics_sitenote_category":0,"jnews-multi-image_gallery":[],"jnews_single_post":{"subtitle":"La actividad se llevar\u00e1 este mi\u00e9rcoles 20 de abril a las 19.30 horas, en sede del Consejo Directivo Provincial, Entre R\u00edos 450.","format":"standard","video":"","gallery":"","source_name":"","source_url":"","via_name":"","via_url":"","override_template":"0","override":[{"template":"1","single_blog_custom":"","parallax":"1","fullscreen":"1","layout":"right-sidebar","sidebar":"default-sidebar","second_sidebar":"default-sidebar","sticky_sidebar":"1","share_position":"top","share_float_style":"share-monocrhome","show_share_counter":"1","show_view_counter":"1","show_featured":"1","show_post_meta":"1","show_post_author":"1","show_post_author_image":"1","show_post_date":"1","post_date_format":"default","post_date_format_custom":"Y\/m\/d","show_post_category":"1","show_post_reading_time":"0","post_reading_time_wpm":"300","show_zoom_button":"0","zoom_button_out_step":"2","zoom_button_in_step":"3","show_post_tag":"1","show_prev_next_post":"1","show_popup_post":"1","number_popup_post":"1","show_author_box":"0","show_post_related":"0","show_inline_post_related":"0"}],"override_image_size":"0","image_override":[{"single_post_thumbnail_size":"crop-500","single_post_gallery_size":"crop-500"}],"trending_post":"0","trending_post_position":"meta","trending_post_label":"Trending","sponsored_post":"0","sponsored_post_label":"Sponsored by","sponsored_post_name":"","sponsored_post_url":"","sponsored_post_logo_enable":"0","sponsored_post_logo":"","sponsored_post_desc":"","disable_ad":"0"},"jnews_primary_category":{"id":""},"jnews_social_meta":{"fb_title":"Culturas: Se presenta hoy en ATE el libro de cuentos La Otra Piel de Sebasti\u00e1n Maturano","fb_description":"","fb_image":"","twitter_title":"","twitter_description":"","twitter_image":""},"jnews_review":[],"enable_review":"0","type":"percentage","name":"","summary":"","brand":"","sku":"","good":[{"good_text":""}],"bad":[{"bad_text":""}],"score_override":"","override_value":"","rating":[{"rating_text":"","rating_number":"10"}],"price":[{"shop":"","price":"","link":"","icon":""}],"jnews_override_counter":{"override_view_counter":"0","view_counter_number":"0","override_share_counter":"0","share_counter_number":"0","override_like_counter":"0","like_counter_number":"0","override_dislike_counter":"0","dislike_counter_number":"0"},"jnews_post_split":{"enable_post_split":"0","post_split":[{"template":"1","tag":"h2","numbering":"asc","mode":"normal","first":"0","enable_toc":"0","toc_type":"normal"}]},"footnotes":""},"categories":[972],"tags":[1087,1088],"class_list":["post-31474","post","type-post","status-publish","format-standard","has-post-thumbnail","hentry","category-culturas","tag-presentacion-libro","tag-sebastian-maturano"],"jetpack_featured_media_url":"https:\/\/atecordoba.org\/wp-content\/uploads\/2022\/04\/flyer-libro-seba-maturano-e1650380717422.jpeg","_links":{"self":[{"href":"https:\/\/atecordoba.org\/index.php?rest_route=\/wp\/v2\/posts\/31474","targetHints":{"allow":["GET"]}}],"collection":[{"href":"https:\/\/atecordoba.org\/index.php?rest_route=\/wp\/v2\/posts"}],"about":[{"href":"https:\/\/atecordoba.org\/index.php?rest_route=\/wp\/v2\/types\/post"}],"author":[{"embeddable":true,"href":"https:\/\/atecordoba.org\/index.php?rest_route=\/wp\/v2\/users\/7"}],"replies":[{"embeddable":true,"href":"https:\/\/atecordoba.org\/index.php?rest_route=%2Fwp%2Fv2%2Fcomments&post=31474"}],"version-history":[{"count":7,"href":"https:\/\/atecordoba.org\/index.php?rest_route=\/wp\/v2\/posts\/31474\/revisions"}],"predecessor-version":[{"id":36361,"href":"https:\/\/atecordoba.org\/index.php?rest_route=\/wp\/v2\/posts\/31474\/revisions\/36361"}],"wp:featuredmedia":[{"embeddable":true,"href":"https:\/\/atecordoba.org\/index.php?rest_route=\/wp\/v2\/media\/31475"}],"wp:attachment":[{"href":"https:\/\/atecordoba.org\/index.php?rest_route=%2Fwp%2Fv2%2Fmedia&parent=31474"}],"wp:term":[{"taxonomy":"category","embeddable":true,"href":"https:\/\/atecordoba.org\/index.php?rest_route=%2Fwp%2Fv2%2Fcategories&post=31474"},{"taxonomy":"post_tag","embeddable":true,"href":"https:\/\/atecordoba.org\/index.php?rest_route=%2Fwp%2Fv2%2Ftags&post=31474"}],"curies":[{"name":"wp","href":"https:\/\/api.w.org\/{rel}","templated":true}]}}